{"id":10763,"date":"2023-05-23T06:45:46","date_gmt":"2023-05-23T06:45:46","guid":{"rendered":"https:\/\/bacusevents.com\/pae\/"},"modified":"2024-05-01T05:56:34","modified_gmt":"2024-05-01T05:56:34","slug":"pae","status":"publish","type":"post","link":"https:\/\/bacusevents.com\/ca\/pae\/","title":{"rendered":"#PAE"},"content":{"rendered":"<div style='padding-bottom:20px; font-size:40px;' class='av-special-heading av-special-heading-h2  blockquote modern-quote modern-centered  avia-builder-el-0  el_before_av_textblock  avia-builder-el-first   av-inherit-size '><h2 class='av-special-heading-tag '  itemprop=\"headline\"  >#PAE: Un montador ha tenido un accidente en el montaje: \u00bfQu\u00e9 debo saber y hacer? \u00bfCu\u00e1l es mi responsabilidad?  <\/h2><div class='special-heading-border'><div class='special-heading-inner-border' ><\/div><\/div><\/div>\n<section class=\"av_textblock_section \"  itemscope=\"itemscope\" itemtype=\"https:\/\/schema.org\/BlogPosting\" itemprop=\"blogPost\" ><div class='avia_textblock  '   itemprop=\"text\" ><p><span style=\"font-family: graphik-regular;\">Abans de comen\u00e7ar qualsevol treball relacionat amb el muntatge, cal planificar i establir els protocols necessaris per saber com actuar en cas de qualsevol tipus d&#8217;accident. D&#8217;altra banda, \u00e9s recomanable con\u00e8ixer la m\u00fatua d&#8217;accidents de cada empresa per poder actuar r\u00e0pid, sent al n\u00famero 24 hores que totes disposen al que cal trucar per comunicar el que ha passat i facilitar les dades del treballador, aix\u00ed com per con\u00e8ixer el centre de atenci\u00f3 (en cas d&#8217;accident lleu) a qu\u00e8 traslladar-lo (aix\u00f2 podr\u00e0 ser realitzat tamb\u00e9 per la pr\u00f2pia empresa).<\/span><\/p>\n<p>          <span style=\"font-family: graphik-regular;\"><br \/>\n            <!--more--><br \/>\n          <\/span><\/p>\n<\/div><\/section>\n<div  data-size='featured'  data-lightbox_size='large'  data-animation='slide'  data-conditional_play=''  data-ids='6225'  data-video_counter='0'  data-autoplay='false'  data-bg_slider='false'  data-slide_height=''  data-handle='av_slideshow'  data-interval='5'  data-class=' avia-builder-el-2  el_after_av_textblock  el_before_av_one_full   '  data-css_id=''  data-scroll_down=''  data-control_layout='av-control-default'  data-custom_markup=''  data-perma_caption=''  data-autoplay_stopper=''  data-image_attachment=''  data-min_height='0px'  data-default-height='28.666666666667'  class='avia-slideshow avia-slideshow-1  av-control-default av-default-height-applied avia-slideshow-featured av_slideshow  avia-builder-el-2  el_after_av_textblock  el_before_av_one_full    avia-slide-slider '  itemprop=\"image\" itemscope=\"itemscope\" itemtype=\"https:\/\/schema.org\/ImageObject\" ><ul class='avia-slideshow-inner ' style='padding-bottom: 34.455128205128%;' ><li  class=' av-single-slide slide-1 ' ><div data-rel='slideshow-1' class='avia-slide-wrap '   ><img src='https:\/\/bacusevents.com\/wp-content\/uploads\/2023\/05\/Bacus-Events-News-seguridad-en-el-trabajo-1-1248x430.jpg' width='1248' height='430' title='Bacus Events - News - seguridad en el trabajo' alt=''  itemprop=\"thumbnailUrl\"   \/><\/div><\/li><\/ul><\/div>\n<div class=\"flex_column av_one_full  flex_column_div av-zero-column-padding first  avia-builder-el-3  el_after_av_slideshow  el_before_av_one_full  \" style='border-radius:0px; '><section class=\"av_textblock_section \"  itemscope=\"itemscope\" itemtype=\"https:\/\/schema.org\/BlogPosting\" itemprop=\"blogPost\" ><div class='avia_textblock  '   itemprop=\"text\" ><p><span style=\"font-family: graphik-regular;\">En cas de disposar de personal espec\u00edfic de primers auxilis, ser\u00e0 at\u00e8s per aquest professional en un primer moment. En cas d&#8217;accident greu o molt greu, cal trucar al 112 i coordinar l&#8217;arribada d&#8217;aquest ajut extern.<\/span><\/p>\n<p>          <span style=\"font-family: graphik-regular;\">Les responsabilitats varien en funci\u00f3 de l&#8217;organitzaci\u00f3, la planificaci\u00f3 i la implantaci\u00f3 de les mesures preventives necess\u00e0ries per poder dur a terme els treballs de manera segura. El que \u00e9s clar \u00e9s que al contractista li toca \u201cvigilar\u201d el subcontractista, i, per tant, les responsabilitats es reparteixen en cas d&#8217;accident. L&#8217;important \u00e9s planificar i implantar les mesures necess\u00e0ries i assegurar-se que els treballadors les compleixin, deixant const\u00e0ncia per escrit ja que \u00e9s l&#8217;\u00fanica cosa que posteriorment valdr\u00e0 davant la inspecci\u00f3 de treball o un hipot\u00e8tic judici en cas que s&#8217;obri expedient penal en haver-hi indicis o dubtes raonables davant d&#8217;una omissi\u00f3 de funcions i obligacions de totes les figures de l&#8217;organigrama de subcontractaci\u00f3.<\/span><\/p>\n<p>          <span style=\"font-family: graphik-regular;\">\u00c9s a dir, a m\u00e9s de responsabilitats civils i administratives, hi pot haver penals, per la qual cosa \u00e9s essencial complir el que estableix el Reial decret 171\/2004, pel qual es desenvolupa l&#8217;article 24 de la Llei 31\/1995, de prevenci\u00f3 de riscos Laborals, en mat\u00e8ria de Coordinaci\u00f3 d\u00b4Activitats Empres\u00e0ria.<\/span><\/p>\n<p>          <span style=\"font-family: graphik-regular;\">Font &#8211; https:\/\/www.eventoplus.com\/preguntale-al-experto\/pae-un-montador-ha-tenido-un-accidente-en-el-montaje-que-debo-saber-y-hacer-cual- \u00e9s-la meva-responsabilitat\/<\/span><\/p>\n<\/div><\/section><\/div>\n<div class=\"flex_column av_one_full  flex_column_div av-zero-column-padding first  avia-builder-el-5  el_after_av_one_full  avia-builder-el-last  column-top-margin\" style='border-radius:0px; '><div class='avia-button-wrap avia-button-center  avia-builder-el-6  avia-builder-el-no-sibling  '><a href='javascript: history.go(-1)'  class='avia-button   avia-icon_select-yes-left-icon avia-color-black avia-size-medium avia-position-center '   ><span class='avia_button_icon avia_button_icon_left ' aria-hidden='true' data-av_icon='\ue880' data-av_iconfont='entypo-fontello'><\/span><span class='avia_iconbox_title' >Enrere<\/span><\/a><\/div><\/div>\n","protected":false},"excerpt":{"rendered":"<p>Abans de comen\u00e7ar qualsevol treball relacionat amb el muntatge, cal planificar i establir els protocols necessaris per saber com actuar en cas de qualsevol tipus d&#8217;accident. D&#8217;altra banda, \u00e9s recomanable con\u00e8ixer la m\u00fatua d&#8217;accidents de cada empresa per poder actuar r\u00e0pid, sent al n\u00famero 24 hores que totes disposen al que cal trucar per comunicar [&hellip;]<\/p>\n","protected":false},"author":3,"featured_media":9693,"comment_status":"closed","ping_status":"closed","sticky":false,"template":"","format":"standard","meta":{"footnotes":""},"categories":[143,142,185],"tags":[149,186],"class_list":["post-10763","post","type-post","status-publish","format-standard","has-post-thumbnail","hentry","category-esdeveniments","category-news-ca-2","category-seguretat","tag-esdeveniments","tag-seguretat"],"yoast_head":"<!-- This site is optimized with the Yoast SEO Premium plugin v27.0 (Yoast SEO v27.5) - https:\/\/yoast.com\/product\/yoast-seo-premium-wordpress\/ -->\n<title>#PAE - Bacus Events - Creaci\u00f3n y Organizaci\u00f3n de Eventos<\/title>\n<meta name=\"robots\" content=\"index, follow, max-snippet:-1, max-image-preview:large, max-video-preview:-1\" \/>\n<link rel=\"canonical\" href=\"https:\/\/bacusevents.com\/ca\/pae\/\" \/>\n<meta property=\"og:locale\" content=\"ca_ES\" \/>\n<meta property=\"og:type\" content=\"article\" \/>\n<meta property=\"og:title\" content=\"#PAE\" \/>\n<meta property=\"og:description\" content=\"Abans de comen\u00e7ar qualsevol treball relacionat amb el muntatge, cal planificar i establir els protocols necessaris per saber com actuar en cas de qualsevol tipus d&#8217;accident. D&#8217;altra banda, \u00e9s recomanable con\u00e8ixer la m\u00fatua d&#8217;accidents de cada empresa per poder actuar r\u00e0pid, sent al n\u00famero 24 hores que totes disposen al que cal trucar per comunicar [&hellip;]\" \/>\n<meta property=\"og:url\" content=\"https:\/\/bacusevents.com\/ca\/pae\/\" \/>\n<meta property=\"og:site_name\" content=\"Bacus Events - Creaci\u00f3n y Organizaci\u00f3n de Eventos\" \/>\n<meta property=\"article:publisher\" content=\"https:\/\/www.facebook.com\/BacusEventos\" \/>\n<meta property=\"article:published_time\" content=\"2023-05-23T06:45:46+00:00\" \/>\n<meta property=\"article:modified_time\" content=\"2024-05-01T05:56:34+00:00\" \/>\n<meta property=\"og:image\" content=\"https:\/\/bacusevents.com\/wp-content\/uploads\/2023\/05\/Bacus-Events-News-seguridad-en-el-trabajo-1.jpg\" \/>\n\t<meta property=\"og:image:width\" content=\"1248\" \/>\n\t<meta property=\"og:image:height\" content=\"698\" \/>\n\t<meta property=\"og:image:type\" content=\"image\/jpeg\" \/>\n<meta name=\"author\" content=\"Valentina\" \/>\n<meta name=\"twitter:card\" content=\"summary_large_image\" \/>\n<meta name=\"twitter:label1\" content=\"Escrit per\" \/>\n\t<meta name=\"twitter:data1\" content=\"Valentina\" \/>\n\t<meta name=\"twitter:label2\" content=\"Temps estimat de lectura\" \/>\n\t<meta name=\"twitter:data2\" content=\"4 minuts\" \/>\n<script type=\"application\/ld+json\" class=\"yoast-schema-graph\">{\"@context\":\"https:\\\/\\\/schema.org\",\"@graph\":[{\"@type\":\"Article\",\"@id\":\"https:\\\/\\\/bacusevents.com\\\/ca\\\/pae\\\/#article\",\"isPartOf\":{\"@id\":\"https:\\\/\\\/bacusevents.com\\\/ca\\\/pae\\\/\"},\"author\":{\"name\":\"Valentina\",\"@id\":\"https:\\\/\\\/bacusevents.com\\\/ca\\\/#\\\/schema\\\/person\\\/1bceb1ffde896ddf77b1c58f2d314e59\"},\"headline\":\"#PAE\",\"datePublished\":\"2023-05-23T06:45:46+00:00\",\"dateModified\":\"2024-05-01T05:56:34+00:00\",\"mainEntityOfPage\":{\"@id\":\"https:\\\/\\\/bacusevents.com\\\/ca\\\/pae\\\/\"},\"wordCount\":712,\"publisher\":{\"@id\":\"https:\\\/\\\/bacusevents.com\\\/ca\\\/#organization\"},\"image\":{\"@id\":\"https:\\\/\\\/bacusevents.com\\\/ca\\\/pae\\\/#primaryimage\"},\"thumbnailUrl\":\"https:\\\/\\\/bacusevents.com\\\/wp-content\\\/uploads\\\/2023\\\/05\\\/Bacus-Events-News-seguridad-en-el-trabajo-1.jpg\",\"keywords\":[\"esdeveniments\",\"seguretat\"],\"articleSection\":[\"Esdeveniments\",\"News\",\"Seguretat\"],\"inLanguage\":\"ca\"},{\"@type\":\"WebPage\",\"@id\":\"https:\\\/\\\/bacusevents.com\\\/ca\\\/pae\\\/\",\"url\":\"https:\\\/\\\/bacusevents.com\\\/ca\\\/pae\\\/\",\"name\":\"#PAE - Bacus Events - Creaci\u00f3n y Organizaci\u00f3n de Eventos\",\"isPartOf\":{\"@id\":\"https:\\\/\\\/bacusevents.com\\\/ca\\\/#website\"},\"primaryImageOfPage\":{\"@id\":\"https:\\\/\\\/bacusevents.com\\\/ca\\\/pae\\\/#primaryimage\"},\"image\":{\"@id\":\"https:\\\/\\\/bacusevents.com\\\/ca\\\/pae\\\/#primaryimage\"},\"thumbnailUrl\":\"https:\\\/\\\/bacusevents.com\\\/wp-content\\\/uploads\\\/2023\\\/05\\\/Bacus-Events-News-seguridad-en-el-trabajo-1.jpg\",\"datePublished\":\"2023-05-23T06:45:46+00:00\",\"dateModified\":\"2024-05-01T05:56:34+00:00\",\"breadcrumb\":{\"@id\":\"https:\\\/\\\/bacusevents.com\\\/ca\\\/pae\\\/#breadcrumb\"},\"inLanguage\":\"ca\",\"potentialAction\":[{\"@type\":\"ReadAction\",\"target\":[\"https:\\\/\\\/bacusevents.com\\\/ca\\\/pae\\\/\"]}]},{\"@type\":\"ImageObject\",\"inLanguage\":\"ca\",\"@id\":\"https:\\\/\\\/bacusevents.com\\\/ca\\\/pae\\\/#primaryimage\",\"url\":\"https:\\\/\\\/bacusevents.com\\\/wp-content\\\/uploads\\\/2023\\\/05\\\/Bacus-Events-News-seguridad-en-el-trabajo-1.jpg\",\"contentUrl\":\"https:\\\/\\\/bacusevents.com\\\/wp-content\\\/uploads\\\/2023\\\/05\\\/Bacus-Events-News-seguridad-en-el-trabajo-1.jpg\",\"width\":1248,\"height\":698},{\"@type\":\"BreadcrumbList\",\"@id\":\"https:\\\/\\\/bacusevents.com\\\/ca\\\/pae\\\/#breadcrumb\",\"itemListElement\":[{\"@type\":\"ListItem\",\"position\":1,\"name\":\"Portada\",\"item\":\"https:\\\/\\\/bacusevents.com\\\/ca\\\/\"},{\"@type\":\"ListItem\",\"position\":2,\"name\":\"#PAE\"}]},{\"@type\":\"WebSite\",\"@id\":\"https:\\\/\\\/bacusevents.com\\\/ca\\\/#website\",\"url\":\"https:\\\/\\\/bacusevents.com\\\/ca\\\/\",\"name\":\"Bacus Events - Creaci\u00f3n y Organizaci\u00f3n de Eventos\",\"description\":\"Bacus Events - Creaci\u00f3n y Organizaci\u00f3n de Eventos\",\"publisher\":{\"@id\":\"https:\\\/\\\/bacusevents.com\\\/ca\\\/#organization\"},\"potentialAction\":[{\"@type\":\"SearchAction\",\"target\":{\"@type\":\"EntryPoint\",\"urlTemplate\":\"https:\\\/\\\/bacusevents.com\\\/ca\\\/?s={search_term_string}\"},\"query-input\":{\"@type\":\"PropertyValueSpecification\",\"valueRequired\":true,\"valueName\":\"search_term_string\"}}],\"inLanguage\":\"ca\"},{\"@type\":\"Organization\",\"@id\":\"https:\\\/\\\/bacusevents.com\\\/ca\\\/#organization\",\"name\":\"Bacus Events - Creaci\u00f3n y Organizaci\u00f3n de Eventos\",\"url\":\"https:\\\/\\\/bacusevents.com\\\/ca\\\/\",\"logo\":{\"@type\":\"ImageObject\",\"inLanguage\":\"ca\",\"@id\":\"https:\\\/\\\/bacusevents.com\\\/ca\\\/#\\\/schema\\\/logo\\\/image\\\/\",\"url\":\"https:\\\/\\\/bacusevents.com\\\/wp-content\\\/uploads\\\/2025\\\/03\\\/BacusEvents-5.png\",\"contentUrl\":\"https:\\\/\\\/bacusevents.com\\\/wp-content\\\/uploads\\\/2025\\\/03\\\/BacusEvents-5.png\",\"width\":393,\"height\":426,\"caption\":\"Bacus Events - Creaci\u00f3n y Organizaci\u00f3n de Eventos\"},\"image\":{\"@id\":\"https:\\\/\\\/bacusevents.com\\\/ca\\\/#\\\/schema\\\/logo\\\/image\\\/\"},\"sameAs\":[\"https:\\\/\\\/www.facebook.com\\\/BacusEventos\",\"https:\\\/\\\/www.instagram.com\\\/bacusevents\\\/\",\"https:\\\/\\\/www.linkedin.com\\\/company\\\/1481874\\\/admin\\\/dashboard\\\/\"]},{\"@type\":\"Person\",\"@id\":\"https:\\\/\\\/bacusevents.com\\\/ca\\\/#\\\/schema\\\/person\\\/1bceb1ffde896ddf77b1c58f2d314e59\",\"name\":\"Valentina\",\"image\":{\"@type\":\"ImageObject\",\"inLanguage\":\"ca\",\"@id\":\"https:\\\/\\\/secure.gravatar.com\\\/avatar\\\/81b6b00e29e2279ed8e2ed6b874680d0eb29dd7a5310d6ee502417c4d32b8410?s=96&d=mm&r=g\",\"url\":\"https:\\\/\\\/secure.gravatar.com\\\/avatar\\\/81b6b00e29e2279ed8e2ed6b874680d0eb29dd7a5310d6ee502417c4d32b8410?s=96&d=mm&r=g\",\"contentUrl\":\"https:\\\/\\\/secure.gravatar.com\\\/avatar\\\/81b6b00e29e2279ed8e2ed6b874680d0eb29dd7a5310d6ee502417c4d32b8410?s=96&d=mm&r=g\",\"caption\":\"Valentina\"},\"sameAs\":[\"https:\\\/\\\/bacusevents.com\"],\"url\":\"https:\\\/\\\/bacusevents.com\\\/ca\\\/author\\\/editor-bacus\\\/\"}]}<\/script>\n<!-- \/ Yoast SEO Premium plugin. -->","yoast_head_json":{"title":"#PAE - Bacus Events - Creaci\u00f3n y Organizaci\u00f3n de Eventos","robots":{"index":"index","follow":"follow","max-snippet":"max-snippet:-1","max-image-preview":"max-image-preview:large","max-video-preview":"max-video-preview:-1"},"canonical":"https:\/\/bacusevents.com\/ca\/pae\/","og_locale":"ca_ES","og_type":"article","og_title":"#PAE","og_description":"Abans de comen\u00e7ar qualsevol treball relacionat amb el muntatge, cal planificar i establir els protocols necessaris per saber com actuar en cas de qualsevol tipus d&#8217;accident. D&#8217;altra banda, \u00e9s recomanable con\u00e8ixer la m\u00fatua d&#8217;accidents de cada empresa per poder actuar r\u00e0pid, sent al n\u00famero 24 hores que totes disposen al que cal trucar per comunicar [&hellip;]","og_url":"https:\/\/bacusevents.com\/ca\/pae\/","og_site_name":"Bacus Events - Creaci\u00f3n y Organizaci\u00f3n de Eventos","article_publisher":"https:\/\/www.facebook.com\/BacusEventos","article_published_time":"2023-05-23T06:45:46+00:00","article_modified_time":"2024-05-01T05:56:34+00:00","og_image":[{"width":1248,"height":698,"url":"https:\/\/bacusevents.com\/wp-content\/uploads\/2023\/05\/Bacus-Events-News-seguridad-en-el-trabajo-1.jpg","type":"image\/jpeg"}],"author":"Valentina","twitter_card":"summary_large_image","twitter_misc":{"Escrit per":"Valentina","Temps estimat de lectura":"4 minuts"},"schema":{"@context":"https:\/\/schema.org","@graph":[{"@type":"Article","@id":"https:\/\/bacusevents.com\/ca\/pae\/#article","isPartOf":{"@id":"https:\/\/bacusevents.com\/ca\/pae\/"},"author":{"name":"Valentina","@id":"https:\/\/bacusevents.com\/ca\/#\/schema\/person\/1bceb1ffde896ddf77b1c58f2d314e59"},"headline":"#PAE","datePublished":"2023-05-23T06:45:46+00:00","dateModified":"2024-05-01T05:56:34+00:00","mainEntityOfPage":{"@id":"https:\/\/bacusevents.com\/ca\/pae\/"},"wordCount":712,"publisher":{"@id":"https:\/\/bacusevents.com\/ca\/#organization"},"image":{"@id":"https:\/\/bacusevents.com\/ca\/pae\/#primaryimage"},"thumbnailUrl":"https:\/\/bacusevents.com\/wp-content\/uploads\/2023\/05\/Bacus-Events-News-seguridad-en-el-trabajo-1.jpg","keywords":["esdeveniments","seguretat"],"articleSection":["Esdeveniments","News","Seguretat"],"inLanguage":"ca"},{"@type":"WebPage","@id":"https:\/\/bacusevents.com\/ca\/pae\/","url":"https:\/\/bacusevents.com\/ca\/pae\/","name":"#PAE - Bacus Events - Creaci\u00f3n y Organizaci\u00f3n de Eventos","isPartOf":{"@id":"https:\/\/bacusevents.com\/ca\/#website"},"primaryImageOfPage":{"@id":"https:\/\/bacusevents.com\/ca\/pae\/#primaryimage"},"image":{"@id":"https:\/\/bacusevents.com\/ca\/pae\/#primaryimage"},"thumbnailUrl":"https:\/\/bacusevents.com\/wp-content\/uploads\/2023\/05\/Bacus-Events-News-seguridad-en-el-trabajo-1.jpg","datePublished":"2023-05-23T06:45:46+00:00","dateModified":"2024-05-01T05:56:34+00:00","breadcrumb":{"@id":"https:\/\/bacusevents.com\/ca\/pae\/#breadcrumb"},"inLanguage":"ca","potentialAction":[{"@type":"ReadAction","target":["https:\/\/bacusevents.com\/ca\/pae\/"]}]},{"@type":"ImageObject","inLanguage":"ca","@id":"https:\/\/bacusevents.com\/ca\/pae\/#primaryimage","url":"https:\/\/bacusevents.com\/wp-content\/uploads\/2023\/05\/Bacus-Events-News-seguridad-en-el-trabajo-1.jpg","contentUrl":"https:\/\/bacusevents.com\/wp-content\/uploads\/2023\/05\/Bacus-Events-News-seguridad-en-el-trabajo-1.jpg","width":1248,"height":698},{"@type":"BreadcrumbList","@id":"https:\/\/bacusevents.com\/ca\/pae\/#breadcrumb","itemListElement":[{"@type":"ListItem","position":1,"name":"Portada","item":"https:\/\/bacusevents.com\/ca\/"},{"@type":"ListItem","position":2,"name":"#PAE"}]},{"@type":"WebSite","@id":"https:\/\/bacusevents.com\/ca\/#website","url":"https:\/\/bacusevents.com\/ca\/","name":"Bacus Events - Creaci\u00f3n y Organizaci\u00f3n de Eventos","description":"Bacus Events - Creaci\u00f3n y Organizaci\u00f3n de Eventos","publisher":{"@id":"https:\/\/bacusevents.com\/ca\/#organization"},"potentialAction":[{"@type":"SearchAction","target":{"@type":"EntryPoint","urlTemplate":"https:\/\/bacusevents.com\/ca\/?s={search_term_string}"},"query-input":{"@type":"PropertyValueSpecification","valueRequired":true,"valueName":"search_term_string"}}],"inLanguage":"ca"},{"@type":"Organization","@id":"https:\/\/bacusevents.com\/ca\/#organization","name":"Bacus Events - Creaci\u00f3n y Organizaci\u00f3n de Eventos","url":"https:\/\/bacusevents.com\/ca\/","logo":{"@type":"ImageObject","inLanguage":"ca","@id":"https:\/\/bacusevents.com\/ca\/#\/schema\/logo\/image\/","url":"https:\/\/bacusevents.com\/wp-content\/uploads\/2025\/03\/BacusEvents-5.png","contentUrl":"https:\/\/bacusevents.com\/wp-content\/uploads\/2025\/03\/BacusEvents-5.png","width":393,"height":426,"caption":"Bacus Events - Creaci\u00f3n y Organizaci\u00f3n de Eventos"},"image":{"@id":"https:\/\/bacusevents.com\/ca\/#\/schema\/logo\/image\/"},"sameAs":["https:\/\/www.facebook.com\/BacusEventos","https:\/\/www.instagram.com\/bacusevents\/","https:\/\/www.linkedin.com\/company\/1481874\/admin\/dashboard\/"]},{"@type":"Person","@id":"https:\/\/bacusevents.com\/ca\/#\/schema\/person\/1bceb1ffde896ddf77b1c58f2d314e59","name":"Valentina","image":{"@type":"ImageObject","inLanguage":"ca","@id":"https:\/\/secure.gravatar.com\/avatar\/81b6b00e29e2279ed8e2ed6b874680d0eb29dd7a5310d6ee502417c4d32b8410?s=96&d=mm&r=g","url":"https:\/\/secure.gravatar.com\/avatar\/81b6b00e29e2279ed8e2ed6b874680d0eb29dd7a5310d6ee502417c4d32b8410?s=96&d=mm&r=g","contentUrl":"https:\/\/secure.gravatar.com\/avatar\/81b6b00e29e2279ed8e2ed6b874680d0eb29dd7a5310d6ee502417c4d32b8410?s=96&d=mm&r=g","caption":"Valentina"},"sameAs":["https:\/\/bacusevents.com"],"url":"https:\/\/bacusevents.com\/ca\/author\/editor-bacus\/"}]}},"_links":{"self":[{"href":"https:\/\/bacusevents.com\/ca\/wp-json\/wp\/v2\/posts\/10763","targetHints":{"allow":["GET"]}}],"collection":[{"href":"https:\/\/bacusevents.com\/ca\/wp-json\/wp\/v2\/posts"}],"about":[{"href":"https:\/\/bacusevents.com\/ca\/wp-json\/wp\/v2\/types\/post"}],"author":[{"embeddable":true,"href":"https:\/\/bacusevents.com\/ca\/wp-json\/wp\/v2\/users\/3"}],"replies":[{"embeddable":true,"href":"https:\/\/bacusevents.com\/ca\/wp-json\/wp\/v2\/comments?post=10763"}],"version-history":[{"count":1,"href":"https:\/\/bacusevents.com\/ca\/wp-json\/wp\/v2\/posts\/10763\/revisions"}],"predecessor-version":[{"id":10788,"href":"https:\/\/bacusevents.com\/ca\/wp-json\/wp\/v2\/posts\/10763\/revisions\/10788"}],"wp:featuredmedia":[{"embeddable":true,"href":"https:\/\/bacusevents.com\/ca\/wp-json\/wp\/v2\/media\/9693"}],"wp:attachment":[{"href":"https:\/\/bacusevents.com\/ca\/wp-json\/wp\/v2\/media?parent=10763"}],"wp:term":[{"taxonomy":"category","embeddable":true,"href":"https:\/\/bacusevents.com\/ca\/wp-json\/wp\/v2\/categories?post=10763"},{"taxonomy":"post_tag","embeddable":true,"href":"https:\/\/bacusevents.com\/ca\/wp-json\/wp\/v2\/tags?post=10763"}],"curies":[{"name":"wp","href":"https:\/\/api.w.org\/{rel}","templated":true}]}}