{"id":10764,"date":"2023-05-26T13:12:14","date_gmt":"2023-05-26T13:12:14","guid":{"rendered":"https:\/\/bacusevents.com\/10-tendencies-en-catering-per-a-esdeveniments-aquest-2023\/"},"modified":"2024-05-01T05:56:30","modified_gmt":"2024-05-01T05:56:30","slug":"10-tendencies-en-catering-per-a-esdeveniments-aquest-2023","status":"publish","type":"post","link":"https:\/\/bacusevents.com\/ca\/10-tendencies-en-catering-per-a-esdeveniments-aquest-2023\/","title":{"rendered":"10 tend\u00e8ncies en c\u00e0tering per a esdeveniments aquest 2023"},"content":{"rendered":"<div class=\"flex_column av_one_full  flex_column_div av-zero-column-padding first  avia-builder-el-0  el_before_av_one_full  avia-builder-el-first  \" style='border-radius:0px; '><p><div style='padding-bottom:15px; font-size:40px;' class='av-special-heading av-special-heading-h1  blockquote modern-quote modern-centered  avia-builder-el-1  el_before_av_textblock  avia-builder-el-first   av-inherit-size '><h1 class='av-special-heading-tag '  itemprop=\"headline\"  >10 tend\u00e8ncies en c\u00e0tering per a esdeveniments aquest 2023<\/h1><div class='special-heading-border'><div class='special-heading-inner-border' ><\/div><\/div><\/div><br \/>\n<section class=\"av_textblock_section \"  itemscope=\"itemscope\" itemtype=\"https:\/\/schema.org\/BlogPosting\" itemprop=\"blogPost\" ><div class='avia_textblock  '   itemprop=\"text\" ><p><span style=\"font-family: graphik-regular;\">Menjar m\u00e9s saludable i lleuger? Plats est\u00e8tics de primer impacte visual? Doncs sembla que s\u00ed, que els assistents mengen m\u00e9s pels ulls i que l&#8217;healthy \u00e9s el que triomfa. La societat s&#8217;ha anat conscienciant m\u00e9s i m\u00e9s sobre el fet de menjar millor i de manera m\u00e9s sana i, en paral\u00b7lel, puja la demanda de men\u00fas vegetarians i vegans. T&#8217;expliquem que m\u00e9s has de tenir en compte aquest 2023 a l&#8217;hora de muntar un c\u00e0tering pel teu esdeveniment.  <\/span><\/p>\n<p><!--more--><\/p>\n<\/div><\/section><br \/>\n<div  data-size='2048x2048'  data-lightbox_size='large'  data-animation='slide'  data-conditional_play=''  data-ids='6653'  data-video_counter='0'  data-autoplay='false'  data-bg_slider='false'  data-slide_height=''  data-handle='av_slideshow'  data-interval='5'  data-class=' avia-builder-el-3  el_after_av_textblock  el_before_av_heading   '  data-css_id=''  data-scroll_down=''  data-control_layout='av-control-default'  data-custom_markup=''  data-perma_caption='aviaTBperma_caption'  data-autoplay_stopper=''  data-image_attachment=''  data-min_height='0px'  data-default-height='100'  class='avia-slideshow avia-slideshow-1  av-control-default av-default-height-applied avia-slideshow-2048x2048 av_slideshow  avia-builder-el-3  el_after_av_textblock  el_before_av_heading    avia-slide-slider '  itemprop=\"image\" itemscope=\"itemscope\" itemtype=\"https:\/\/schema.org\/ImageObject\" ><ul class='avia-slideshow-inner ' style='padding-bottom: 66.666666666667%;' ><li  class=' av-single-slide slide-1 ' ><div data-rel='slideshow-1' class='avia-slide-wrap '   ><img src='https:\/\/bacusevents.com\/wp-content\/uploads\/2023\/05\/BacusEvents_catering_tendencias-portada.jpeg' width='960' height='640' title='BacusEvents_catering_tendencias portada' alt=''  itemprop=\"thumbnailUrl\"   \/><\/div><\/li><\/ul><\/div><br \/>\n<div style='padding-bottom:15px; color:#000000;font-size:40px;' class='av-special-heading av-special-heading-h1 custom-color-heading blockquote modern-quote modern-centered  avia-builder-el-4  el_after_av_slideshow  el_before_av_textblock   av-inherit-size '><h1 class='av-special-heading-tag '  itemprop=\"headline\"  >Men\u00fas i ingredients saludables<\/h1><div class='special-heading-border'><div class='special-heading-inner-border' style='border-color:#000000'><\/div><\/div><\/div><br \/>\n<section class=\"av_textblock_section \"  itemscope=\"itemscope\" itemtype=\"https:\/\/schema.org\/BlogPosting\" itemprop=\"blogPost\" ><div class='avia_textblock  '   itemprop=\"text\" ><p><span style=\"font-family: graphik-regular;\">El que el client demana i el que triomfa s\u00f3n opcions molt saludables, \u201cpresentaci\u00f3 fresca i cuidada\u201d, en paraules de Life Gourmet. \u201cHi ha una obsessi\u00f3 de menjar lleuger, refrescant, no gaire calor\u00edfic, tant sigui per esmorzar, dinar, sopar\u2026\u201d segons ens expliquen des de Medems Catering. En general, totes les empreses de c\u00e0tering amb qu\u00e8 hem parlat coincideixen que aix\u00f2 \u00e9s el que vol el client en esdeveniments avui. Nosaltres mateixos a eventoplus tamb\u00e9 ho veiem quan acudim a qualsevol esdeveniment.<\/span><\/p>\n<\/div><\/section><br \/>\n<div style='padding-bottom:15px; color:#000000;font-size:40px;' class='av-special-heading av-special-heading-h1 custom-color-heading blockquote modern-quote modern-centered  avia-builder-el-6  el_after_av_textblock  el_before_av_textblock   av-inherit-size '><h1 class='av-special-heading-tag '  itemprop=\"headline\"  >Moltes postres, per\u00f2 m\u00e9s saludables<\/h1><div class='special-heading-border'><div class='special-heading-inner-border' style='border-color:#000000'><\/div><\/div><\/div><br \/>\n<section class=\"av_textblock_section \"  itemscope=\"itemscope\" itemtype=\"https:\/\/schema.org\/BlogPosting\" itemprop=\"blogPost\" ><div class='avia_textblock  '   itemprop=\"text\" ><p><span style=\"font-family: graphik-regular;\">Life Gourmet ens ho assegura, es canvia la tend\u00e8ncia i els bufets de dol\u00e7os estan en augment, per\u00f2 amb formats individuals. \u201cEls pastissos tamb\u00e9 de diferents elaboracions estan en tend\u00e8ncia\u201d. Sembla que menjarem postres amb molt poc de sucre on la fruita funciona decorant i, sobretot, \u201cil\u00b7luminant el plat amb sensacions dolces per\u00f2 fugint del sucre\u201d, per a Medems. Donar color tamb\u00e9 amb flors? Cooklab ens assegura que usar\u00e0 molt aquest any la violeta o la lavanda en postres i nom\u00e9s cal veure la foto que ens han enviat d&#8217;AGA Catering\u2026<\/span><\/p>\n<\/div><\/section><br \/>\n<div  data-size='featured'  data-lightbox_size='large'  data-animation='slide'  data-conditional_play=''  data-ids='6654'  data-video_counter='0'  data-autoplay='false'  data-bg_slider='false'  data-slide_height=''  data-handle='av_slideshow'  data-interval='5'  data-class=' avia-builder-el-8  el_after_av_textblock  el_before_av_heading   '  data-css_id=''  data-scroll_down=''  data-control_layout='av-control-default'  data-custom_markup=''  data-perma_caption='aviaTBperma_caption'  data-autoplay_stopper=''  data-image_attachment=''  data-min_height='0px'  data-default-height='28.666666666667'  class='avia-slideshow avia-slideshow-2  av-control-default av-default-height-applied avia-slideshow-featured av_slideshow  avia-builder-el-8  el_after_av_textblock  el_before_av_heading    avia-slide-slider '  itemprop=\"image\" itemscope=\"itemscope\" itemtype=\"https:\/\/schema.org\/ImageObject\" ><ul class='avia-slideshow-inner ' style='padding-bottom: 28.666666666667%;' ><li  class=' av-single-slide slide-1 ' ><div data-rel='slideshow-2' class='avia-slide-wrap '   ><img src='https:\/\/bacusevents.com\/wp-content\/uploads\/2023\/05\/BacusEvents_catering_tendencias-postres-1500x430.webp' width='1500' height='430' title='BacusEvents_catering_tendencias postres' alt=''  itemprop=\"thumbnailUrl\"   \/><\/div><\/li><\/ul><\/div><br \/>\n<div style='padding-bottom:15px; color:#000000;font-size:40px;' class='av-special-heading av-special-heading-h1 custom-color-heading blockquote modern-quote modern-centered  avia-builder-el-9  el_after_av_slideshow  el_before_av_textblock   av-inherit-size '><h1 class='av-special-heading-tag '  itemprop=\"headline\"  >Receptes de la inf\u00e0ncia<\/h1><div class='special-heading-border'><div class='special-heading-inner-border' style='border-color:#000000'><\/div><\/div><\/div><br \/>\n<section class=\"av_textblock_section \"  itemscope=\"itemscope\" itemtype=\"https:\/\/schema.org\/BlogPosting\" itemprop=\"blogPost\" ><div class='avia_textblock  '   itemprop=\"text\" ><p><span style=\"font-family: graphik-regular;\">Buscarem aquest any mantenir un vincle amb el nostre passat que ens faci sentir b\u00e9, aix\u00ed ho consideren des d&#8217;Artigot Catering i la seva l\u00ednia premium crea_tasting lab. . &#8220;Una manera de reviure aquest passat en un esdeveniment \u00e9s incorporant sabors que s&#8217;associen a bons records de la inf\u00e0ncia&#8221;. L&#8217;Antic Convent aposta per la mateixa idea: \u201cels men\u00fas s\u00f3n tradicionals, renovats i adaptats als temps que vivim, fusionant-los en molts casos amb sabors llatins i asi\u00e0tics\u201d. O sabors fins i tot africans, per a Cooklab que ens parla tamb\u00e9 de \u201creceptes vintage amb un gir enfocat a la salut i al que \u00e9s saludable\u201d.<\/span><\/p>\n<\/div><\/section><br \/>\n<div  data-size='featured'  data-lightbox_size='large'  data-animation='slide'  data-conditional_play=''  data-ids='6655'  data-video_counter='0'  data-autoplay='false'  data-bg_slider='false'  data-slide_height=''  data-handle='av_slideshow'  data-interval='5'  data-class=' avia-builder-el-11  el_after_av_textblock  el_before_av_heading   '  data-css_id=''  data-scroll_down=''  data-control_layout='av-control-default'  data-custom_markup=''  data-perma_caption='aviaTBperma_caption'  data-autoplay_stopper=''  data-image_attachment=''  data-min_height='0px'  data-default-height='28.666666666667'  class='avia-slideshow avia-slideshow-3  av-control-default av-default-height-applied avia-slideshow-featured av_slideshow  avia-builder-el-11  el_after_av_textblock  el_before_av_heading    avia-slide-slider '  itemprop=\"image\" itemscope=\"itemscope\" itemtype=\"https:\/\/schema.org\/ImageObject\" ><ul class='avia-slideshow-inner ' style='padding-bottom: 28.666666666667%;' ><li  class=' av-single-slide slide-1 ' ><div data-rel='slideshow-3' class='avia-slide-wrap '   ><img src='https:\/\/bacusevents.com\/wp-content\/uploads\/2023\/05\/BacusEvents_catering_tendencias-saludable-1500x430.webp' width='1500' height='430' title='BacusEvents_catering_tendencias saludable' alt=''  itemprop=\"thumbnailUrl\"   \/><\/div><\/li><\/ul><\/div><br \/>\n<div style='padding-bottom:15px; color:#000000;font-size:40px;' class='av-special-heading av-special-heading-h1 custom-color-heading blockquote modern-quote modern-centered  avia-builder-el-12  el_after_av_slideshow  el_before_av_textblock   av-inherit-size '><h1 class='av-special-heading-tag '  itemprop=\"headline\"  >Que us conviden visualment<\/h1><div class='special-heading-border'><div class='special-heading-inner-border' style='border-color:#000000'><\/div><\/div><\/div><br \/>\n<section class=\"av_textblock_section \"  itemscope=\"itemscope\" itemtype=\"https:\/\/schema.org\/BlogPosting\" itemprop=\"blogPost\" ><div class='avia_textblock  '   itemprop=\"text\" ><p><span style=\"font-family: graphik-regular;\">&#8220;A la majoria els atrau m\u00e9s la presentaci\u00f3 i l&#8217;aspecte del menjar que el sabor&#8221;, segons Artigot. Per aix\u00f2 ser\u00e0 important treballar aquest any aquesta part. Una idea que defensen a Artigot, i que apliquen en la seva l\u00ednia premium crea_tasting lab, \u00e9s utilitzar estacions de menjar verticals. &#8220;Aquests aparadors s\u00f3n molt pr\u00e0ctics ja que no nom\u00e9s s\u00f3n totalment personalitzables i modulars, sin\u00f3 que tamb\u00e9 afegeixen profunditat i altura a l&#8217;exposici\u00f3 creant escenaris que s\u00f3n visualment molt atractius&#8221;. A Medems opten pel que anomenen \u201ctrampota sorpresa: els plats semblen una cosa i en saben una altra, buscant una experi\u00e8ncia que sorprengui\u201d. Cooklab per la seva banda confia en \u201cel cruixent\u201d per amplificar les sensacions del comensal.<\/span><\/p>\n<\/div><\/section><br \/>\n<div style='padding-bottom:15px; color:#000000;font-size:40px;' class='av-special-heading av-special-heading-h1 custom-color-heading blockquote modern-quote modern-centered  avia-builder-el-14  el_after_av_textblock  el_before_av_textblock   av-inherit-size '><h1 class='av-special-heading-tag '  itemprop=\"headline\"  >La presentaci\u00f3 molt espectacular i vistosa<\/h1><div class='special-heading-border'><div class='special-heading-inner-border' style='border-color:#000000'><\/div><\/div><\/div><br \/>\n<section class=\"av_textblock_section \"  itemscope=\"itemscope\" itemtype=\"https:\/\/schema.org\/BlogPosting\" itemprop=\"blogPost\" ><div class='avia_textblock  '   itemprop=\"text\" ><p><span style=\"font-family: graphik-regular;\">Per a l&#8217;Antic Convent Catering ser\u00e0 clau aquest any ia l&#8217;AGA Catering coincideixen en cada vegada que se li d\u00f3na m\u00e9s import\u00e0ncia no nom\u00e9s al que es menja sin\u00f3 a com i on. \u201cAvui dia es fuig dels emplatats sobris i es busquen els colors i les formes que sense ser agressius resulten vistosos\u201d. Medems ens parla de recipients de siluetes diferents, jugant amb la profunditat del plat, on l&#8217;aliment brilla pel seu color i on en general el cambrer afegeix una salsa o crema interactuant en diferents passos amb el comensal.<\/span><\/p>\n<\/div><\/section><br \/>\n<div style='padding-bottom:15px; color:#000000;font-size:40px;' class='av-special-heading av-special-heading-h1 custom-color-heading blockquote modern-quote modern-centered  avia-builder-el-16  el_after_av_textblock  el_before_av_textblock   av-inherit-size '><h1 class='av-special-heading-tag '  itemprop=\"headline\"  >Major demanda de dietes especials<\/h1><div class='special-heading-border'><div class='special-heading-inner-border' style='border-color:#000000'><\/div><\/div><\/div><br \/>\n<section class=\"av_textblock_section \"  itemscope=\"itemscope\" itemtype=\"https:\/\/schema.org\/BlogPosting\" itemprop=\"blogPost\" ><div class='avia_textblock  '   itemprop=\"text\" ><p><span style=\"font-family: graphik-regular;\">VOK DAMS (aquests alemanys sempre al davant\u2026) ja ha llan\u00e7at una pol\u00edtica de c\u00e0tering vegetari\u00e0\/veg\u00e0, suggerint-ho sistem\u00e0ticament com a primera opci\u00f3. I els c\u00e0terings aqu\u00ed a Espanya ens ho comenten, aquest any ser\u00e0 important tenir en compte les dietes especials perqu\u00e8 creix cada cop m\u00e9s la demanda, sobretot, si hi ha assistents internacionals, segons ens comenta Medems. Tamb\u00e9 les al\u00b7l\u00e8rgies ocupen el focus, fruits secs i gluten al capdavant. \u201cS&#8217;intenta reduir ja molt el gluten i fins i tot els lactis d&#8217;origen animal (cosa que inclou llet, cremes, nates i formatges)\u2026\u201d, com ens explica l&#8217;Antic Convent. En aquest sentit us recomanem estar molt informats pr\u00e8viament al dia D de totes les al\u00b7l\u00e8rgies i desitjos dels comensals.<\/span><\/p>\n<\/div><\/section><br \/>\n<div style='padding-bottom:15px; color:#000000;font-size:40px;' class='av-special-heading av-special-heading-h1 custom-color-heading blockquote modern-quote modern-centered  avia-builder-el-18  el_after_av_textblock  el_before_av_textblock   av-inherit-size '><h1 class='av-special-heading-tag '  itemprop=\"headline\"  >Sostenibilitat<\/h1><div class='special-heading-border'><div class='special-heading-inner-border' style='border-color:#000000'><\/div><\/div><\/div><br \/>\n<section class=\"av_textblock_section \"  itemscope=\"itemscope\" itemtype=\"https:\/\/schema.org\/BlogPosting\" itemprop=\"blogPost\" ><div class='avia_textblock  '   itemprop=\"text\" ><p><span style=\"font-family: graphik-regular;\">Impacta al c\u00e0tering de moltes formes. En primer lloc, es demanen cada cop m\u00e9s productes ecol\u00f2gics, de proximitat i de temporada (en aix\u00f2 coincideixen tots els c\u00e0terings). Qu\u00e8 vol dir aix\u00f2? \u201cDoncs si a Espanya no hi ha prunes al gener, no pensem comprar-los a Xile o en altres latituds\u201d, segons ens diuen des de Medems. Els muntatges s&#8217;inspiraran m\u00e9s aquest any en colors naturals cobrant paper important artesania i vaixelles, sens dubte sense pl\u00e0stic. Al seu lloc materials com el metall, fusta o cer\u00e0mica prenen protagonisme. Els excedents sempre han estat una de les preocupacions del c\u00e0tering i aquest any tamb\u00e9 caldr\u00e0 posar-se les piles amb la mesura de les quantitats al detall abans de la preparaci\u00f3. Important per a aix\u00f2: calcular assist\u00e8ncia i reduir el no xou.<\/span><\/p>\n<\/div><\/section><br \/>\n<div style='padding-bottom:15px; color:#000000;font-size:40px;' class='av-special-heading av-special-heading-h1 custom-color-heading blockquote modern-quote modern-centered  avia-builder-el-20  el_after_av_textblock  el_before_av_textblock   av-inherit-size '><h1 class='av-special-heading-tag '  itemprop=\"headline\"  >M\u00e9s personalitzaci\u00f3<\/h1><div class='special-heading-border'><div class='special-heading-inner-border' style='border-color:#000000'><\/div><\/div><\/div><br \/>\n<section class=\"av_textblock_section \"  itemscope=\"itemscope\" itemtype=\"https:\/\/schema.org\/BlogPosting\" itemprop=\"blogPost\" ><div class='avia_textblock  '   itemprop=\"text\" ><p><span style=\"font-family: graphik-regular;\">  \u201cEl que m\u00e9s demana el client s\u00f3n men\u00fas fets a mida. Les propostes han de ser i que encaixin amb l?est\u00e8tica de l?esdeveniment\u201d, ens explica Life Gourmet. Un exemple? Marcar els logos, per exemple, com ens expliquen des d&#8217;AGA: \u201cquan pens\u00e0vem que marcar logos en productes estava demod\u00e9 ens vam trobar que ara cada cop m\u00e9s en esdeveniments corporatius es vol optar per aquesta forma de donar visibilitat a la marca\u201d. Tamb\u00e9, per a l&#8217;Antic Convent, als propis muntatges de c\u00e0tering, a nivell espai ia nivell taula, demanen transmetre m\u00e9s la idea de la marca, els colors corporatius o fins i tot els valors, ja sigui luxe, modernitat, exclusivitat, tradici\u00f3\u2026<\/span><\/p>\n<\/div><\/section><br \/>\n<div style='padding-bottom:15px; color:#000000;font-size:40px;' class='av-special-heading av-special-heading-h1 custom-color-heading blockquote modern-quote modern-centered  avia-builder-el-22  el_after_av_textblock  el_before_av_textblock   av-inherit-size '><h1 class='av-special-heading-tag '  itemprop=\"headline\"  >M\u00e9s marca Espanya<\/h1><div class='special-heading-border'><div class='special-heading-inner-border' style='border-color:#000000'><\/div><\/div><\/div><br \/>\n<section class=\"av_textblock_section \"  itemscope=\"itemscope\" itemtype=\"https:\/\/schema.org\/BlogPosting\" itemprop=\"blogPost\" ><div class='avia_textblock  '   itemprop=\"text\" ><p><span style=\"font-family: graphik-regular;\">Men\u00fas que tinguin en compte la &#8216;marca Espanya&#8217; i la difusi\u00f3 de la gastronomia espanyola i la dieta mediterr\u00e0nia seran tend\u00e8ncia aquest 2023 per a l&#8217;Antic Convent. Justament en aquest sentit al tasting que ha realitzat Medems a principis d&#8217;any ens expliquen que van provar vins de diferents denominacions d&#8217;or\u00edgens no tan convencionals. &#8220;Cercant la notorietat de DO diferents a Espanya per donar un valor afegit, complint una missi\u00f3 divulgativa, de reconeixement i visibilitat d&#8217;altres zones d&#8217;Espanya&#8221;. (A la fotografia pots veure un moment del tasting)<\/span><\/p>\n<\/div><\/section><br \/>\n<div style='padding-bottom:15px; color:#000000;font-size:40px;' class='av-special-heading av-special-heading-h1 custom-color-heading blockquote modern-quote modern-centered  avia-builder-el-24  el_after_av_textblock  el_before_av_textblock   av-inherit-size '><h1 class='av-special-heading-tag '  itemprop=\"headline\"  >Cocteleria<\/h1><div class='special-heading-border'><div class='special-heading-inner-border' style='border-color:#000000'><\/div><\/div><\/div><br \/>\n<section class=\"av_textblock_section \"  itemscope=\"itemscope\" itemtype=\"https:\/\/schema.org\/BlogPosting\" itemprop=\"blogPost\" ><div class='avia_textblock  '   itemprop=\"text\" ><p><span style=\"font-family: graphik-regular;\">La cocteleria passa a ser un b\u00e0sic. Els c\u00e0terings coincideixen que cada vegada m\u00e9s clients demanen una barra de cocteleria als seus esdeveniments. Les marques premium es posicionen davant de les b\u00e0siques. La part de festa ha guanyat molt\u00edssima import\u00e0ncia en el desenvolupament de l&#8217;esdeveniment per a Life Gourmet. L&#8217;Antic Convent afegeix que la cocteleria sofisticada amb un muntatge efecte wow est\u00e0 super de moda i AGA tamb\u00e9 coincideix en la import\u00e0ncia dels C\u00f2ctels, aix\u00ed com \u201ccaf\u00e8s de barista, cerveses artesanes o fins i tot kombutxa s\u00f3n algunes de les sol\u00b7licituds que trepitjaran amb fora cada m\u00e9s en esdeveniments\u201d.<\/span><\/p>\n<\/div><\/section><br \/>\n<section class=\"av_textblock_section \"  itemscope=\"itemscope\" itemtype=\"https:\/\/schema.org\/BlogPosting\" itemprop=\"blogPost\" ><div class='avia_textblock  '   itemprop=\"text\" ><p><span style=\"font-family: graphik-regular;\">Font -https:\/\/www.eventoplus.com\/articulos\/10-tendencias-en-catering-para-eventos-este-2023\/ per Paula Rey<\/span><\/p>\n<\/div><\/section><\/p><\/div><div class=\"flex_column av_one_full  flex_column_div av-zero-column-padding first  avia-builder-el-27  el_after_av_one_full  avia-builder-el-last  column-top-margin\" style='border-radius:0px; '><div class='avia-button-wrap avia-button-center  avia-builder-el-28  avia-builder-el-no-sibling  '><a href='javascript: history.go(-1)'  class='avia-button   avia-icon_select-yes-left-icon avia-color-black avia-size-medium avia-position-center '   ><span class='avia_button_icon avia_button_icon_left ' aria-hidden='true' data-av_icon='\ue880' data-av_iconfont='entypo-fontello'><\/span><span class='avia_iconbox_title' >Enrere<\/span><\/a><\/div><\/div><\/p>\n","protected":false},"excerpt":{"rendered":"<p>Menjar m\u00e9s saludable i lleuger? Plats est\u00e8tics de primer impacte visual? Doncs sembla que s\u00ed, que els assistents mengen m\u00e9s pels ulls i que l&#8217;healthy \u00e9s el que triomfa. La societat s&#8217;ha anat conscienciant m\u00e9s i m\u00e9s sobre el fet de menjar millor i de manera m\u00e9s sana i, en paral\u00b7lel, puja la demanda de [&hellip;]<\/p>\n","protected":false},"author":3,"featured_media":10079,"comment_status":"open","ping_status":"closed","sticky":false,"template":"","format":"standard","meta":{"footnotes":""},"categories":[158,143,142,152],"tags":[167,149],"class_list":["post-10764","post","type-post","status-publish","format-standard","has-post-thumbnail","hentry","category-catering-ca","category-esdeveniments","category-news-ca-2","category-sostenibilitat","tag-catering-ca","tag-esdeveniments"],"yoast_head":"<!-- This site is optimized with the Yoast SEO Premium plugin v27.0 (Yoast SEO v27.5) - https:\/\/yoast.com\/product\/yoast-seo-premium-wordpress\/ -->\n<title>10 tend\u00e8ncies en c\u00e0tering per a esdeveniments aquest 2023 - Bacus Events - Creaci\u00f3n y Organizaci\u00f3n de Eventos<\/title>\n<meta name=\"robots\" content=\"index, follow, max-snippet:-1, max-image-preview:large, max-video-preview:-1\" \/>\n<link rel=\"canonical\" href=\"https:\/\/bacusevents.com\/ca\/10-tendencies-en-catering-per-a-esdeveniments-aquest-2023\/\" \/>\n<meta property=\"og:locale\" content=\"ca_ES\" \/>\n<meta property=\"og:type\" content=\"article\" \/>\n<meta property=\"og:title\" content=\"10 tend\u00e8ncies en c\u00e0tering per a esdeveniments aquest 2023\" \/>\n<meta property=\"og:description\" content=\"Menjar m\u00e9s saludable i lleuger? Plats est\u00e8tics de primer impacte visual? Doncs sembla que s\u00ed, que els assistents mengen m\u00e9s pels ulls i que l&#8217;healthy \u00e9s el que triomfa. La societat s&#8217;ha anat conscienciant m\u00e9s i m\u00e9s sobre el fet de menjar millor i de manera m\u00e9s sana i, en paral\u00b7lel, puja la demanda de [&hellip;]\" \/>\n<meta property=\"og:url\" content=\"https:\/\/bacusevents.com\/ca\/10-tendencies-en-catering-per-a-esdeveniments-aquest-2023\/\" \/>\n<meta property=\"og:site_name\" content=\"Bacus Events - Creaci\u00f3n y Organizaci\u00f3n de Eventos\" \/>\n<meta property=\"article:publisher\" content=\"https:\/\/www.facebook.com\/BacusEventos\" \/>\n<meta property=\"article:published_time\" content=\"2023-05-26T13:12:14+00:00\" \/>\n<meta property=\"article:modified_time\" content=\"2024-05-01T05:56:30+00:00\" \/>\n<meta property=\"og:image\" content=\"https:\/\/bacusevents.com\/wp-content\/uploads\/2023\/05\/BacusEvents_catering_tendencias-portada.jpeg\" \/>\n\t<meta property=\"og:image:width\" content=\"960\" \/>\n\t<meta property=\"og:image:height\" content=\"640\" \/>\n\t<meta property=\"og:image:type\" content=\"image\/jpeg\" \/>\n<meta name=\"author\" content=\"Valentina\" \/>\n<meta name=\"twitter:card\" content=\"summary_large_image\" \/>\n<meta name=\"twitter:label1\" content=\"Escrit per\" \/>\n\t<meta name=\"twitter:data1\" content=\"Valentina\" \/>\n\t<meta name=\"twitter:label2\" content=\"Temps estimat de lectura\" \/>\n\t<meta name=\"twitter:data2\" content=\"14 minuts\" \/>\n<script type=\"application\/ld+json\" class=\"yoast-schema-graph\">{\"@context\":\"https:\\\/\\\/schema.org\",\"@graph\":[{\"@type\":\"Article\",\"@id\":\"https:\\\/\\\/bacusevents.com\\\/ca\\\/10-tendencies-en-catering-per-a-esdeveniments-aquest-2023\\\/#article\",\"isPartOf\":{\"@id\":\"https:\\\/\\\/bacusevents.com\\\/ca\\\/10-tendencies-en-catering-per-a-esdeveniments-aquest-2023\\\/\"},\"author\":{\"name\":\"Valentina\",\"@id\":\"https:\\\/\\\/bacusevents.com\\\/ca\\\/#\\\/schema\\\/person\\\/1bceb1ffde896ddf77b1c58f2d314e59\"},\"headline\":\"10 tend\u00e8ncies en c\u00e0tering per a esdeveniments aquest 2023\",\"datePublished\":\"2023-05-26T13:12:14+00:00\",\"dateModified\":\"2024-05-01T05:56:30+00:00\",\"mainEntityOfPage\":{\"@id\":\"https:\\\/\\\/bacusevents.com\\\/ca\\\/10-tendencies-en-catering-per-a-esdeveniments-aquest-2023\\\/\"},\"wordCount\":2790,\"commentCount\":0,\"publisher\":{\"@id\":\"https:\\\/\\\/bacusevents.com\\\/ca\\\/#organization\"},\"image\":{\"@id\":\"https:\\\/\\\/bacusevents.com\\\/ca\\\/10-tendencies-en-catering-per-a-esdeveniments-aquest-2023\\\/#primaryimage\"},\"thumbnailUrl\":\"https:\\\/\\\/bacusevents.com\\\/wp-content\\\/uploads\\\/2023\\\/05\\\/BacusEvents_catering_tendencias-portada.jpeg\",\"keywords\":[\"c\u00e0tering\",\"esdeveniments\"],\"articleSection\":[\"C\u00e0tering\",\"Esdeveniments\",\"News\",\"Sostenibilitat\"],\"inLanguage\":\"ca\",\"potentialAction\":[{\"@type\":\"CommentAction\",\"name\":\"Comment\",\"target\":[\"https:\\\/\\\/bacusevents.com\\\/ca\\\/10-tendencies-en-catering-per-a-esdeveniments-aquest-2023\\\/#respond\"]}]},{\"@type\":\"WebPage\",\"@id\":\"https:\\\/\\\/bacusevents.com\\\/ca\\\/10-tendencies-en-catering-per-a-esdeveniments-aquest-2023\\\/\",\"url\":\"https:\\\/\\\/bacusevents.com\\\/ca\\\/10-tendencies-en-catering-per-a-esdeveniments-aquest-2023\\\/\",\"name\":\"10 tend\u00e8ncies en c\u00e0tering per a esdeveniments aquest 2023 - Bacus Events - Creaci\u00f3n y Organizaci\u00f3n de Eventos\",\"isPartOf\":{\"@id\":\"https:\\\/\\\/bacusevents.com\\\/ca\\\/#website\"},\"primaryImageOfPage\":{\"@id\":\"https:\\\/\\\/bacusevents.com\\\/ca\\\/10-tendencies-en-catering-per-a-esdeveniments-aquest-2023\\\/#primaryimage\"},\"image\":{\"@id\":\"https:\\\/\\\/bacusevents.com\\\/ca\\\/10-tendencies-en-catering-per-a-esdeveniments-aquest-2023\\\/#primaryimage\"},\"thumbnailUrl\":\"https:\\\/\\\/bacusevents.com\\\/wp-content\\\/uploads\\\/2023\\\/05\\\/BacusEvents_catering_tendencias-portada.jpeg\",\"datePublished\":\"2023-05-26T13:12:14+00:00\",\"dateModified\":\"2024-05-01T05:56:30+00:00\",\"breadcrumb\":{\"@id\":\"https:\\\/\\\/bacusevents.com\\\/ca\\\/10-tendencies-en-catering-per-a-esdeveniments-aquest-2023\\\/#breadcrumb\"},\"inLanguage\":\"ca\",\"potentialAction\":[{\"@type\":\"ReadAction\",\"target\":[\"https:\\\/\\\/bacusevents.com\\\/ca\\\/10-tendencies-en-catering-per-a-esdeveniments-aquest-2023\\\/\"]}]},{\"@type\":\"ImageObject\",\"inLanguage\":\"ca\",\"@id\":\"https:\\\/\\\/bacusevents.com\\\/ca\\\/10-tendencies-en-catering-per-a-esdeveniments-aquest-2023\\\/#primaryimage\",\"url\":\"https:\\\/\\\/bacusevents.com\\\/wp-content\\\/uploads\\\/2023\\\/05\\\/BacusEvents_catering_tendencias-portada.jpeg\",\"contentUrl\":\"https:\\\/\\\/bacusevents.com\\\/wp-content\\\/uploads\\\/2023\\\/05\\\/BacusEvents_catering_tendencias-portada.jpeg\",\"width\":960,\"height\":640},{\"@type\":\"BreadcrumbList\",\"@id\":\"https:\\\/\\\/bacusevents.com\\\/ca\\\/10-tendencies-en-catering-per-a-esdeveniments-aquest-2023\\\/#breadcrumb\",\"itemListElement\":[{\"@type\":\"ListItem\",\"position\":1,\"name\":\"Portada\",\"item\":\"https:\\\/\\\/bacusevents.com\\\/ca\\\/\"},{\"@type\":\"ListItem\",\"position\":2,\"name\":\"10 tend\u00e8ncies en c\u00e0tering per a esdeveniments aquest 2023\"}]},{\"@type\":\"WebSite\",\"@id\":\"https:\\\/\\\/bacusevents.com\\\/ca\\\/#website\",\"url\":\"https:\\\/\\\/bacusevents.com\\\/ca\\\/\",\"name\":\"Bacus Events - Creaci\u00f3n y Organizaci\u00f3n de Eventos\",\"description\":\"Bacus Events - Creaci\u00f3n y Organizaci\u00f3n de Eventos\",\"publisher\":{\"@id\":\"https:\\\/\\\/bacusevents.com\\\/ca\\\/#organization\"},\"potentialAction\":[{\"@type\":\"SearchAction\",\"target\":{\"@type\":\"EntryPoint\",\"urlTemplate\":\"https:\\\/\\\/bacusevents.com\\\/ca\\\/?s={search_term_string}\"},\"query-input\":{\"@type\":\"PropertyValueSpecification\",\"valueRequired\":true,\"valueName\":\"search_term_string\"}}],\"inLanguage\":\"ca\"},{\"@type\":\"Organization\",\"@id\":\"https:\\\/\\\/bacusevents.com\\\/ca\\\/#organization\",\"name\":\"Bacus Events - Creaci\u00f3n y Organizaci\u00f3n de Eventos\",\"url\":\"https:\\\/\\\/bacusevents.com\\\/ca\\\/\",\"logo\":{\"@type\":\"ImageObject\",\"inLanguage\":\"ca\",\"@id\":\"https:\\\/\\\/bacusevents.com\\\/ca\\\/#\\\/schema\\\/logo\\\/image\\\/\",\"url\":\"https:\\\/\\\/bacusevents.com\\\/wp-content\\\/uploads\\\/2025\\\/03\\\/BacusEvents-5.png\",\"contentUrl\":\"https:\\\/\\\/bacusevents.com\\\/wp-content\\\/uploads\\\/2025\\\/03\\\/BacusEvents-5.png\",\"width\":393,\"height\":426,\"caption\":\"Bacus Events - Creaci\u00f3n y Organizaci\u00f3n de Eventos\"},\"image\":{\"@id\":\"https:\\\/\\\/bacusevents.com\\\/ca\\\/#\\\/schema\\\/logo\\\/image\\\/\"},\"sameAs\":[\"https:\\\/\\\/www.facebook.com\\\/BacusEventos\",\"https:\\\/\\\/www.instagram.com\\\/bacusevents\\\/\",\"https:\\\/\\\/www.linkedin.com\\\/company\\\/1481874\\\/admin\\\/dashboard\\\/\"]},{\"@type\":\"Person\",\"@id\":\"https:\\\/\\\/bacusevents.com\\\/ca\\\/#\\\/schema\\\/person\\\/1bceb1ffde896ddf77b1c58f2d314e59\",\"name\":\"Valentina\",\"image\":{\"@type\":\"ImageObject\",\"inLanguage\":\"ca\",\"@id\":\"https:\\\/\\\/secure.gravatar.com\\\/avatar\\\/81b6b00e29e2279ed8e2ed6b874680d0eb29dd7a5310d6ee502417c4d32b8410?s=96&d=mm&r=g\",\"url\":\"https:\\\/\\\/secure.gravatar.com\\\/avatar\\\/81b6b00e29e2279ed8e2ed6b874680d0eb29dd7a5310d6ee502417c4d32b8410?s=96&d=mm&r=g\",\"contentUrl\":\"https:\\\/\\\/secure.gravatar.com\\\/avatar\\\/81b6b00e29e2279ed8e2ed6b874680d0eb29dd7a5310d6ee502417c4d32b8410?s=96&d=mm&r=g\",\"caption\":\"Valentina\"},\"sameAs\":[\"https:\\\/\\\/bacusevents.com\"],\"url\":\"https:\\\/\\\/bacusevents.com\\\/ca\\\/author\\\/editor-bacus\\\/\"}]}<\/script>\n<!-- \/ Yoast SEO Premium plugin. -->","yoast_head_json":{"title":"10 tend\u00e8ncies en c\u00e0tering per a esdeveniments aquest 2023 - Bacus Events - Creaci\u00f3n y Organizaci\u00f3n de Eventos","robots":{"index":"index","follow":"follow","max-snippet":"max-snippet:-1","max-image-preview":"max-image-preview:large","max-video-preview":"max-video-preview:-1"},"canonical":"https:\/\/bacusevents.com\/ca\/10-tendencies-en-catering-per-a-esdeveniments-aquest-2023\/","og_locale":"ca_ES","og_type":"article","og_title":"10 tend\u00e8ncies en c\u00e0tering per a esdeveniments aquest 2023","og_description":"Menjar m\u00e9s saludable i lleuger? Plats est\u00e8tics de primer impacte visual? Doncs sembla que s\u00ed, que els assistents mengen m\u00e9s pels ulls i que l&#8217;healthy \u00e9s el que triomfa. La societat s&#8217;ha anat conscienciant m\u00e9s i m\u00e9s sobre el fet de menjar millor i de manera m\u00e9s sana i, en paral\u00b7lel, puja la demanda de [&hellip;]","og_url":"https:\/\/bacusevents.com\/ca\/10-tendencies-en-catering-per-a-esdeveniments-aquest-2023\/","og_site_name":"Bacus Events - Creaci\u00f3n y Organizaci\u00f3n de Eventos","article_publisher":"https:\/\/www.facebook.com\/BacusEventos","article_published_time":"2023-05-26T13:12:14+00:00","article_modified_time":"2024-05-01T05:56:30+00:00","og_image":[{"width":960,"height":640,"url":"https:\/\/bacusevents.com\/wp-content\/uploads\/2023\/05\/BacusEvents_catering_tendencias-portada.jpeg","type":"image\/jpeg"}],"author":"Valentina","twitter_card":"summary_large_image","twitter_misc":{"Escrit per":"Valentina","Temps estimat de lectura":"14 minuts"},"schema":{"@context":"https:\/\/schema.org","@graph":[{"@type":"Article","@id":"https:\/\/bacusevents.com\/ca\/10-tendencies-en-catering-per-a-esdeveniments-aquest-2023\/#article","isPartOf":{"@id":"https:\/\/bacusevents.com\/ca\/10-tendencies-en-catering-per-a-esdeveniments-aquest-2023\/"},"author":{"name":"Valentina","@id":"https:\/\/bacusevents.com\/ca\/#\/schema\/person\/1bceb1ffde896ddf77b1c58f2d314e59"},"headline":"10 tend\u00e8ncies en c\u00e0tering per a esdeveniments aquest 2023","datePublished":"2023-05-26T13:12:14+00:00","dateModified":"2024-05-01T05:56:30+00:00","mainEntityOfPage":{"@id":"https:\/\/bacusevents.com\/ca\/10-tendencies-en-catering-per-a-esdeveniments-aquest-2023\/"},"wordCount":2790,"commentCount":0,"publisher":{"@id":"https:\/\/bacusevents.com\/ca\/#organization"},"image":{"@id":"https:\/\/bacusevents.com\/ca\/10-tendencies-en-catering-per-a-esdeveniments-aquest-2023\/#primaryimage"},"thumbnailUrl":"https:\/\/bacusevents.com\/wp-content\/uploads\/2023\/05\/BacusEvents_catering_tendencias-portada.jpeg","keywords":["c\u00e0tering","esdeveniments"],"articleSection":["C\u00e0tering","Esdeveniments","News","Sostenibilitat"],"inLanguage":"ca","potentialAction":[{"@type":"CommentAction","name":"Comment","target":["https:\/\/bacusevents.com\/ca\/10-tendencies-en-catering-per-a-esdeveniments-aquest-2023\/#respond"]}]},{"@type":"WebPage","@id":"https:\/\/bacusevents.com\/ca\/10-tendencies-en-catering-per-a-esdeveniments-aquest-2023\/","url":"https:\/\/bacusevents.com\/ca\/10-tendencies-en-catering-per-a-esdeveniments-aquest-2023\/","name":"10 tend\u00e8ncies en c\u00e0tering per a esdeveniments aquest 2023 - Bacus Events - Creaci\u00f3n y Organizaci\u00f3n de Eventos","isPartOf":{"@id":"https:\/\/bacusevents.com\/ca\/#website"},"primaryImageOfPage":{"@id":"https:\/\/bacusevents.com\/ca\/10-tendencies-en-catering-per-a-esdeveniments-aquest-2023\/#primaryimage"},"image":{"@id":"https:\/\/bacusevents.com\/ca\/10-tendencies-en-catering-per-a-esdeveniments-aquest-2023\/#primaryimage"},"thumbnailUrl":"https:\/\/bacusevents.com\/wp-content\/uploads\/2023\/05\/BacusEvents_catering_tendencias-portada.jpeg","datePublished":"2023-05-26T13:12:14+00:00","dateModified":"2024-05-01T05:56:30+00:00","breadcrumb":{"@id":"https:\/\/bacusevents.com\/ca\/10-tendencies-en-catering-per-a-esdeveniments-aquest-2023\/#breadcrumb"},"inLanguage":"ca","potentialAction":[{"@type":"ReadAction","target":["https:\/\/bacusevents.com\/ca\/10-tendencies-en-catering-per-a-esdeveniments-aquest-2023\/"]}]},{"@type":"ImageObject","inLanguage":"ca","@id":"https:\/\/bacusevents.com\/ca\/10-tendencies-en-catering-per-a-esdeveniments-aquest-2023\/#primaryimage","url":"https:\/\/bacusevents.com\/wp-content\/uploads\/2023\/05\/BacusEvents_catering_tendencias-portada.jpeg","contentUrl":"https:\/\/bacusevents.com\/wp-content\/uploads\/2023\/05\/BacusEvents_catering_tendencias-portada.jpeg","width":960,"height":640},{"@type":"BreadcrumbList","@id":"https:\/\/bacusevents.com\/ca\/10-tendencies-en-catering-per-a-esdeveniments-aquest-2023\/#breadcrumb","itemListElement":[{"@type":"ListItem","position":1,"name":"Portada","item":"https:\/\/bacusevents.com\/ca\/"},{"@type":"ListItem","position":2,"name":"10 tend\u00e8ncies en c\u00e0tering per a esdeveniments aquest 2023"}]},{"@type":"WebSite","@id":"https:\/\/bacusevents.com\/ca\/#website","url":"https:\/\/bacusevents.com\/ca\/","name":"Bacus Events - Creaci\u00f3n y Organizaci\u00f3n de Eventos","description":"Bacus Events - Creaci\u00f3n y Organizaci\u00f3n de Eventos","publisher":{"@id":"https:\/\/bacusevents.com\/ca\/#organization"},"potentialAction":[{"@type":"SearchAction","target":{"@type":"EntryPoint","urlTemplate":"https:\/\/bacusevents.com\/ca\/?s={search_term_string}"},"query-input":{"@type":"PropertyValueSpecification","valueRequired":true,"valueName":"search_term_string"}}],"inLanguage":"ca"},{"@type":"Organization","@id":"https:\/\/bacusevents.com\/ca\/#organization","name":"Bacus Events - Creaci\u00f3n y Organizaci\u00f3n de Eventos","url":"https:\/\/bacusevents.com\/ca\/","logo":{"@type":"ImageObject","inLanguage":"ca","@id":"https:\/\/bacusevents.com\/ca\/#\/schema\/logo\/image\/","url":"https:\/\/bacusevents.com\/wp-content\/uploads\/2025\/03\/BacusEvents-5.png","contentUrl":"https:\/\/bacusevents.com\/wp-content\/uploads\/2025\/03\/BacusEvents-5.png","width":393,"height":426,"caption":"Bacus Events - Creaci\u00f3n y Organizaci\u00f3n de Eventos"},"image":{"@id":"https:\/\/bacusevents.com\/ca\/#\/schema\/logo\/image\/"},"sameAs":["https:\/\/www.facebook.com\/BacusEventos","https:\/\/www.instagram.com\/bacusevents\/","https:\/\/www.linkedin.com\/company\/1481874\/admin\/dashboard\/"]},{"@type":"Person","@id":"https:\/\/bacusevents.com\/ca\/#\/schema\/person\/1bceb1ffde896ddf77b1c58f2d314e59","name":"Valentina","image":{"@type":"ImageObject","inLanguage":"ca","@id":"https:\/\/secure.gravatar.com\/avatar\/81b6b00e29e2279ed8e2ed6b874680d0eb29dd7a5310d6ee502417c4d32b8410?s=96&d=mm&r=g","url":"https:\/\/secure.gravatar.com\/avatar\/81b6b00e29e2279ed8e2ed6b874680d0eb29dd7a5310d6ee502417c4d32b8410?s=96&d=mm&r=g","contentUrl":"https:\/\/secure.gravatar.com\/avatar\/81b6b00e29e2279ed8e2ed6b874680d0eb29dd7a5310d6ee502417c4d32b8410?s=96&d=mm&r=g","caption":"Valentina"},"sameAs":["https:\/\/bacusevents.com"],"url":"https:\/\/bacusevents.com\/ca\/author\/editor-bacus\/"}]}},"_links":{"self":[{"href":"https:\/\/bacusevents.com\/ca\/wp-json\/wp\/v2\/posts\/10764","targetHints":{"allow":["GET"]}}],"collection":[{"href":"https:\/\/bacusevents.com\/ca\/wp-json\/wp\/v2\/posts"}],"about":[{"href":"https:\/\/bacusevents.com\/ca\/wp-json\/wp\/v2\/types\/post"}],"author":[{"embeddable":true,"href":"https:\/\/bacusevents.com\/ca\/wp-json\/wp\/v2\/users\/3"}],"replies":[{"embeddable":true,"href":"https:\/\/bacusevents.com\/ca\/wp-json\/wp\/v2\/comments?post=10764"}],"version-history":[{"count":1,"href":"https:\/\/bacusevents.com\/ca\/wp-json\/wp\/v2\/posts\/10764\/revisions"}],"predecessor-version":[{"id":10808,"href":"https:\/\/bacusevents.com\/ca\/wp-json\/wp\/v2\/posts\/10764\/revisions\/10808"}],"wp:featuredmedia":[{"embeddable":true,"href":"https:\/\/bacusevents.com\/ca\/wp-json\/wp\/v2\/media\/10079"}],"wp:attachment":[{"href":"https:\/\/bacusevents.com\/ca\/wp-json\/wp\/v2\/media?parent=10764"}],"wp:term":[{"taxonomy":"category","embeddable":true,"href":"https:\/\/bacusevents.com\/ca\/wp-json\/wp\/v2\/categories?post=10764"},{"taxonomy":"post_tag","embeddable":true,"href":"https:\/\/bacusevents.com\/ca\/wp-json\/wp\/v2\/tags?post=10764"}],"curies":[{"name":"wp","href":"https:\/\/api.w.org\/{rel}","templated":true}]}}