{"id":10816,"date":"2023-05-24T12:06:51","date_gmt":"2023-05-24T12:06:51","guid":{"rendered":"https:\/\/bacusevents.com\/5-terrasses-amb-vistes-per-celebrar-esdeveniments-a-barcelona\/"},"modified":"2024-05-01T05:56:31","modified_gmt":"2024-05-01T05:56:31","slug":"5-terrasses-amb-vistes-per-celebrar-esdeveniments-a-barcelona","status":"publish","type":"post","link":"https:\/\/bacusevents.com\/ca\/5-terrasses-amb-vistes-per-celebrar-esdeveniments-a-barcelona\/","title":{"rendered":"5 terrasses amb vistes per celebrar esdeveniments a Barcelona"},"content":{"rendered":"<div style='padding-bottom:15px; font-size:40px;' class='av-special-heading av-special-heading-h1  blockquote modern-quote modern-centered  avia-builder-el-0  el_before_av_textblock  avia-builder-el-first   av-inherit-size '><h1 class='av-special-heading-tag '  itemprop=\"headline\"  >5 terrasses amb vistes per celebrar esdeveniments a Barcelona<\/h1><div class='special-heading-border'><div class='special-heading-inner-border' ><\/div><\/div><\/div>\n<section class=\"av_textblock_section \"  itemscope=\"itemscope\" itemtype=\"https:\/\/schema.org\/BlogPosting\" itemprop=\"blogPost\" ><div class='avia_textblock  '   itemprop=\"text\" ><p><span style=\"font-family: graphik-regular;\">Barcelona \u00e9s una ciutat plena de vida i cultura. I, amb l&#8217;arribada del bon temps, tothom surt al carrer per gaudir de tot all\u00f2 que ofereix. Per aix\u00f2, les terrasses amb vistes han esdevingut els espais favorits per celebrar tant esdeveniments corporatius com festes privades.<\/span><\/p>\n<p><span style=\"font-family: graphik-regular;\">Aquests llocs no nom\u00e9s ofereixen la possibilitat de gaudir d\u00b4una panor\u00e0mica inigualable. A la ciutat comtal hi ha nombrosos terrats i terrasses a peu de platja on gaudir d&#8217;una brisa refrescant amb un ambient agradable. A m\u00e9s, la gran oferta d&#8217;espais a Barcelona fa que sigui la localitat id\u00f2nia per a tota mena d&#8217;ocasions.<\/span><\/p>\n<p><span style=\"font-family: graphik-regular;\">Des del nostre partner VenuesPlace ens recomanen algunes terrasses de somni per celebrar esdeveniments a la ciutat comtal.  <\/span><\/p>\n<p><span style=\"font-family: graphik-regular;\">Els top 5 segons ells s\u00f3n:<\/span><\/p>\n<ol>\n<li><span style=\"font-family: graphik-regular;\">Kimpton Vividora Hotel<\/span><\/li>\n<li><span style=\"font-family: graphik-regular;\">Attic Studio<\/span><\/li>\n<li><span style=\"font-family: graphik-regular;\">Espai Granada<\/span><\/li>\n<li><span style=\"font-family: graphik-regular;\">Casa Bonay<\/span><\/li>\n<li><span style=\"font-family: graphik-regular;\">Intercontinental Barcelona<\/span><\/li>\n<\/ol>\n<p><!--more--><\/p>\n<\/div><\/section>\n<div style='padding-bottom:15px; color:#000000;font-size:40px;' class='av-special-heading av-special-heading-h1 custom-color-heading blockquote modern-quote modern-centered  avia-builder-el-2  el_after_av_textblock  el_before_av_one_full   av-inherit-size '><h1 class='av-special-heading-tag '  itemprop=\"headline\"  >Kimpton Vividora Hotel<\/h1><div class='special-heading-border'><div class='special-heading-inner-border' style='border-color:#000000'><\/div><\/div><\/div>\n<div class=\"flex_column av_one_full  flex_column_div av-zero-column-padding first  avia-builder-el-3  el_after_av_heading  el_before_av_heading  \" style='border-radius:0px; '><p><div  data-size='featured'  data-lightbox_size='large'  data-animation='slide'  data-conditional_play=''  data-ids='6481'  data-video_counter='0'  data-autoplay='false'  data-bg_slider='false'  data-slide_height=''  data-handle='av_slideshow'  data-interval='5'  data-class=' avia-builder-el-4  el_before_av_textblock  avia-builder-el-first   '  data-css_id=''  data-scroll_down=''  data-control_layout='av-control-default'  data-custom_markup=''  data-perma_caption='aviaTBperma_caption'  data-autoplay_stopper=''  data-image_attachment=''  data-min_height='0px'  data-default-height='28.666666666667'  class='avia-slideshow avia-slideshow-1  av-control-default av-default-height-applied avia-slideshow-featured av_slideshow  avia-builder-el-4  el_before_av_textblock  avia-builder-el-first    avia-slide-slider '  itemprop=\"image\" itemscope=\"itemscope\" itemtype=\"https:\/\/schema.org\/ImageObject\" ><ul class='avia-slideshow-inner ' style='padding-bottom: 43%;' ><li  class=' av-single-slide slide-1 ' ><div data-rel='slideshow-1' class='avia-slide-wrap '   ><img src='https:\/\/bacusevents.com\/wp-content\/uploads\/2023\/05\/BacusEvents-News-Eventos_VenueKimpton-Vividora-Hotel_terrazasbcn-1000x430.jpg' width='1000' height='430' title='BacusEvents-News-Eventos_VenueKimpton Vividora Hotel_terrazasbcn' alt=''  itemprop=\"thumbnailUrl\"   \/><\/div><\/li><\/ul><\/div><br \/>\n<section class=\"av_textblock_section \"  itemscope=\"itemscope\" itemtype=\"https:\/\/schema.org\/BlogPosting\" itemprop=\"blogPost\" ><div class='avia_textblock  '   itemprop=\"text\" ><p><span style=\"font-family: graphik-regular;\">El Kimpton Vividora Hotel, al barri G\u00f2tic de Barcelona, \u200b\u200bfusiona el luxe contemporani amb la cultura din\u00e0mica i el car\u00e0cter art\u00edstic d&#8217;aquest ve\u00efnat c\u00e8ntric ple d&#8217;hist\u00f2ria. Aquest hotel boutique \u00e9s ideal per a una escapada o per celebrar un esdeveniment amb magnific\u00e8ncia.<\/span><\/p>\n<p><span style=\"font-family: graphik-regular;\">A Kimpton Vividora Hotel, podr\u00e0s celebrar tota mena d&#8217;esdeveniments aprofitant totes les possibilitats que ofereixen els seus espais din\u00e0mics, que tant agraden als hostes i ve\u00efns. Si organitzareu un retir corporatiu, una celebraci\u00f3 d&#8217;aniversari o, fins i tot, un casament, a la vostra oferta d&#8217;espais trobareu l&#8217;escenari ideal per a una trobada inoblidable. Per\u00f2 una de les coses per les quals m\u00e9s destaca, sens dubte, \u00e9s la terrassa. La Terrassa de Vivi, es mostra com un espai espectacular ideal per al teu esdeveniment on estareu acompanyats per unes vistes incre\u00efbles, a m\u00e9s d&#8217;un servei de qualitat que us enamorar\u00e0 a tu i als teus convidats.<\/span><\/p>\n<p><span style=\"font-family: graphik-regular;\">Pel que fa a gastronomia, a la Terrassa de Vivi podr\u00e0s gaudir de c\u00f2ctels refrescants i deliciosos platets mediterranis, acompanyat dels teus convidats i \u00e0mplies vistes de la ciutat antiga.<\/span><\/p>\n<\/div><\/section><br \/>\n<div id='av-masonry-1' class='av-masonry  noHover av-fixed-size av-large-gap av-hover-overlay-active av-masonry-animation-active av-masonry-col-3 av-caption-always av-caption-style- av-masonry-gallery     '  ><div class='av-masonry-container isotope av-js-disabled ' ><div class='av-masonry-entry isotope-item av-masonry-item-no-image '><\/div><a href=\"https:\/\/bacusevents.com\/wp-content\/uploads\/2023\/05\/BacusEvents-News-Eventos_VenueKimpton-Vividora-Hotel_terrazasbcn3-1.jpg\" id='av-masonry-1-item-9937' data-av-masonry-item='9937' class='av-masonry-entry isotope-item post-9937 attachment type-attachment status-inherit hentry  av-masonry-item-with-image' title=\"BacusEvents-News-Eventos_VenueKimpton Vividora Hotel_terrazasbcn3\"  itemprop=\"thumbnailUrl\" ><div class='av-inner-masonry-sizer'><\/div><figure class='av-inner-masonry main_color'><div class=\"av-masonry-outerimage-container\"><div class=\"av-masonry-image-container\" style=\"background-image: url(https:\/\/bacusevents.com\/wp-content\/uploads\/2023\/05\/BacusEvents-News-Eventos_VenueKimpton-Vividora-Hotel_terrazasbcn3-1.jpg);\" title=\"BacusEvents-News-Eventos_VenueKimpton Vividora Hotel_terrazasbcn3\" ><\/div><\/div><\/figure><\/a><!--end av-masonry entry--><a href=\"https:\/\/bacusevents.com\/wp-content\/uploads\/2023\/05\/BacusEvents-News-Eventos_VenueKimpton-Vividora-Hotel_terrazasbcn2-1.jpg\" id='av-masonry-1-item-9935' data-av-masonry-item='9935' class='av-masonry-entry isotope-item post-9935 attachment type-attachment status-inherit hentry  av-masonry-item-with-image' title=\"BacusEvents-News-Eventos_VenueKimpton Vividora Hotel_terrazasbcn2\"  itemprop=\"thumbnailUrl\" ><div class='av-inner-masonry-sizer'><\/div><figure class='av-inner-masonry main_color'><div class=\"av-masonry-outerimage-container\"><div class=\"av-masonry-image-container\" style=\"background-image: url(https:\/\/bacusevents.com\/wp-content\/uploads\/2023\/05\/BacusEvents-News-Eventos_VenueKimpton-Vividora-Hotel_terrazasbcn2-1.jpg);\" title=\"BacusEvents-News-Eventos_VenueKimpton Vividora Hotel_terrazasbcn2\" ><\/div><\/div><\/figure><\/a><!--end av-masonry entry--><a href=\"https:\/\/bacusevents.com\/wp-content\/uploads\/2023\/05\/BacusEvents-News-Eventos_VenueKimpton-Vividora-Hotel_terrazasbcn3.jpg\" id='av-masonry-1-item-9933' data-av-masonry-item='9933' class='av-masonry-entry isotope-item post-9933 attachment type-attachment status-inherit hentry  av-masonry-item-with-image' title=\"BacusEvents-News-Eventos_VenueKimpton Vividora Hotel_terrazasbcn3\"  itemprop=\"thumbnailUrl\" ><div class='av-inner-masonry-sizer'><\/div><figure class='av-inner-masonry main_color'><div class=\"av-masonry-outerimage-container\"><div class=\"av-masonry-image-container\" style=\"background-image: url(https:\/\/bacusevents.com\/wp-content\/uploads\/2023\/05\/BacusEvents-News-Eventos_VenueKimpton-Vividora-Hotel_terrazasbcn3.jpg);\" title=\"BacusEvents-News-Eventos_VenueKimpton Vividora Hotel_terrazasbcn3\" ><\/div><\/div><\/figure><\/a><!--end av-masonry entry--><\/div><\/div><\/p><\/div>\n<div style='padding-bottom:15px; color:#000000;font-size:40px;' class='av-special-heading av-special-heading-h1 custom-color-heading blockquote modern-quote modern-centered  avia-builder-el-7  el_after_av_one_full  el_before_av_one_full   av-inherit-size '><h1 class='av-special-heading-tag '  itemprop=\"headline\"  >Attic Studio<\/h1><div class='special-heading-border'><div class='special-heading-inner-border' style='border-color:#000000'><\/div><\/div><\/div>\n<div class=\"flex_column av_one_full  flex_column_div av-zero-column-padding first  avia-builder-el-8  el_after_av_heading  el_before_av_heading  \" style='border-radius:0px; '><p><div  data-size='featured'  data-lightbox_size='large'  data-animation='slide'  data-conditional_play=''  data-ids='6507'  data-video_counter='0'  data-autoplay='false'  data-bg_slider='false'  data-slide_height=''  data-handle='av_slideshow'  data-interval='5'  data-class=' avia-builder-el-9  el_before_av_textblock  avia-builder-el-first   '  data-css_id=''  data-scroll_down=''  data-control_layout='av-control-default'  data-custom_markup=''  data-perma_caption='aviaTBperma_caption'  data-autoplay_stopper=''  data-image_attachment=''  data-min_height='0px'  data-default-height='28.666666666667'  class='avia-slideshow avia-slideshow-2  av-control-default av-default-height-applied avia-slideshow-featured av_slideshow  avia-builder-el-9  el_before_av_textblock  avia-builder-el-first    avia-slide-slider '  itemprop=\"image\" itemscope=\"itemscope\" itemtype=\"https:\/\/schema.org\/ImageObject\" ><ul class='avia-slideshow-inner ' style='padding-bottom: 43%;' ><li  class=' av-single-slide slide-1 ' ><div data-rel='slideshow-2' class='avia-slide-wrap '   ><img src='https:\/\/bacusevents.com\/wp-content\/uploads\/2023\/05\/BacusEvents-News-Eventos_Venue-AtticStudio_terrazasbcn-1000x430.jpg' width='1000' height='430' title='BacusEvents-News-Eventos_Venue-AtticStudio_terrazasbcn' alt=''  itemprop=\"thumbnailUrl\"   \/><\/div><\/li><\/ul><\/div><br \/>\n<section class=\"av_textblock_section \"  itemscope=\"itemscope\" itemtype=\"https:\/\/schema.org\/BlogPosting\" itemprop=\"blogPost\" ><div class='avia_textblock  '   itemprop=\"text\" ><p><span style=\"font-family: graphik-regular;\">Es tracta d\u00b4un lux\u00f3s i espectacular \u00e0tic situat en un edifici de dues plantes. El principal atractiu de lespai \u00e9s la seva impressionant terrassa de 450 m2 amb una meravellosa infinity pool.<\/span><\/p>\n<p><span style=\"font-family: graphik-regular;\">L\u00b4interior d\u00b4Attic Studio \u00e9s ampli, di\u00e0fan i est\u00e0 completament il\u00b7luminat amb llum natural. Amb una decoraci\u00f3 minimalista, aquesta zona \u00e9s molt vers\u00e0til i pot ser transformada sense cap problema. Aix\u00ed, podr\u00e0s modificar-la al teu gust perqu\u00e8 la teva celebraci\u00f3 conquisti tots els convidats.<\/span><\/p>\n<p><span style=\"font-family: graphik-regular;\">D&#8217;altra banda, la terrassa fant\u00e0stica t\u00e9 una zona de bar acollidora i un mobiliari d&#8217;estil chill out. \u00c9s l&#8217;ambient perfecte per gaudir de les inigualables vistes que ofereix el terrat. Per aix\u00f2, aquest \u00e0tic \u00e9s ideal per celebrar qualsevol esdeveniment: casaments civils, sopars de gala, reunions d&#8217;empresa, sessions fotogr\u00e0fiques\u2026<\/span><\/p>\n<p><span style=\"font-family: graphik-regular;\">Attic Studio no disposa de cuina pr\u00f2pia, per\u00f2 s\u00ed que treballa amb empreses de c\u00e0tering de primera qualitat. El seu gran equip de professionals estar\u00e0 encantat de treballar amb tu per trobar la millor soluci\u00f3 per a la teva celebraci\u00f3. Atendran totes les teves necessitats i compliran cadascun dels teus desitjos.<\/span><\/p>\n<\/div><\/section><br \/>\n<div id='av-masonry-2' class='av-masonry  noHover av-fixed-size av-large-gap av-hover-overlay-active av-masonry-animation-active av-masonry-col-3 av-caption-always av-caption-style- av-masonry-gallery     '  ><div class='av-masonry-container isotope av-js-disabled ' ><div class='av-masonry-entry isotope-item av-masonry-item-no-image '><\/div><a href=\"https:\/\/bacusevents.com\/wp-content\/uploads\/2023\/05\/BacusEvents-News-Eventos_Venue-AtticStudio_terrazasbcn3.jpg\" id='av-masonry-2-item-9941' data-av-masonry-item='9941' class='av-masonry-entry isotope-item post-9941 attachment type-attachment status-inherit hentry  av-masonry-item-with-image' title=\"BacusEvents-News-Eventos_Venue-AtticStudio_terrazasbcn3\"  itemprop=\"thumbnailUrl\" ><div class='av-inner-masonry-sizer'><\/div><figure class='av-inner-masonry main_color'><div class=\"av-masonry-outerimage-container\"><div class=\"av-masonry-image-container\" style=\"background-image: url(https:\/\/bacusevents.com\/wp-content\/uploads\/2023\/05\/BacusEvents-News-Eventos_Venue-AtticStudio_terrazasbcn3.jpg);\" title=\"BacusEvents-News-Eventos_Venue-AtticStudio_terrazasbcn3\" ><\/div><\/div><\/figure><\/a><!--end av-masonry entry--><a href=\"https:\/\/bacusevents.com\/wp-content\/uploads\/2023\/05\/BacusEvents-News-Eventos_Venue-AtticStudio_terrazasbcn1.jpg\" id='av-masonry-2-item-9943' data-av-masonry-item='9943' class='av-masonry-entry isotope-item post-9943 attachment type-attachment status-inherit hentry  av-masonry-item-with-image' title=\"BacusEvents-News-Eventos_Venue-AtticStudio_terrazasbcn1\"  itemprop=\"thumbnailUrl\" ><div class='av-inner-masonry-sizer'><\/div><figure class='av-inner-masonry main_color'><div class=\"av-masonry-outerimage-container\"><div class=\"av-masonry-image-container\" style=\"background-image: url(https:\/\/bacusevents.com\/wp-content\/uploads\/2023\/05\/BacusEvents-News-Eventos_Venue-AtticStudio_terrazasbcn1.jpg);\" title=\"BacusEvents-News-Eventos_Venue-AtticStudio_terrazasbcn1\" ><\/div><\/div><\/figure><\/a><!--end av-masonry entry--><a href=\"https:\/\/bacusevents.com\/wp-content\/uploads\/2023\/05\/BacusEvents-News-Eventos_Venue-AtticStudio_terrazasbcn2.jpg\" id='av-masonry-2-item-9945' data-av-masonry-item='9945' class='av-masonry-entry isotope-item post-9945 attachment type-attachment status-inherit hentry  av-masonry-item-with-image' title=\"BacusEvents-News-Eventos_Venue-AtticStudio_terrazasbcn2\"  itemprop=\"thumbnailUrl\" ><div class='av-inner-masonry-sizer'><\/div><figure class='av-inner-masonry main_color'><div class=\"av-masonry-outerimage-container\"><div class=\"av-masonry-image-container\" style=\"background-image: url(https:\/\/bacusevents.com\/wp-content\/uploads\/2023\/05\/BacusEvents-News-Eventos_Venue-AtticStudio_terrazasbcn2-705x493.jpg);\" title=\"BacusEvents-News-Eventos_Venue-AtticStudio_terrazasbcn2\" ><\/div><\/div><\/figure><\/a><!--end av-masonry entry--><\/div><\/div><\/p><\/div>\n<div style='padding-bottom:15px; color:#000000;font-size:40px;' class='av-special-heading av-special-heading-h1 custom-color-heading blockquote modern-quote modern-centered  avia-builder-el-12  el_after_av_one_full  el_before_av_one_full   av-inherit-size '><h1 class='av-special-heading-tag '  itemprop=\"headline\"  >Espai Granada<\/h1><div class='special-heading-border'><div class='special-heading-inner-border' style='border-color:#000000'><\/div><\/div><\/div>\n<div class=\"flex_column av_one_full  flex_column_div av-zero-column-padding first  avia-builder-el-13  el_after_av_heading  el_before_av_heading  \" style='border-radius:0px; '><p><div  data-size='featured'  data-lightbox_size='large'  data-animation='slide'  data-conditional_play=''  data-ids='6511'  data-video_counter='0'  data-autoplay='false'  data-bg_slider='false'  data-slide_height=''  data-handle='av_slideshow'  data-interval='5'  data-class=' avia-builder-el-14  el_before_av_textblock  avia-builder-el-first   '  data-css_id=''  data-scroll_down=''  data-control_layout='av-control-default'  data-custom_markup=''  data-perma_caption='aviaTBperma_caption'  data-autoplay_stopper=''  data-image_attachment=''  data-min_height='0px'  data-default-height='28.666666666667'  class='avia-slideshow avia-slideshow-3  av-control-default av-default-height-applied avia-slideshow-featured av_slideshow  avia-builder-el-14  el_before_av_textblock  avia-builder-el-first    avia-slide-slider '  itemprop=\"image\" itemscope=\"itemscope\" itemtype=\"https:\/\/schema.org\/ImageObject\" ><ul class='avia-slideshow-inner ' style='padding-bottom: 43%;' ><li  class=' av-single-slide slide-1 ' ><div data-rel='slideshow-3' class='avia-slide-wrap '   ><img src='https:\/\/bacusevents.com\/wp-content\/uploads\/2023\/05\/BacusEvents-News-Eventos_Venue-EspaiGranada_terrazasbcn-1000x430.jpg' width='1000' height='430' title='BacusEvents-News-Eventos_Venue-EspaiGranada_terrazasbcn' alt=''  itemprop=\"thumbnailUrl\"   \/><\/div><\/li><\/ul><\/div><br \/>\n<section class=\"av_textblock_section \"  itemscope=\"itemscope\" itemtype=\"https:\/\/schema.org\/BlogPosting\" itemprop=\"blogPost\" ><div class='avia_textblock  '   itemprop=\"text\" ><p><span style=\"font-family: graphik-regular;\">Espai Granada \u00e9s un \u00e0tic reconvertit en loft d&#8217;avantguarda. Situat en un alt edifici d&#8217;un edifici emblem\u00e0tic, ofereix una impactant vista 360\u00ba de Barcelona. \u00c9s un lloc di\u00e0fan i llumin\u00f3s la versatilitat del qual us permet acollir qualsevol tipus d&#8217;esdeveniment.<\/span><\/p>\n<p><span style=\"font-family: graphik-regular;\">Disposa d&#8217;una cuina pr\u00f2pia on podr\u00e0s organitzar sopars privats i show cookings. Sempre t&#8217;oferiran productes ecol\u00f2gics i de temporada perqu\u00e8 els teus plats siguin exquisits. A m\u00e9s, el vostre equip us assessorar\u00e0 en la preparaci\u00f3 de la vostra celebraci\u00f3 perqu\u00e8 totes les vostres necessitats quedin cobertes.<\/span><\/p>\n<\/div><\/section><br \/>\n<div id='av-masonry-3' class='av-masonry  noHover av-fixed-size av-large-gap av-hover-overlay-active av-masonry-animation-active av-masonry-col-3 av-caption-always av-caption-style- av-masonry-gallery     '  ><div class='av-masonry-container isotope av-js-disabled ' ><div class='av-masonry-entry isotope-item av-masonry-item-no-image '><\/div><a href=\"https:\/\/bacusevents.com\/wp-content\/uploads\/2023\/05\/BacusEvents-News-Eventos_Venue-EspaiGranada_terrazasbcn3.jpg\" id='av-masonry-3-item-9949' data-av-masonry-item='9949' class='av-masonry-entry isotope-item post-9949 attachment type-attachment status-inherit hentry  av-masonry-item-with-image' title=\"BacusEvents-News-Eventos_Venue-EspaiGranada_terrazasbcn3\"  itemprop=\"thumbnailUrl\" ><div class='av-inner-masonry-sizer'><\/div><figure class='av-inner-masonry main_color'><div class=\"av-masonry-outerimage-container\"><div class=\"av-masonry-image-container\" style=\"background-image: url(https:\/\/bacusevents.com\/wp-content\/uploads\/2023\/05\/BacusEvents-News-Eventos_Venue-EspaiGranada_terrazasbcn3-705x440.jpg);\" title=\"BacusEvents-News-Eventos_Venue-EspaiGranada_terrazasbcn3\" ><\/div><\/div><\/figure><\/a><!--end av-masonry entry--><a href=\"https:\/\/bacusevents.com\/wp-content\/uploads\/2023\/05\/BacusEvents-News-Eventos_Venue-EspaiGranada_terrazasbcn1-1030x686.jpg\" id='av-masonry-3-item-9951' data-av-masonry-item='9951' class='av-masonry-entry isotope-item post-9951 attachment type-attachment status-inherit hentry  av-masonry-item-with-image' title=\"BacusEvents-News-Eventos_Venue-EspaiGranada_terrazasbcn1\"  itemprop=\"thumbnailUrl\" ><div class='av-inner-masonry-sizer'><\/div><figure class='av-inner-masonry main_color'><div class=\"av-masonry-outerimage-container\"><div class=\"av-masonry-image-container\" style=\"background-image: url(https:\/\/bacusevents.com\/wp-content\/uploads\/2023\/05\/BacusEvents-News-Eventos_Venue-EspaiGranada_terrazasbcn1-705x470.jpg);\" title=\"BacusEvents-News-Eventos_Venue-EspaiGranada_terrazasbcn1\" ><\/div><\/div><\/figure><\/a><!--end av-masonry entry--><a href=\"https:\/\/bacusevents.com\/wp-content\/uploads\/2023\/05\/BacusEvents-News-Eventos_Venue-EspaiGranada_terrazasbcn2-1030x579.jpg\" id='av-masonry-3-item-9953' data-av-masonry-item='9953' class='av-masonry-entry isotope-item post-9953 attachment type-attachment status-inherit hentry  av-masonry-item-with-image' title=\"BacusEvents-News-Eventos_Venue-EspaiGranada_terrazasbcn2\"  itemprop=\"thumbnailUrl\" ><div class='av-inner-masonry-sizer'><\/div><figure class='av-inner-masonry main_color'><div class=\"av-masonry-outerimage-container\"><div class=\"av-masonry-image-container\" style=\"background-image: url(https:\/\/bacusevents.com\/wp-content\/uploads\/2023\/05\/BacusEvents-News-Eventos_Venue-EspaiGranada_terrazasbcn2-705x396.jpg);\" title=\"BacusEvents-News-Eventos_Venue-EspaiGranada_terrazasbcn2\" ><\/div><\/div><\/figure><\/a><!--end av-masonry entry--><\/div><\/div><\/p><\/div>\n<div style='padding-bottom:15px; color:#000000;font-size:40px;' class='av-special-heading av-special-heading-h1 custom-color-heading blockquote modern-quote modern-centered  avia-builder-el-17  el_after_av_one_full  el_before_av_one_full   av-inherit-size '><h1 class='av-special-heading-tag '  itemprop=\"headline\"  >Casa Bonay<\/h1><div class='special-heading-border'><div class='special-heading-inner-border' style='border-color:#000000'><\/div><\/div><\/div>\n<div class=\"flex_column av_one_full  flex_column_div av-zero-column-padding first  avia-builder-el-18  el_after_av_heading  el_before_av_heading  \" style='border-radius:0px; '><p><div  data-size='featured'  data-lightbox_size='large'  data-animation='slide'  data-conditional_play=''  data-ids='6518'  data-video_counter='0'  data-autoplay='false'  data-bg_slider='false'  data-slide_height=''  data-handle='av_slideshow'  data-interval='5'  data-class=' avia-builder-el-19  el_before_av_textblock  avia-builder-el-first   '  data-css_id=''  data-scroll_down=''  data-control_layout='av-control-default'  data-custom_markup=''  data-perma_caption='aviaTBperma_caption'  data-autoplay_stopper=''  data-image_attachment=''  data-min_height='0px'  data-default-height='28.666666666667'  class='avia-slideshow avia-slideshow-4  av-control-default av-default-height-applied avia-slideshow-featured av_slideshow  avia-builder-el-19  el_before_av_textblock  avia-builder-el-first    avia-slide-slider '  itemprop=\"image\" itemscope=\"itemscope\" itemtype=\"https:\/\/schema.org\/ImageObject\" ><ul class='avia-slideshow-inner ' style='padding-bottom: 43%;' ><li  class=' av-single-slide slide-1 ' ><div data-rel='slideshow-4' class='avia-slide-wrap '   ><img src='https:\/\/bacusevents.com\/wp-content\/uploads\/2023\/05\/BacusEvents-News-Eventos_Venue-CasaBonay_terrazasbcn-1000x430.jpg' width='1000' height='430' title='BacusEvents-News-Eventos_Venue-CasaBonay_terrazasbcn' alt=''  itemprop=\"thumbnailUrl\"   \/><\/div><\/li><\/ul><\/div><br \/>\n<section class=\"av_textblock_section \"  itemscope=\"itemscope\" itemtype=\"https:\/\/schema.org\/BlogPosting\" itemprop=\"blogPost\" ><div class='avia_textblock  '   itemprop=\"text\" ><p><span style=\"font-family: graphik-regular;\">Casa Bonay \u00e9s un hotel situat en un edifici neocl\u00e0ssic del 1869. Completament restaurat, compta amb dues magn\u00edfiques terrasses. Tot i que una \u00e9s un espai exclusiu per als hostes, el segon terrat \u00e9s perfecte per a qualsevol tipus d&#8217;esdeveniment.<\/span><\/p>\n<p><span style=\"font-family: graphik-regular;\">Hi podr\u00e0s trobar el seu fam\u00f3s quiosquet, on ofereix delicioses tapes locals i barbacoes d&#8217;estiu cada dia d&#8217;estiu. A m\u00e9s, tindreu l&#8217;oportunitat de gaudir de la vostra selecci\u00f3 de vins naturals seleccionats a m\u00e0 i una combinaci\u00f3 de c\u00f2ctels \u00fanica a Barcelona.<\/span><\/p>\n<p><span style=\"font-family: graphik-regular;\">La gastronomia que ofereix Casa Bonay \u00e9s 100% mediterr\u00e0nia. Els seus xefs elaboren cada plat nom\u00e9s amb productes de temporada i de la millor qualitat possible. Tamb\u00e9 tenen la possibilitat d&#8217;oferir men\u00fas tancats amb barra lliure.<\/span><\/p>\n<\/div><\/section><br \/>\n<div id='av-masonry-4' class='av-masonry  noHover av-fixed-size av-large-gap av-hover-overlay-active av-masonry-animation-active av-masonry-col-3 av-caption-always av-caption-style- av-masonry-gallery     '  ><div class='av-masonry-container isotope av-js-disabled ' ><div class='av-masonry-entry isotope-item av-masonry-item-no-image '><\/div><a href=\"https:\/\/bacusevents.com\/wp-content\/uploads\/2023\/05\/BacusEvents-News-Eventos_Venue-CasaBonay_terrazasbcn3.jpg\" id='av-masonry-4-item-9957' data-av-masonry-item='9957' class='av-masonry-entry isotope-item post-9957 attachment type-attachment status-inherit hentry  av-masonry-item-with-image' title=\"BacusEvents-News-Eventos_Venue-CasaBonay_terrazasbcn3\"  itemprop=\"thumbnailUrl\" ><div class='av-inner-masonry-sizer'><\/div><figure class='av-inner-masonry main_color'><div class=\"av-masonry-outerimage-container\"><div class=\"av-masonry-image-container\" style=\"background-image: url(https:\/\/bacusevents.com\/wp-content\/uploads\/2023\/05\/BacusEvents-News-Eventos_Venue-CasaBonay_terrazasbcn3-705x466.jpg);\" title=\"BacusEvents-News-Eventos_Venue-CasaBonay_terrazasbcn3\" ><\/div><\/div><\/figure><\/a><!--end av-masonry entry--><a href=\"https:\/\/bacusevents.com\/wp-content\/uploads\/2023\/05\/BacusEvents-News-Eventos_Venue-CasaBonay_terrazasbcn1.jpg\" id='av-masonry-4-item-9959' data-av-masonry-item='9959' class='av-masonry-entry isotope-item post-9959 attachment type-attachment status-inherit hentry  av-masonry-item-with-image' title=\"BacusEvents-News-Eventos_Venue-CasaBonay_terrazasbcn1\"  itemprop=\"thumbnailUrl\" ><div class='av-inner-masonry-sizer'><\/div><figure class='av-inner-masonry main_color'><div class=\"av-masonry-outerimage-container\"><div class=\"av-masonry-image-container\" style=\"background-image: url(https:\/\/bacusevents.com\/wp-content\/uploads\/2023\/05\/BacusEvents-News-Eventos_Venue-CasaBonay_terrazasbcn1-705x528.jpg);\" title=\"BacusEvents-News-Eventos_Venue-CasaBonay_terrazasbcn1\" ><\/div><\/div><\/figure><\/a><!--end av-masonry entry--><a href=\"https:\/\/bacusevents.com\/wp-content\/uploads\/2023\/05\/BacusEvents-News-Eventos_Venue-CasaBonay_terrazasbcn2.jpg\" id='av-masonry-4-item-9961' data-av-masonry-item='9961' class='av-masonry-entry isotope-item post-9961 attachment type-attachment status-inherit hentry  av-masonry-item-with-image' title=\"BacusEvents-News-Eventos_Venue-CasaBonay_terrazasbcn2\"  itemprop=\"thumbnailUrl\" ><div class='av-inner-masonry-sizer'><\/div><figure class='av-inner-masonry main_color'><div class=\"av-masonry-outerimage-container\"><div class=\"av-masonry-image-container\" style=\"background-image: url(https:\/\/bacusevents.com\/wp-content\/uploads\/2023\/05\/BacusEvents-News-Eventos_Venue-CasaBonay_terrazasbcn2-705x470.jpg);\" title=\"BacusEvents-News-Eventos_Venue-CasaBonay_terrazasbcn2\" ><\/div><\/div><\/figure><\/a><!--end av-masonry entry--><\/div><\/div><\/p><\/div>\n<div style='padding-bottom:15px; color:#000000;font-size:40px;' class='av-special-heading av-special-heading-h1 custom-color-heading blockquote modern-quote modern-centered  avia-builder-el-22  el_after_av_one_full  el_before_av_one_full   av-inherit-size '><h1 class='av-special-heading-tag '  itemprop=\"headline\"  >Intercontinental Barcelona<\/h1><div class='special-heading-border'><div class='special-heading-inner-border' style='border-color:#000000'><\/div><\/div><\/div>\n<div class=\"flex_column av_one_full  flex_column_div av-zero-column-padding first  avia-builder-el-23  el_after_av_heading  el_before_av_textblock  \" style='border-radius:0px; '><p><div  data-size='featured'  data-lightbox_size='large'  data-animation='slide'  data-conditional_play=''  data-ids='6523'  data-video_counter='0'  data-autoplay='false'  data-bg_slider='false'  data-slide_height=''  data-handle='av_slideshow'  data-interval='5'  data-class=' avia-builder-el-24  el_before_av_textblock  avia-builder-el-first   '  data-css_id=''  data-scroll_down=''  data-control_layout='av-control-default'  data-custom_markup=''  data-perma_caption='aviaTBperma_caption'  data-autoplay_stopper=''  data-image_attachment=''  data-min_height='0px'  data-default-height='28.666666666667'  class='avia-slideshow avia-slideshow-5  av-control-default av-default-height-applied avia-slideshow-featured av_slideshow  avia-builder-el-24  el_before_av_textblock  avia-builder-el-first    avia-slide-slider '  itemprop=\"image\" itemscope=\"itemscope\" itemtype=\"https:\/\/schema.org\/ImageObject\" ><ul class='avia-slideshow-inner ' style='padding-bottom: 43%;' ><li  class=' av-single-slide slide-1 ' ><div data-rel='slideshow-5' class='avia-slide-wrap '   ><img src='https:\/\/bacusevents.com\/wp-content\/uploads\/2023\/05\/BacusEvents-News-Eventos_VenueIntercontinentalBarcelona-terrazasbcn-1000x430.jpg' width='1000' height='430' title='BacusEvents-News-Eventos_VenueIntercontinentalBarcelona-terrazasbcn' alt=''  itemprop=\"thumbnailUrl\"   \/><\/div><\/li><\/ul><\/div><br \/>\n<section class=\"av_textblock_section \"  itemscope=\"itemscope\" itemtype=\"https:\/\/schema.org\/BlogPosting\" itemprop=\"blogPost\" ><div class='avia_textblock  '   itemprop=\"text\" ><p><span style=\"font-family: graphik-regular;\">Al centre de la capital catalana, l&#8217;Intercontinental Barcelona ofereix una \u00e0mplia varietat d&#8217;instal\u00b7lacions per celebrar esdeveniments. Els espais exteriors tenen vistes panor\u00e0miques dels llocs m\u00e9s emblem\u00e0tics de la zona. Per aquest motiu, \u00e9s un espai perfecte per organitzar trobades professionals o privades. Tamb\u00e9 podeu anar a prendre una copa o gaudir d&#8217;un sopar al vespre.<\/span><\/p>\n<p><span style=\"font-family: graphik-regular;\">Des de l&#8217;organitzaci\u00f3 d&#8217;actes corporatius fins a casaments i festes \u00edntimes, els vostres professionals s&#8217;encarregaran d&#8217;atendre totes les vostres necessitats. Aix\u00ed, proporcionaran un servei de m\u00e0xima qualitat perqu\u00e8 el teu esdeveniment sigui inoblidable.<\/span><\/p>\n<p><span style=\"font-family: graphik-regular;\">L&#8217;Intercontinental Barcelona compta amb dos terrats: la Terrassa Montju\u00efc i la 173 Rooftop Terrace. Tots dos s\u00f3n espais de gran capacitat ideals per gaudir d\u00b4un paisatge \u00fanic i privilegiat. A m\u00e9s, compta amb la sofisticada cuina del xef Marcos Sierra. Ell s&#8217;encarregar\u00e0 d&#8217;elaborar plats mediterranis tradicionals perqu\u00e8 visquis una experi\u00e8ncia culin\u00e0ria \u00fanica.<\/span><\/p>\n<\/div><\/section><br \/>\n<div id='av-masonry-5' class='av-masonry  noHover av-fixed-size av-large-gap av-hover-overlay-active av-masonry-animation-active av-masonry-col-3 av-caption-always av-caption-style- av-masonry-gallery     '  ><div class='av-masonry-container isotope av-js-disabled ' ><div class='av-masonry-entry isotope-item av-masonry-item-no-image '><\/div><a href=\"https:\/\/bacusevents.com\/wp-content\/uploads\/2023\/05\/BacusEvents-News-Eventos_VenueIntercontinentalBarcelona-terrazasbcn2.webp\" id='av-masonry-5-item-9969' data-av-masonry-item='9969' class='av-masonry-entry isotope-item post-9969 attachment type-attachment status-inherit hentry  av-masonry-item-with-image' title=\"BacusEvents-News-Eventos_VenueIntercontinentalBarcelona-terrazasbcn2\"  itemprop=\"thumbnailUrl\" ><div class='av-inner-masonry-sizer'><\/div><figure class='av-inner-masonry main_color'><div class=\"av-masonry-outerimage-container\"><div class=\"av-masonry-image-container\" style=\"background-image: url(https:\/\/bacusevents.com\/wp-content\/uploads\/2023\/05\/BacusEvents-News-Eventos_VenueIntercontinentalBarcelona-terrazasbcn2-705x485.webp);\" title=\"BacusEvents-News-Eventos_VenueIntercontinentalBarcelona-terrazasbcn2\" ><\/div><\/div><\/figure><\/a><!--end av-masonry entry--><a href=\"https:\/\/bacusevents.com\/wp-content\/uploads\/2023\/05\/BacusEvents-News-Eventos_VenueIntercontinentalBarcelona-terrazasbcn3.jpg\" id='av-masonry-5-item-9965' data-av-masonry-item='9965' class='av-masonry-entry isotope-item post-9965 attachment type-attachment status-inherit hentry  av-masonry-item-with-image' title=\"BacusEvents-News-Eventos_VenueIntercontinentalBarcelona-terrazasbcn3\"  itemprop=\"thumbnailUrl\" ><div class='av-inner-masonry-sizer'><\/div><figure class='av-inner-masonry main_color'><div class=\"av-masonry-outerimage-container\"><div class=\"av-masonry-image-container\" style=\"background-image: url(https:\/\/bacusevents.com\/wp-content\/uploads\/2023\/05\/BacusEvents-News-Eventos_VenueIntercontinentalBarcelona-terrazasbcn3-705x470.jpg);\" title=\"BacusEvents-News-Eventos_VenueIntercontinentalBarcelona-terrazasbcn3\" ><\/div><\/div><\/figure><\/a><!--end av-masonry entry--><a href=\"https:\/\/bacusevents.com\/wp-content\/uploads\/2023\/05\/BacusEvents-News-Eventos_VenueIntercontinentalBarcelona-terrazasbcn1.jpg\" id='av-masonry-5-item-9967' data-av-masonry-item='9967' class='av-masonry-entry isotope-item post-9967 attachment type-attachment status-inherit hentry  av-masonry-item-with-image' title=\"BacusEvents-News-Eventos_VenueIntercontinentalBarcelona-terrazasbcn1\"  itemprop=\"thumbnailUrl\" ><div class='av-inner-masonry-sizer'><\/div><figure class='av-inner-masonry main_color'><div class=\"av-masonry-outerimage-container\"><div class=\"av-masonry-image-container\" style=\"background-image: url(https:\/\/bacusevents.com\/wp-content\/uploads\/2023\/05\/BacusEvents-News-Eventos_VenueIntercontinentalBarcelona-terrazasbcn1.jpg);\" title=\"BacusEvents-News-Eventos_VenueIntercontinentalBarcelona-terrazasbcn1\" ><\/div><\/div><\/figure><\/a><!--end av-masonry entry--><\/div><\/div><\/p><\/div>\n<section class=\"av_textblock_section \"  itemscope=\"itemscope\" itemtype=\"https:\/\/schema.org\/BlogPosting\" itemprop=\"blogPost\" ><div class='avia_textblock  '   itemprop=\"text\" ><p><span style=\"font-family: graphik-regular;\">Font &#8211; https:\/\/www.venuesplace.com\/es\/idea\/142-5-terrazas-con-vistas-para-celebrar-eventos-en-barcelona<\/span><\/p>\n<\/div><\/section>\n<div class=\"flex_column av_one_full  flex_column_div av-zero-column-padding first  avia-builder-el-28  el_after_av_textblock  avia-builder-el-last  column-top-margin\" style='border-radius:0px; '><div class='avia-button-wrap avia-button-center  avia-builder-el-29  avia-builder-el-no-sibling  '><a href='javascript: history.go(-1)'  class='avia-button   avia-icon_select-yes-left-icon avia-color-black avia-size-medium avia-position-center '   ><span class='avia_button_icon avia_button_icon_left ' aria-hidden='true' data-av_icon='\ue880' data-av_iconfont='entypo-fontello'><\/span><span class='avia_iconbox_title' >Enrere<\/span><\/a><\/div><\/div>\n","protected":false},"excerpt":{"rendered":"<p>Barcelona \u00e9s una ciutat plena de vida i cultura. I, amb l&#8217;arribada del bon temps, tothom surt al carrer per gaudir de tot all\u00f2 que ofereix. Per aix\u00f2, les terrasses amb vistes han esdevingut els espais favorits per celebrar tant esdeveniments corporatius com festes privades. Aquests llocs no nom\u00e9s ofereixen la possibilitat de gaudir d\u00b4una [&hellip;]<\/p>\n","protected":false},"author":3,"featured_media":9925,"comment_status":"closed","ping_status":"closed","sticky":false,"template":"","format":"standard","meta":{"footnotes":""},"categories":[143,142,191,145],"tags":[149,192,200],"class_list":["post-10816","post","type-post","status-publish","format-standard","has-post-thumbnail","hentry","category-esdeveniments","category-news-ca-2","category-rooftop-ca","category-venue-ca","tag-esdeveniments","tag-rooftop-ca","tag-venue-ca"],"yoast_head":"<!-- This site is optimized with the Yoast SEO Premium plugin v27.0 (Yoast SEO v27.5) - https:\/\/yoast.com\/product\/yoast-seo-premium-wordpress\/ -->\n<title>5 terrasses amb vistes per celebrar esdeveniments a Barcelona - Bacus Events - Creaci\u00f3n y Organizaci\u00f3n de Eventos<\/title>\n<meta name=\"robots\" content=\"index, follow, max-snippet:-1, max-image-preview:large, max-video-preview:-1\" \/>\n<link rel=\"canonical\" href=\"https:\/\/bacusevents.com\/ca\/5-terrasses-amb-vistes-per-celebrar-esdeveniments-a-barcelona\/\" \/>\n<meta property=\"og:locale\" content=\"ca_ES\" \/>\n<meta property=\"og:type\" content=\"article\" \/>\n<meta property=\"og:title\" content=\"5 terrasses amb vistes per celebrar esdeveniments a Barcelona\" \/>\n<meta property=\"og:description\" content=\"Barcelona \u00e9s una ciutat plena de vida i cultura. I, amb l&#8217;arribada del bon temps, tothom surt al carrer per gaudir de tot all\u00f2 que ofereix. Per aix\u00f2, les terrasses amb vistes han esdevingut els espais favorits per celebrar tant esdeveniments corporatius com festes privades. Aquests llocs no nom\u00e9s ofereixen la possibilitat de gaudir d\u00b4una [&hellip;]\" \/>\n<meta property=\"og:url\" content=\"https:\/\/bacusevents.com\/ca\/5-terrasses-amb-vistes-per-celebrar-esdeveniments-a-barcelona\/\" \/>\n<meta property=\"og:site_name\" content=\"Bacus Events - Creaci\u00f3n y Organizaci\u00f3n de Eventos\" \/>\n<meta property=\"article:publisher\" content=\"https:\/\/www.facebook.com\/BacusEventos\" \/>\n<meta property=\"article:published_time\" content=\"2023-05-24T12:06:51+00:00\" \/>\n<meta property=\"article:modified_time\" content=\"2024-05-01T05:56:31+00:00\" \/>\n<meta property=\"og:image\" content=\"https:\/\/bacusevents.com\/wp-content\/uploads\/2023\/05\/BacusEvents-venue-portada-general-BCN.jpg\" \/>\n\t<meta property=\"og:image:width\" content=\"1500\" \/>\n\t<meta property=\"og:image:height\" content=\"1125\" \/>\n\t<meta property=\"og:image:type\" content=\"image\/jpeg\" \/>\n<meta name=\"author\" content=\"Valentina\" \/>\n<meta name=\"twitter:card\" content=\"summary_large_image\" \/>\n<meta name=\"twitter:label1\" content=\"Escrit per\" \/>\n\t<meta name=\"twitter:data1\" content=\"Valentina\" \/>\n\t<meta name=\"twitter:label2\" content=\"Temps estimat de lectura\" \/>\n\t<meta name=\"twitter:data2\" content=\"12 minuts\" \/>\n<script type=\"application\/ld+json\" class=\"yoast-schema-graph\">{\"@context\":\"https:\\\/\\\/schema.org\",\"@graph\":[{\"@type\":\"Article\",\"@id\":\"https:\\\/\\\/bacusevents.com\\\/ca\\\/5-terrasses-amb-vistes-per-celebrar-esdeveniments-a-barcelona\\\/#article\",\"isPartOf\":{\"@id\":\"https:\\\/\\\/bacusevents.com\\\/ca\\\/5-terrasses-amb-vistes-per-celebrar-esdeveniments-a-barcelona\\\/\"},\"author\":{\"name\":\"Valentina\",\"@id\":\"https:\\\/\\\/bacusevents.com\\\/ca\\\/#\\\/schema\\\/person\\\/1bceb1ffde896ddf77b1c58f2d314e59\"},\"headline\":\"5 terrasses amb vistes per celebrar esdeveniments a Barcelona\",\"datePublished\":\"2023-05-24T12:06:51+00:00\",\"dateModified\":\"2024-05-01T05:56:31+00:00\",\"mainEntityOfPage\":{\"@id\":\"https:\\\/\\\/bacusevents.com\\\/ca\\\/5-terrasses-amb-vistes-per-celebrar-esdeveniments-a-barcelona\\\/\"},\"wordCount\":2501,\"publisher\":{\"@id\":\"https:\\\/\\\/bacusevents.com\\\/ca\\\/#organization\"},\"image\":{\"@id\":\"https:\\\/\\\/bacusevents.com\\\/ca\\\/5-terrasses-amb-vistes-per-celebrar-esdeveniments-a-barcelona\\\/#primaryimage\"},\"thumbnailUrl\":\"https:\\\/\\\/bacusevents.com\\\/wp-content\\\/uploads\\\/2023\\\/05\\\/BacusEvents-venue-portada-general-BCN.jpg\",\"keywords\":[\"esdeveniments\",\"RoofTop\",\"Venue\"],\"articleSection\":[\"Esdeveniments\",\"News\",\"RoofTop\",\"Venue\"],\"inLanguage\":\"ca\"},{\"@type\":\"WebPage\",\"@id\":\"https:\\\/\\\/bacusevents.com\\\/ca\\\/5-terrasses-amb-vistes-per-celebrar-esdeveniments-a-barcelona\\\/\",\"url\":\"https:\\\/\\\/bacusevents.com\\\/ca\\\/5-terrasses-amb-vistes-per-celebrar-esdeveniments-a-barcelona\\\/\",\"name\":\"5 terrasses amb vistes per celebrar esdeveniments a Barcelona - Bacus Events - Creaci\u00f3n y Organizaci\u00f3n de Eventos\",\"isPartOf\":{\"@id\":\"https:\\\/\\\/bacusevents.com\\\/ca\\\/#website\"},\"primaryImageOfPage\":{\"@id\":\"https:\\\/\\\/bacusevents.com\\\/ca\\\/5-terrasses-amb-vistes-per-celebrar-esdeveniments-a-barcelona\\\/#primaryimage\"},\"image\":{\"@id\":\"https:\\\/\\\/bacusevents.com\\\/ca\\\/5-terrasses-amb-vistes-per-celebrar-esdeveniments-a-barcelona\\\/#primaryimage\"},\"thumbnailUrl\":\"https:\\\/\\\/bacusevents.com\\\/wp-content\\\/uploads\\\/2023\\\/05\\\/BacusEvents-venue-portada-general-BCN.jpg\",\"datePublished\":\"2023-05-24T12:06:51+00:00\",\"dateModified\":\"2024-05-01T05:56:31+00:00\",\"breadcrumb\":{\"@id\":\"https:\\\/\\\/bacusevents.com\\\/ca\\\/5-terrasses-amb-vistes-per-celebrar-esdeveniments-a-barcelona\\\/#breadcrumb\"},\"inLanguage\":\"ca\",\"potentialAction\":[{\"@type\":\"ReadAction\",\"target\":[\"https:\\\/\\\/bacusevents.com\\\/ca\\\/5-terrasses-amb-vistes-per-celebrar-esdeveniments-a-barcelona\\\/\"]}]},{\"@type\":\"ImageObject\",\"inLanguage\":\"ca\",\"@id\":\"https:\\\/\\\/bacusevents.com\\\/ca\\\/5-terrasses-amb-vistes-per-celebrar-esdeveniments-a-barcelona\\\/#primaryimage\",\"url\":\"https:\\\/\\\/bacusevents.com\\\/wp-content\\\/uploads\\\/2023\\\/05\\\/BacusEvents-venue-portada-general-BCN.jpg\",\"contentUrl\":\"https:\\\/\\\/bacusevents.com\\\/wp-content\\\/uploads\\\/2023\\\/05\\\/BacusEvents-venue-portada-general-BCN.jpg\",\"width\":1500,\"height\":1125},{\"@type\":\"BreadcrumbList\",\"@id\":\"https:\\\/\\\/bacusevents.com\\\/ca\\\/5-terrasses-amb-vistes-per-celebrar-esdeveniments-a-barcelona\\\/#breadcrumb\",\"itemListElement\":[{\"@type\":\"ListItem\",\"position\":1,\"name\":\"Portada\",\"item\":\"https:\\\/\\\/bacusevents.com\\\/ca\\\/\"},{\"@type\":\"ListItem\",\"position\":2,\"name\":\"5 terrasses amb vistes per celebrar esdeveniments a Barcelona\"}]},{\"@type\":\"WebSite\",\"@id\":\"https:\\\/\\\/bacusevents.com\\\/ca\\\/#website\",\"url\":\"https:\\\/\\\/bacusevents.com\\\/ca\\\/\",\"name\":\"Bacus Events - Creaci\u00f3n y Organizaci\u00f3n de Eventos\",\"description\":\"Bacus Events - Creaci\u00f3n y Organizaci\u00f3n de Eventos\",\"publisher\":{\"@id\":\"https:\\\/\\\/bacusevents.com\\\/ca\\\/#organization\"},\"potentialAction\":[{\"@type\":\"SearchAction\",\"target\":{\"@type\":\"EntryPoint\",\"urlTemplate\":\"https:\\\/\\\/bacusevents.com\\\/ca\\\/?s={search_term_string}\"},\"query-input\":{\"@type\":\"PropertyValueSpecification\",\"valueRequired\":true,\"valueName\":\"search_term_string\"}}],\"inLanguage\":\"ca\"},{\"@type\":\"Organization\",\"@id\":\"https:\\\/\\\/bacusevents.com\\\/ca\\\/#organization\",\"name\":\"Bacus Events - Creaci\u00f3n y Organizaci\u00f3n de Eventos\",\"url\":\"https:\\\/\\\/bacusevents.com\\\/ca\\\/\",\"logo\":{\"@type\":\"ImageObject\",\"inLanguage\":\"ca\",\"@id\":\"https:\\\/\\\/bacusevents.com\\\/ca\\\/#\\\/schema\\\/logo\\\/image\\\/\",\"url\":\"https:\\\/\\\/bacusevents.com\\\/wp-content\\\/uploads\\\/2025\\\/03\\\/BacusEvents-5.png\",\"contentUrl\":\"https:\\\/\\\/bacusevents.com\\\/wp-content\\\/uploads\\\/2025\\\/03\\\/BacusEvents-5.png\",\"width\":393,\"height\":426,\"caption\":\"Bacus Events - Creaci\u00f3n y Organizaci\u00f3n de Eventos\"},\"image\":{\"@id\":\"https:\\\/\\\/bacusevents.com\\\/ca\\\/#\\\/schema\\\/logo\\\/image\\\/\"},\"sameAs\":[\"https:\\\/\\\/www.facebook.com\\\/BacusEventos\",\"https:\\\/\\\/www.instagram.com\\\/bacusevents\\\/\",\"https:\\\/\\\/www.linkedin.com\\\/company\\\/1481874\\\/admin\\\/dashboard\\\/\"]},{\"@type\":\"Person\",\"@id\":\"https:\\\/\\\/bacusevents.com\\\/ca\\\/#\\\/schema\\\/person\\\/1bceb1ffde896ddf77b1c58f2d314e59\",\"name\":\"Valentina\",\"image\":{\"@type\":\"ImageObject\",\"inLanguage\":\"ca\",\"@id\":\"https:\\\/\\\/secure.gravatar.com\\\/avatar\\\/81b6b00e29e2279ed8e2ed6b874680d0eb29dd7a5310d6ee502417c4d32b8410?s=96&d=mm&r=g\",\"url\":\"https:\\\/\\\/secure.gravatar.com\\\/avatar\\\/81b6b00e29e2279ed8e2ed6b874680d0eb29dd7a5310d6ee502417c4d32b8410?s=96&d=mm&r=g\",\"contentUrl\":\"https:\\\/\\\/secure.gravatar.com\\\/avatar\\\/81b6b00e29e2279ed8e2ed6b874680d0eb29dd7a5310d6ee502417c4d32b8410?s=96&d=mm&r=g\",\"caption\":\"Valentina\"},\"sameAs\":[\"https:\\\/\\\/bacusevents.com\"],\"url\":\"https:\\\/\\\/bacusevents.com\\\/ca\\\/author\\\/editor-bacus\\\/\"}]}<\/script>\n<!-- \/ Yoast SEO Premium plugin. -->","yoast_head_json":{"title":"5 terrasses amb vistes per celebrar esdeveniments a Barcelona - Bacus Events - Creaci\u00f3n y Organizaci\u00f3n de Eventos","robots":{"index":"index","follow":"follow","max-snippet":"max-snippet:-1","max-image-preview":"max-image-preview:large","max-video-preview":"max-video-preview:-1"},"canonical":"https:\/\/bacusevents.com\/ca\/5-terrasses-amb-vistes-per-celebrar-esdeveniments-a-barcelona\/","og_locale":"ca_ES","og_type":"article","og_title":"5 terrasses amb vistes per celebrar esdeveniments a Barcelona","og_description":"Barcelona \u00e9s una ciutat plena de vida i cultura. I, amb l&#8217;arribada del bon temps, tothom surt al carrer per gaudir de tot all\u00f2 que ofereix. Per aix\u00f2, les terrasses amb vistes han esdevingut els espais favorits per celebrar tant esdeveniments corporatius com festes privades. Aquests llocs no nom\u00e9s ofereixen la possibilitat de gaudir d\u00b4una [&hellip;]","og_url":"https:\/\/bacusevents.com\/ca\/5-terrasses-amb-vistes-per-celebrar-esdeveniments-a-barcelona\/","og_site_name":"Bacus Events - Creaci\u00f3n y Organizaci\u00f3n de Eventos","article_publisher":"https:\/\/www.facebook.com\/BacusEventos","article_published_time":"2023-05-24T12:06:51+00:00","article_modified_time":"2024-05-01T05:56:31+00:00","og_image":[{"width":1500,"height":1125,"url":"https:\/\/bacusevents.com\/wp-content\/uploads\/2023\/05\/BacusEvents-venue-portada-general-BCN.jpg","type":"image\/jpeg"}],"author":"Valentina","twitter_card":"summary_large_image","twitter_misc":{"Escrit per":"Valentina","Temps estimat de lectura":"12 minuts"},"schema":{"@context":"https:\/\/schema.org","@graph":[{"@type":"Article","@id":"https:\/\/bacusevents.com\/ca\/5-terrasses-amb-vistes-per-celebrar-esdeveniments-a-barcelona\/#article","isPartOf":{"@id":"https:\/\/bacusevents.com\/ca\/5-terrasses-amb-vistes-per-celebrar-esdeveniments-a-barcelona\/"},"author":{"name":"Valentina","@id":"https:\/\/bacusevents.com\/ca\/#\/schema\/person\/1bceb1ffde896ddf77b1c58f2d314e59"},"headline":"5 terrasses amb vistes per celebrar esdeveniments a Barcelona","datePublished":"2023-05-24T12:06:51+00:00","dateModified":"2024-05-01T05:56:31+00:00","mainEntityOfPage":{"@id":"https:\/\/bacusevents.com\/ca\/5-terrasses-amb-vistes-per-celebrar-esdeveniments-a-barcelona\/"},"wordCount":2501,"publisher":{"@id":"https:\/\/bacusevents.com\/ca\/#organization"},"image":{"@id":"https:\/\/bacusevents.com\/ca\/5-terrasses-amb-vistes-per-celebrar-esdeveniments-a-barcelona\/#primaryimage"},"thumbnailUrl":"https:\/\/bacusevents.com\/wp-content\/uploads\/2023\/05\/BacusEvents-venue-portada-general-BCN.jpg","keywords":["esdeveniments","RoofTop","Venue"],"articleSection":["Esdeveniments","News","RoofTop","Venue"],"inLanguage":"ca"},{"@type":"WebPage","@id":"https:\/\/bacusevents.com\/ca\/5-terrasses-amb-vistes-per-celebrar-esdeveniments-a-barcelona\/","url":"https:\/\/bacusevents.com\/ca\/5-terrasses-amb-vistes-per-celebrar-esdeveniments-a-barcelona\/","name":"5 terrasses amb vistes per celebrar esdeveniments a Barcelona - Bacus Events - Creaci\u00f3n y Organizaci\u00f3n de Eventos","isPartOf":{"@id":"https:\/\/bacusevents.com\/ca\/#website"},"primaryImageOfPage":{"@id":"https:\/\/bacusevents.com\/ca\/5-terrasses-amb-vistes-per-celebrar-esdeveniments-a-barcelona\/#primaryimage"},"image":{"@id":"https:\/\/bacusevents.com\/ca\/5-terrasses-amb-vistes-per-celebrar-esdeveniments-a-barcelona\/#primaryimage"},"thumbnailUrl":"https:\/\/bacusevents.com\/wp-content\/uploads\/2023\/05\/BacusEvents-venue-portada-general-BCN.jpg","datePublished":"2023-05-24T12:06:51+00:00","dateModified":"2024-05-01T05:56:31+00:00","breadcrumb":{"@id":"https:\/\/bacusevents.com\/ca\/5-terrasses-amb-vistes-per-celebrar-esdeveniments-a-barcelona\/#breadcrumb"},"inLanguage":"ca","potentialAction":[{"@type":"ReadAction","target":["https:\/\/bacusevents.com\/ca\/5-terrasses-amb-vistes-per-celebrar-esdeveniments-a-barcelona\/"]}]},{"@type":"ImageObject","inLanguage":"ca","@id":"https:\/\/bacusevents.com\/ca\/5-terrasses-amb-vistes-per-celebrar-esdeveniments-a-barcelona\/#primaryimage","url":"https:\/\/bacusevents.com\/wp-content\/uploads\/2023\/05\/BacusEvents-venue-portada-general-BCN.jpg","contentUrl":"https:\/\/bacusevents.com\/wp-content\/uploads\/2023\/05\/BacusEvents-venue-portada-general-BCN.jpg","width":1500,"height":1125},{"@type":"BreadcrumbList","@id":"https:\/\/bacusevents.com\/ca\/5-terrasses-amb-vistes-per-celebrar-esdeveniments-a-barcelona\/#breadcrumb","itemListElement":[{"@type":"ListItem","position":1,"name":"Portada","item":"https:\/\/bacusevents.com\/ca\/"},{"@type":"ListItem","position":2,"name":"5 terrasses amb vistes per celebrar esdeveniments a Barcelona"}]},{"@type":"WebSite","@id":"https:\/\/bacusevents.com\/ca\/#website","url":"https:\/\/bacusevents.com\/ca\/","name":"Bacus Events - Creaci\u00f3n y Organizaci\u00f3n de Eventos","description":"Bacus Events - Creaci\u00f3n y Organizaci\u00f3n de Eventos","publisher":{"@id":"https:\/\/bacusevents.com\/ca\/#organization"},"potentialAction":[{"@type":"SearchAction","target":{"@type":"EntryPoint","urlTemplate":"https:\/\/bacusevents.com\/ca\/?s={search_term_string}"},"query-input":{"@type":"PropertyValueSpecification","valueRequired":true,"valueName":"search_term_string"}}],"inLanguage":"ca"},{"@type":"Organization","@id":"https:\/\/bacusevents.com\/ca\/#organization","name":"Bacus Events - Creaci\u00f3n y Organizaci\u00f3n de Eventos","url":"https:\/\/bacusevents.com\/ca\/","logo":{"@type":"ImageObject","inLanguage":"ca","@id":"https:\/\/bacusevents.com\/ca\/#\/schema\/logo\/image\/","url":"https:\/\/bacusevents.com\/wp-content\/uploads\/2025\/03\/BacusEvents-5.png","contentUrl":"https:\/\/bacusevents.com\/wp-content\/uploads\/2025\/03\/BacusEvents-5.png","width":393,"height":426,"caption":"Bacus Events - Creaci\u00f3n y Organizaci\u00f3n de Eventos"},"image":{"@id":"https:\/\/bacusevents.com\/ca\/#\/schema\/logo\/image\/"},"sameAs":["https:\/\/www.facebook.com\/BacusEventos","https:\/\/www.instagram.com\/bacusevents\/","https:\/\/www.linkedin.com\/company\/1481874\/admin\/dashboard\/"]},{"@type":"Person","@id":"https:\/\/bacusevents.com\/ca\/#\/schema\/person\/1bceb1ffde896ddf77b1c58f2d314e59","name":"Valentina","image":{"@type":"ImageObject","inLanguage":"ca","@id":"https:\/\/secure.gravatar.com\/avatar\/81b6b00e29e2279ed8e2ed6b874680d0eb29dd7a5310d6ee502417c4d32b8410?s=96&d=mm&r=g","url":"https:\/\/secure.gravatar.com\/avatar\/81b6b00e29e2279ed8e2ed6b874680d0eb29dd7a5310d6ee502417c4d32b8410?s=96&d=mm&r=g","contentUrl":"https:\/\/secure.gravatar.com\/avatar\/81b6b00e29e2279ed8e2ed6b874680d0eb29dd7a5310d6ee502417c4d32b8410?s=96&d=mm&r=g","caption":"Valentina"},"sameAs":["https:\/\/bacusevents.com"],"url":"https:\/\/bacusevents.com\/ca\/author\/editor-bacus\/"}]}},"_links":{"self":[{"href":"https:\/\/bacusevents.com\/ca\/wp-json\/wp\/v2\/posts\/10816","targetHints":{"allow":["GET"]}}],"collection":[{"href":"https:\/\/bacusevents.com\/ca\/wp-json\/wp\/v2\/posts"}],"about":[{"href":"https:\/\/bacusevents.com\/ca\/wp-json\/wp\/v2\/types\/post"}],"author":[{"embeddable":true,"href":"https:\/\/bacusevents.com\/ca\/wp-json\/wp\/v2\/users\/3"}],"replies":[{"embeddable":true,"href":"https:\/\/bacusevents.com\/ca\/wp-json\/wp\/v2\/comments?post=10816"}],"version-history":[{"count":1,"href":"https:\/\/bacusevents.com\/ca\/wp-json\/wp\/v2\/posts\/10816\/revisions"}],"predecessor-version":[{"id":10864,"href":"https:\/\/bacusevents.com\/ca\/wp-json\/wp\/v2\/posts\/10816\/revisions\/10864"}],"wp:featuredmedia":[{"embeddable":true,"href":"https:\/\/bacusevents.com\/ca\/wp-json\/wp\/v2\/media\/9925"}],"wp:attachment":[{"href":"https:\/\/bacusevents.com\/ca\/wp-json\/wp\/v2\/media?parent=10816"}],"wp:term":[{"taxonomy":"category","embeddable":true,"href":"https:\/\/bacusevents.com\/ca\/wp-json\/wp\/v2\/categories?post=10816"},{"taxonomy":"post_tag","embeddable":true,"href":"https:\/\/bacusevents.com\/ca\/wp-json\/wp\/v2\/tags?post=10816"}],"curies":[{"name":"wp","href":"https:\/\/api.w.org\/{rel}","templated":true}]}}