{"id":10897,"date":"2023-05-31T14:14:04","date_gmt":"2023-05-31T14:14:04","guid":{"rendered":"https:\/\/bacusevents.com\/ifema-madrid-tindra-32-restaurants-i-14-terrasses-per-als-assistents-a-esdeveniments\/"},"modified":"2024-05-01T05:56:31","modified_gmt":"2024-05-01T05:56:31","slug":"ifema-madrid-tindra-32-restaurants-i-14-terrasses-per-als-assistents-a-esdeveniments","status":"publish","type":"post","link":"https:\/\/bacusevents.com\/ca\/ifema-madrid-tindra-32-restaurants-i-14-terrasses-per-als-assistents-a-esdeveniments\/","title":{"rendered":"IFEMA MADRID tindr\u00e0 32 restaurants i 14 terrasses per als assistents a esdeveniments"},"content":{"rendered":"<div style='padding-bottom:15px; font-size:40px;' class='av-special-heading av-special-heading-h1  blockquote modern-quote modern-centered  avia-builder-el-0  el_before_av_textblock  avia-builder-el-first   av-inherit-size '><h1 class='av-special-heading-tag '  itemprop=\"headline\"  >IFEMA MADRID tindr\u00e0 32 restaurants i 14 terrasses per als assistents a esdeveniments  <\/h1><div class='special-heading-border'><div class='special-heading-inner-border' ><\/div><\/div><\/div>\n<section class=\"av_textblock_section \"  itemscope=\"itemscope\" itemtype=\"https:\/\/schema.org\/BlogPosting\" itemprop=\"blogPost\" ><div class='avia_textblock  '   itemprop=\"text\" ><p><span style=\"font-family: graphik-regular;\">El recinte es llan\u00e7a amb un nou model de restauraci\u00f3 que contempla el disseny de 32 restaurants i 14 terrasses a espais exteriors ia l&#8217;interior de pavellons, que diuen \u201cacolliran una variada mostra de les firmes m\u00e9s actuals a l&#8217;oferta gastron\u00f2mica del fast casual de Madrid, de forta implantaci\u00f3 a Espanya ia nivell internacional\u201d. IFEMA s&#8217;ha aliat en aquesta immersi\u00f3 gastron\u00f2mica amb tres superpartners: Mahou San Miguel, Coca-Cola Europacific Partners i JDE Peet&#8217;s coffee amb la marca L&#8217;OR. Ens crida l&#8217;atenci\u00f3 aquesta aposta per donar un servei gastron\u00f2mic quan, la realitat \u00e9s que, aquesta pota sempre ha estat for\u00e7a descurada pels venues per a esdeveniments. Haurem d&#8217;esperar al setembre, amb els primers 12 establiments actius, per valorar-ne la proposta.<\/span><\/p>\n<p><!--more--><\/p>\n<\/div><\/section>\n<div class=\"flex_column av_one_full  flex_column_div av-zero-column-padding first  avia-builder-el-2  el_after_av_textblock  el_before_av_one_full  column-top-margin\" style='border-radius:0px; '><p><div  data-size='2048x2048'  data-lightbox_size='large'  data-animation='slide'  data-conditional_play=''  data-ids='6735'  data-video_counter='0'  data-autoplay='false'  data-bg_slider='false'  data-slide_height=''  data-handle='av_slideshow'  data-interval='5'  data-class=' avia-builder-el-3  el_before_av_heading  avia-builder-el-first   '  data-css_id=''  data-scroll_down=''  data-control_layout='av-control-default'  data-custom_markup=''  data-perma_caption='aviaTBperma_caption'  data-autoplay_stopper=''  data-image_attachment=''  data-min_height='0px'  data-default-height='100'  class='avia-slideshow avia-slideshow-1  av-control-default av-default-height-applied avia-slideshow-2048x2048 av_slideshow  avia-builder-el-3  el_before_av_heading  avia-builder-el-first    avia-slide-slider '  itemprop=\"image\" itemscope=\"itemscope\" itemtype=\"https:\/\/schema.org\/ImageObject\" ><ul class='avia-slideshow-inner ' style='padding-bottom: 66.666666666667%;' ><li  class=' av-single-slide slide-1 ' ><div data-rel='slideshow-1' class='avia-slide-wrap '   ><img src='https:\/\/bacusevents.com\/wp-content\/uploads\/2023\/05\/BacusEvents-news-eventos-feria-ifema-restauracion.webp' width='768' height='512' title='BacusEvents-news-eventos-feria-ifema-restauraci\u00f3n' alt=''  itemprop=\"thumbnailUrl\"   \/><\/div><\/li><\/ul><\/div><br \/>\n<div style='padding-bottom:15px; color:#000000;font-size:40px;' class='av-special-heading av-special-heading-h1 custom-color-heading blockquote modern-quote modern-centered  avia-builder-el-4  el_after_av_slideshow  el_before_av_textblock   av-inherit-size '><h1 class='av-special-heading-tag '  itemprop=\"headline\"  >El projecte comen\u00e7a al setembre i culminar\u00e0 el 2024  <\/h1><div class='special-heading-border'><div class='special-heading-inner-border' style='border-color:#000000'><\/div><\/div><\/div><br \/>\n<section class=\"av_textblock_section \"  itemscope=\"itemscope\" itemtype=\"https:\/\/schema.org\/BlogPosting\" itemprop=\"blogPost\" ><div class='avia_textblock  '   itemprop=\"text\" ><p><span style=\"font-family: graphik-regular;\">El nou model ser\u00e0 operat per la companyia multinacional espanyola Areas i comen\u00e7ar\u00e0 el setembre del 2023 i culminar\u00e0 el 2024, diuen que t\u00e9 l&#8217;objectiu de transformar la restauraci\u00f3 d&#8217;IFEMA MADRID i contribuir a projectar el recinte firal com un referent de la gastronomia a Madrid, amb una proposta \u00fanica, basada en la combinaci\u00f3 de marques internacionals de renom i conceptes locals de \u201csabor Madrid\u201d dissenyats exclusivament per a aquest espai gastro que incorpora 32 restaurants a m\u00e9s de 14 terrasses tant a \u00e0rees exteriors com a l&#8217;interior dels pavellons.<\/span><\/p>\n<p><span style=\"font-family: graphik-regular;\">La renovaci\u00f3 de l&#8217;oferta gastron\u00f2mica i la remodelaci\u00f3 espacial de restaurants i terrasses comen\u00e7ar\u00e0 aquest estiu, coincidint amb l&#8217;arrencada del calendari firal, per arribar al setembre amb els primers 12 establiments actius. Tot i aix\u00f2, el projecte anir\u00e0 acompanyat d&#8217;una total remodelaci\u00f3 i creaci\u00f3 de nous establiments i grans i atractives terrasses, distribu\u00efdes per tot el Recinte, la finalitzaci\u00f3 de rehabilitaci\u00f3 de les quals est\u00e0 prevista el 2024.<\/span><\/p>\n<\/div><\/section><br \/>\n<div  data-size='featured'  data-lightbox_size='large'  data-animation='slide'  data-conditional_play=''  data-ids='6736'  data-video_counter='0'  data-autoplay='false'  data-bg_slider='false'  data-slide_height=''  data-handle='av_slideshow'  data-interval='5'  data-class=' avia-builder-el-6  el_after_av_textblock  el_before_av_heading   '  data-css_id=''  data-scroll_down=''  data-control_layout='av-control-default'  data-custom_markup=''  data-perma_caption='aviaTBperma_caption'  data-autoplay_stopper=''  data-image_attachment=''  data-min_height='0px'  data-default-height='28.666666666667'  class='avia-slideshow avia-slideshow-2  av-control-default av-default-height-applied avia-slideshow-featured av_slideshow  avia-builder-el-6  el_after_av_textblock  el_before_av_heading    avia-slide-slider '  itemprop=\"image\" itemscope=\"itemscope\" itemtype=\"https:\/\/schema.org\/ImageObject\" ><ul class='avia-slideshow-inner ' style='padding-bottom: 55.989583333333%;' ><li  class=' av-single-slide slide-1 ' ><div data-rel='slideshow-2' class='avia-slide-wrap '   ><img src='https:\/\/bacusevents.com\/wp-content\/uploads\/2023\/05\/BacusEvents-news-eventos-feria-ifema-restauracion-2-768x430.webp' width='768' height='430' title='BacusEvents-news-eventos-feria-ifema-restauraci\u00f3n 2' alt=''  itemprop=\"thumbnailUrl\"   \/><\/div><\/li><\/ul><\/div><br \/>\n<div style='padding-bottom:15px; color:#000000;font-size:40px;' class='av-special-heading av-special-heading-h1 custom-color-heading blockquote modern-quote modern-centered  avia-builder-el-7  el_after_av_slideshow  el_before_av_textblock   av-inherit-size '><h1 class='av-special-heading-tag '  itemprop=\"headline\"  >En qu\u00e8 consistir\u00e0 la vostra oferta gastron\u00f2mica?  <\/h1><div class='special-heading-border'><div class='special-heading-inner-border' style='border-color:#000000'><\/div><\/div><\/div><br \/>\n<section class=\"av_textblock_section \"  itemscope=\"itemscope\" itemtype=\"https:\/\/schema.org\/BlogPosting\" itemprop=\"blogPost\" ><div class='avia_textblock  '   itemprop=\"text\" ><p><span style=\"font-family: graphik-regular;\">El projecte contempla la creaci\u00f3 de l&#8217;\u201cAvinguda de la Gastronomia\u201d com una high street de centre ciutat, amb una oferta de signatures de l&#8217;oferta gastron\u00f2mica actual. A aix\u00f2 se sumar\u00e0 el disseny de restaurants interiors a cada pavell\u00f3 amb un interiorisme basat en el concepte de terrasses i jardins amb decorats que potenci\u00efn la llum natural, i amb espais oberts a patis posteriors.<\/span><\/p>\n<p><span style=\"font-family: graphik-regular;\">Hi haur\u00e0 cerveseries, pernileries o bars de tapes (Rodilla, Bareto i M\u00e1sQMenos) a m\u00e9s de restaurants gastron\u00f2mics com Gastrohub amb men\u00fas assessorats pel xef Nino Redruello o Pura Brasa; marques nacionals (SantaGloria Coffee&amp;Bakery i Pepito Grillo) i internacionals (Tacos Don Manolito i Tim Hortons); conceptes saludables (Aloha Poke); propostes asi\u00e0tiques (Udon); i altres marques com (Farine i Mahou) entre d&#8217;altres.<\/span><\/p>\n<\/div><\/section><br \/>\n<div style='padding-bottom:15px; color:#000000;font-size:40px;' class='av-special-heading av-special-heading-h1 custom-color-heading blockquote modern-quote modern-centered  avia-builder-el-9  el_after_av_textblock  el_before_av_textblock   av-inherit-size '><h1 class='av-special-heading-tag '  itemprop=\"headline\"  >Mahou, Coca-Cola i L\u2019OR, partners gastron\u00f2mics oficials  <\/h1><div class='special-heading-border'><div class='special-heading-inner-border' style='border-color:#000000'><\/div><\/div><\/div><br \/>\n<section class=\"av_textblock_section \"  itemscope=\"itemscope\" itemtype=\"https:\/\/schema.org\/BlogPosting\" itemprop=\"blogPost\" ><div class='avia_textblock  '   itemprop=\"text\" ><p><span style=\"font-family: graphik-regular;\">Mahou San Miguel, Coca-Cola Europacific Partners i caf\u00e8 L&#8217;OR, des del mes de maig, han esdevingut els partners gastron\u00f2mics d&#8217;IFEMA MADRID. Cadascuna de les marques tindr\u00e0 una alta visibilitat al Recinte, incloent-hi un espai emblem\u00e0tic tematitzat que rebr\u00e0 el nom de Terrassa Mahou, situada a la pla\u00e7a de l&#8217;Avinguda Central del Recinte Firal.<\/span><\/p>\n<\/div><\/section><br \/>\n<section class=\"av_textblock_section \"  itemscope=\"itemscope\" itemtype=\"https:\/\/schema.org\/BlogPosting\" itemprop=\"blogPost\" ><div class='avia_textblock  '   itemprop=\"text\" ><p><span style=\"font-family: graphik-regular;\">Com a col\u00b7laborador d&#8217;\u00c0rees des de 1999, per a Mahou San Miguel \u00e9s un privilegi ser partner gastron\u00f2mic d&#8217;IFEMA MADRID, i participar de manera destacada d&#8217;aquest gran projecte que revitalitzar\u00e0 i imprimir\u00e0 un nou concepte de restauraci\u00f3 per a Madrid. La nostra companyia estar\u00e0 present als punts de venda del Recinte a trav\u00e9s del nostre ampli portafoli de productes; especialment la nostra marca Mahou, la gamma de cerveses espanyola m\u00e9s premiada del m\u00f3n, nascuda a Madrid el 1890, amb la qual oferirem als clients tota la nostra excel\u00b7l\u00e8ncia i mestratge cerveser\u201d.<\/span><\/p>\n<p><span style=\"font-family: graphik-regular;\"><em>Ignacio Freire, director comercial d&#8217;Hostaleria de Mahou San Miguel<\/em><\/span><\/p>\n<p><span style=\"font-family: graphik-regular;\">La creaci\u00f3 d&#8217;un innovador hub gastron\u00f2mic en una instituci\u00f3 com IFEMA MADRID, que constitueix un aparador sense igual del nostre pa\u00eds al m\u00f3n, \u00e9s una oportunitat \u00fanica per mostrar el potencial i la capacitat creativa que caracteritza la nostra hostaleria i gastronomia. Coca-cola Europacific Partners, des dels seus or\u00edgens fa 70 anys, ha donat suport i col\u00b7laborat amb un sector que ha sabut situar-se a l&#8217;avantguarda mundial. A trav\u00e9s d\u00b4aquesta col\u00b7laboraci\u00f3, volem reafirmar el nostre comprom\u00eds tant amb l\u00b4hostaleria com amb el desenvolupament de projectes innovadors com el que representa aquest nou projecte\u201d.<\/span><\/p>\n<p><span style=\"font-family: graphik-regular;\"><em>Aitor Arteaga, VP Vendes Espanya de Coca-Cola Europacific Partners<\/em><\/span><\/p>\n<p><span style=\"font-family: graphik-regular;\">L\u00b4OR oferir\u00e0 als visitants d\u00b4IFEMA MADRID espais exclusius per poder gaudir d\u00b4un excel\u00b7lent caf\u00e8, ajudant l\u00b4hostaleria a transformar el servei de caf\u00e8 cap a una experi\u00e8ncia sensorial. Tamb\u00e9 estar\u00e0 present, amb diferents solucions de caf\u00e8, a tots els conceptes gastron\u00f2mics del Recinte. L\u00b4OR aposta per aquest projecte innovador que sens dubte ajudar\u00e0 a elevar l\u00b4experi\u00e8ncia gastron\u00f2mica de tots els visitants nacionals i internacionals que visiten IFEMA MADRID\u201d.<\/span><\/p>\n<p><span style=\"font-family: graphik-regular;\"><em>Federico Heine, director general d&#8217;Europa Sud a JDE<\/em><\/span><\/p>\n<\/div><\/section><br \/>\n<section class=\"av_textblock_section \"  itemscope=\"itemscope\" itemtype=\"https:\/\/schema.org\/BlogPosting\" itemprop=\"blogPost\" ><div class='avia_textblock  '   itemprop=\"text\" ><p><span style=\"font-family: graphik-regular;\">Font &#8211; https:\/\/www.eventoplus.com\/noticias\/ifema-madrid-tendra-32-restaurantes-y-14-terrazas-para-asistentes-eventos\/<\/span><\/p>\n<\/div><\/section><\/p><\/div><div class=\"flex_column av_one_full  flex_column_div av-zero-column-padding first  avia-builder-el-13  el_after_av_one_full  avia-builder-el-last  column-top-margin\" style='border-radius:0px; '><div class='avia-button-wrap avia-button-center  avia-builder-el-14  avia-builder-el-no-sibling  '><a href='javascript: history.go(-1)'  class='avia-button   avia-icon_select-yes-left-icon avia-color-black avia-size-medium avia-position-center '   ><span class='avia_button_icon avia_button_icon_left ' aria-hidden='true' data-av_icon='\ue880' data-av_iconfont='entypo-fontello'><\/span><span class='avia_iconbox_title' >Enrere<\/span><\/a><\/div><\/div><\/p>\n","protected":false},"excerpt":{"rendered":"<p>El recinte es llan\u00e7a amb un nou model de restauraci\u00f3 que contempla el disseny de 32 restaurants i 14 terrasses a espais exteriors ia l&#8217;interior de pavellons, que diuen \u201cacolliran una variada mostra de les firmes m\u00e9s actuals a l&#8217;oferta gastron\u00f2mica del fast casual de Madrid, de forta implantaci\u00f3 a Espanya ia nivell internacional\u201d. IFEMA [&hellip;]<\/p>\n","protected":false},"author":3,"featured_media":10135,"comment_status":"closed","ping_status":"closed","sticky":false,"template":"","format":"standard","meta":{"footnotes":""},"categories":[158,143,198,142],"tags":[199],"class_list":["post-10897","post","type-post","status-publish","format-standard","has-post-thumbnail","hentry","category-catering-ca","category-esdeveniments","category-fires-i-stands","category-news-ca-2","tag-fires"],"yoast_head":"<!-- This site is optimized with the Yoast SEO Premium plugin v27.0 (Yoast SEO v27.5) - https:\/\/yoast.com\/product\/yoast-seo-premium-wordpress\/ -->\n<title>IFEMA MADRID tindr\u00e0 32 restaurants i 14 terrasses per als assistents a esdeveniments - Bacus Events - Creaci\u00f3n y Organizaci\u00f3n de Eventos<\/title>\n<meta name=\"robots\" content=\"index, follow, max-snippet:-1, max-image-preview:large, max-video-preview:-1\" \/>\n<link rel=\"canonical\" href=\"https:\/\/bacusevents.com\/ca\/ifema-madrid-tindra-32-restaurants-i-14-terrasses-per-als-assistents-a-esdeveniments\/\" \/>\n<meta property=\"og:locale\" content=\"ca_ES\" \/>\n<meta property=\"og:type\" content=\"article\" \/>\n<meta property=\"og:title\" content=\"IFEMA MADRID tindr\u00e0 32 restaurants i 14 terrasses per als assistents a esdeveniments\" \/>\n<meta property=\"og:description\" content=\"El recinte es llan\u00e7a amb un nou model de restauraci\u00f3 que contempla el disseny de 32 restaurants i 14 terrasses a espais exteriors ia l&#8217;interior de pavellons, que diuen \u201cacolliran una variada mostra de les firmes m\u00e9s actuals a l&#8217;oferta gastron\u00f2mica del fast casual de Madrid, de forta implantaci\u00f3 a Espanya ia nivell internacional\u201d. IFEMA [&hellip;]\" \/>\n<meta property=\"og:url\" content=\"https:\/\/bacusevents.com\/ca\/ifema-madrid-tindra-32-restaurants-i-14-terrasses-per-als-assistents-a-esdeveniments\/\" \/>\n<meta property=\"og:site_name\" content=\"Bacus Events - Creaci\u00f3n y Organizaci\u00f3n de Eventos\" \/>\n<meta property=\"article:publisher\" content=\"https:\/\/www.facebook.com\/BacusEventos\" \/>\n<meta property=\"article:published_time\" content=\"2023-05-31T14:14:04+00:00\" \/>\n<meta property=\"article:modified_time\" content=\"2024-05-01T05:56:31+00:00\" \/>\n<meta property=\"og:image\" content=\"https:\/\/bacusevents.com\/wp-content\/uploads\/2023\/05\/BacusEvents-news-eventos-feria-ifema-restauracion.webp\" \/>\n\t<meta property=\"og:image:width\" content=\"768\" \/>\n\t<meta property=\"og:image:height\" content=\"512\" \/>\n\t<meta property=\"og:image:type\" content=\"image\/webp\" \/>\n<meta name=\"author\" content=\"Valentina\" \/>\n<meta name=\"twitter:card\" content=\"summary_large_image\" \/>\n<meta name=\"twitter:label1\" content=\"Escrit per\" \/>\n\t<meta name=\"twitter:data1\" content=\"Valentina\" \/>\n\t<meta name=\"twitter:label2\" content=\"Temps estimat de lectura\" \/>\n\t<meta name=\"twitter:data2\" content=\"8 minuts\" \/>\n<script type=\"application\/ld+json\" class=\"yoast-schema-graph\">{\"@context\":\"https:\\\/\\\/schema.org\",\"@graph\":[{\"@type\":\"Article\",\"@id\":\"https:\\\/\\\/bacusevents.com\\\/ca\\\/ifema-madrid-tindra-32-restaurants-i-14-terrasses-per-als-assistents-a-esdeveniments\\\/#article\",\"isPartOf\":{\"@id\":\"https:\\\/\\\/bacusevents.com\\\/ca\\\/ifema-madrid-tindra-32-restaurants-i-14-terrasses-per-als-assistents-a-esdeveniments\\\/\"},\"author\":{\"name\":\"Valentina\",\"@id\":\"https:\\\/\\\/bacusevents.com\\\/ca\\\/#\\\/schema\\\/person\\\/1bceb1ffde896ddf77b1c58f2d314e59\"},\"headline\":\"IFEMA MADRID tindr\u00e0 32 restaurants i 14 terrasses per als assistents a esdeveniments\",\"datePublished\":\"2023-05-31T14:14:04+00:00\",\"dateModified\":\"2024-05-01T05:56:31+00:00\",\"mainEntityOfPage\":{\"@id\":\"https:\\\/\\\/bacusevents.com\\\/ca\\\/ifema-madrid-tindra-32-restaurants-i-14-terrasses-per-als-assistents-a-esdeveniments\\\/\"},\"wordCount\":1582,\"publisher\":{\"@id\":\"https:\\\/\\\/bacusevents.com\\\/ca\\\/#organization\"},\"image\":{\"@id\":\"https:\\\/\\\/bacusevents.com\\\/ca\\\/ifema-madrid-tindra-32-restaurants-i-14-terrasses-per-als-assistents-a-esdeveniments\\\/#primaryimage\"},\"thumbnailUrl\":\"https:\\\/\\\/bacusevents.com\\\/wp-content\\\/uploads\\\/2023\\\/05\\\/BacusEvents-news-eventos-feria-ifema-restauracion.webp\",\"keywords\":[\"fires\"],\"articleSection\":[\"C\u00e0tering\",\"Esdeveniments\",\"Fires i Stands\",\"News\"],\"inLanguage\":\"ca\"},{\"@type\":\"WebPage\",\"@id\":\"https:\\\/\\\/bacusevents.com\\\/ca\\\/ifema-madrid-tindra-32-restaurants-i-14-terrasses-per-als-assistents-a-esdeveniments\\\/\",\"url\":\"https:\\\/\\\/bacusevents.com\\\/ca\\\/ifema-madrid-tindra-32-restaurants-i-14-terrasses-per-als-assistents-a-esdeveniments\\\/\",\"name\":\"IFEMA MADRID tindr\u00e0 32 restaurants i 14 terrasses per als assistents a esdeveniments - Bacus Events - Creaci\u00f3n y Organizaci\u00f3n de Eventos\",\"isPartOf\":{\"@id\":\"https:\\\/\\\/bacusevents.com\\\/ca\\\/#website\"},\"primaryImageOfPage\":{\"@id\":\"https:\\\/\\\/bacusevents.com\\\/ca\\\/ifema-madrid-tindra-32-restaurants-i-14-terrasses-per-als-assistents-a-esdeveniments\\\/#primaryimage\"},\"image\":{\"@id\":\"https:\\\/\\\/bacusevents.com\\\/ca\\\/ifema-madrid-tindra-32-restaurants-i-14-terrasses-per-als-assistents-a-esdeveniments\\\/#primaryimage\"},\"thumbnailUrl\":\"https:\\\/\\\/bacusevents.com\\\/wp-content\\\/uploads\\\/2023\\\/05\\\/BacusEvents-news-eventos-feria-ifema-restauracion.webp\",\"datePublished\":\"2023-05-31T14:14:04+00:00\",\"dateModified\":\"2024-05-01T05:56:31+00:00\",\"breadcrumb\":{\"@id\":\"https:\\\/\\\/bacusevents.com\\\/ca\\\/ifema-madrid-tindra-32-restaurants-i-14-terrasses-per-als-assistents-a-esdeveniments\\\/#breadcrumb\"},\"inLanguage\":\"ca\",\"potentialAction\":[{\"@type\":\"ReadAction\",\"target\":[\"https:\\\/\\\/bacusevents.com\\\/ca\\\/ifema-madrid-tindra-32-restaurants-i-14-terrasses-per-als-assistents-a-esdeveniments\\\/\"]}]},{\"@type\":\"ImageObject\",\"inLanguage\":\"ca\",\"@id\":\"https:\\\/\\\/bacusevents.com\\\/ca\\\/ifema-madrid-tindra-32-restaurants-i-14-terrasses-per-als-assistents-a-esdeveniments\\\/#primaryimage\",\"url\":\"https:\\\/\\\/bacusevents.com\\\/wp-content\\\/uploads\\\/2023\\\/05\\\/BacusEvents-news-eventos-feria-ifema-restauracion.webp\",\"contentUrl\":\"https:\\\/\\\/bacusevents.com\\\/wp-content\\\/uploads\\\/2023\\\/05\\\/BacusEvents-news-eventos-feria-ifema-restauracion.webp\",\"width\":768,\"height\":512},{\"@type\":\"BreadcrumbList\",\"@id\":\"https:\\\/\\\/bacusevents.com\\\/ca\\\/ifema-madrid-tindra-32-restaurants-i-14-terrasses-per-als-assistents-a-esdeveniments\\\/#breadcrumb\",\"itemListElement\":[{\"@type\":\"ListItem\",\"position\":1,\"name\":\"Portada\",\"item\":\"https:\\\/\\\/bacusevents.com\\\/ca\\\/\"},{\"@type\":\"ListItem\",\"position\":2,\"name\":\"IFEMA MADRID tindr\u00e0 32 restaurants i 14 terrasses per als assistents a esdeveniments\"}]},{\"@type\":\"WebSite\",\"@id\":\"https:\\\/\\\/bacusevents.com\\\/ca\\\/#website\",\"url\":\"https:\\\/\\\/bacusevents.com\\\/ca\\\/\",\"name\":\"Bacus Events - Creaci\u00f3n y Organizaci\u00f3n de Eventos\",\"description\":\"Bacus Events - Creaci\u00f3n y Organizaci\u00f3n de Eventos\",\"publisher\":{\"@id\":\"https:\\\/\\\/bacusevents.com\\\/ca\\\/#organization\"},\"potentialAction\":[{\"@type\":\"SearchAction\",\"target\":{\"@type\":\"EntryPoint\",\"urlTemplate\":\"https:\\\/\\\/bacusevents.com\\\/ca\\\/?s={search_term_string}\"},\"query-input\":{\"@type\":\"PropertyValueSpecification\",\"valueRequired\":true,\"valueName\":\"search_term_string\"}}],\"inLanguage\":\"ca\"},{\"@type\":\"Organization\",\"@id\":\"https:\\\/\\\/bacusevents.com\\\/ca\\\/#organization\",\"name\":\"Bacus Events - Creaci\u00f3n y Organizaci\u00f3n de Eventos\",\"url\":\"https:\\\/\\\/bacusevents.com\\\/ca\\\/\",\"logo\":{\"@type\":\"ImageObject\",\"inLanguage\":\"ca\",\"@id\":\"https:\\\/\\\/bacusevents.com\\\/ca\\\/#\\\/schema\\\/logo\\\/image\\\/\",\"url\":\"https:\\\/\\\/bacusevents.com\\\/wp-content\\\/uploads\\\/2025\\\/03\\\/BacusEvents-5.png\",\"contentUrl\":\"https:\\\/\\\/bacusevents.com\\\/wp-content\\\/uploads\\\/2025\\\/03\\\/BacusEvents-5.png\",\"width\":393,\"height\":426,\"caption\":\"Bacus Events - Creaci\u00f3n y Organizaci\u00f3n de Eventos\"},\"image\":{\"@id\":\"https:\\\/\\\/bacusevents.com\\\/ca\\\/#\\\/schema\\\/logo\\\/image\\\/\"},\"sameAs\":[\"https:\\\/\\\/www.facebook.com\\\/BacusEventos\",\"https:\\\/\\\/www.instagram.com\\\/bacusevents\\\/\",\"https:\\\/\\\/www.linkedin.com\\\/company\\\/1481874\\\/admin\\\/dashboard\\\/\"]},{\"@type\":\"Person\",\"@id\":\"https:\\\/\\\/bacusevents.com\\\/ca\\\/#\\\/schema\\\/person\\\/1bceb1ffde896ddf77b1c58f2d314e59\",\"name\":\"Valentina\",\"image\":{\"@type\":\"ImageObject\",\"inLanguage\":\"ca\",\"@id\":\"https:\\\/\\\/secure.gravatar.com\\\/avatar\\\/81b6b00e29e2279ed8e2ed6b874680d0eb29dd7a5310d6ee502417c4d32b8410?s=96&d=mm&r=g\",\"url\":\"https:\\\/\\\/secure.gravatar.com\\\/avatar\\\/81b6b00e29e2279ed8e2ed6b874680d0eb29dd7a5310d6ee502417c4d32b8410?s=96&d=mm&r=g\",\"contentUrl\":\"https:\\\/\\\/secure.gravatar.com\\\/avatar\\\/81b6b00e29e2279ed8e2ed6b874680d0eb29dd7a5310d6ee502417c4d32b8410?s=96&d=mm&r=g\",\"caption\":\"Valentina\"},\"sameAs\":[\"https:\\\/\\\/bacusevents.com\"],\"url\":\"https:\\\/\\\/bacusevents.com\\\/ca\\\/author\\\/editor-bacus\\\/\"}]}<\/script>\n<!-- \/ Yoast SEO Premium plugin. -->","yoast_head_json":{"title":"IFEMA MADRID tindr\u00e0 32 restaurants i 14 terrasses per als assistents a esdeveniments - Bacus Events - Creaci\u00f3n y Organizaci\u00f3n de Eventos","robots":{"index":"index","follow":"follow","max-snippet":"max-snippet:-1","max-image-preview":"max-image-preview:large","max-video-preview":"max-video-preview:-1"},"canonical":"https:\/\/bacusevents.com\/ca\/ifema-madrid-tindra-32-restaurants-i-14-terrasses-per-als-assistents-a-esdeveniments\/","og_locale":"ca_ES","og_type":"article","og_title":"IFEMA MADRID tindr\u00e0 32 restaurants i 14 terrasses per als assistents a esdeveniments","og_description":"El recinte es llan\u00e7a amb un nou model de restauraci\u00f3 que contempla el disseny de 32 restaurants i 14 terrasses a espais exteriors ia l&#8217;interior de pavellons, que diuen \u201cacolliran una variada mostra de les firmes m\u00e9s actuals a l&#8217;oferta gastron\u00f2mica del fast casual de Madrid, de forta implantaci\u00f3 a Espanya ia nivell internacional\u201d. IFEMA [&hellip;]","og_url":"https:\/\/bacusevents.com\/ca\/ifema-madrid-tindra-32-restaurants-i-14-terrasses-per-als-assistents-a-esdeveniments\/","og_site_name":"Bacus Events - Creaci\u00f3n y Organizaci\u00f3n de Eventos","article_publisher":"https:\/\/www.facebook.com\/BacusEventos","article_published_time":"2023-05-31T14:14:04+00:00","article_modified_time":"2024-05-01T05:56:31+00:00","og_image":[{"width":768,"height":512,"url":"https:\/\/bacusevents.com\/wp-content\/uploads\/2023\/05\/BacusEvents-news-eventos-feria-ifema-restauracion.webp","type":"image\/webp"}],"author":"Valentina","twitter_card":"summary_large_image","twitter_misc":{"Escrit per":"Valentina","Temps estimat de lectura":"8 minuts"},"schema":{"@context":"https:\/\/schema.org","@graph":[{"@type":"Article","@id":"https:\/\/bacusevents.com\/ca\/ifema-madrid-tindra-32-restaurants-i-14-terrasses-per-als-assistents-a-esdeveniments\/#article","isPartOf":{"@id":"https:\/\/bacusevents.com\/ca\/ifema-madrid-tindra-32-restaurants-i-14-terrasses-per-als-assistents-a-esdeveniments\/"},"author":{"name":"Valentina","@id":"https:\/\/bacusevents.com\/ca\/#\/schema\/person\/1bceb1ffde896ddf77b1c58f2d314e59"},"headline":"IFEMA MADRID tindr\u00e0 32 restaurants i 14 terrasses per als assistents a esdeveniments","datePublished":"2023-05-31T14:14:04+00:00","dateModified":"2024-05-01T05:56:31+00:00","mainEntityOfPage":{"@id":"https:\/\/bacusevents.com\/ca\/ifema-madrid-tindra-32-restaurants-i-14-terrasses-per-als-assistents-a-esdeveniments\/"},"wordCount":1582,"publisher":{"@id":"https:\/\/bacusevents.com\/ca\/#organization"},"image":{"@id":"https:\/\/bacusevents.com\/ca\/ifema-madrid-tindra-32-restaurants-i-14-terrasses-per-als-assistents-a-esdeveniments\/#primaryimage"},"thumbnailUrl":"https:\/\/bacusevents.com\/wp-content\/uploads\/2023\/05\/BacusEvents-news-eventos-feria-ifema-restauracion.webp","keywords":["fires"],"articleSection":["C\u00e0tering","Esdeveniments","Fires i Stands","News"],"inLanguage":"ca"},{"@type":"WebPage","@id":"https:\/\/bacusevents.com\/ca\/ifema-madrid-tindra-32-restaurants-i-14-terrasses-per-als-assistents-a-esdeveniments\/","url":"https:\/\/bacusevents.com\/ca\/ifema-madrid-tindra-32-restaurants-i-14-terrasses-per-als-assistents-a-esdeveniments\/","name":"IFEMA MADRID tindr\u00e0 32 restaurants i 14 terrasses per als assistents a esdeveniments - Bacus Events - Creaci\u00f3n y Organizaci\u00f3n de Eventos","isPartOf":{"@id":"https:\/\/bacusevents.com\/ca\/#website"},"primaryImageOfPage":{"@id":"https:\/\/bacusevents.com\/ca\/ifema-madrid-tindra-32-restaurants-i-14-terrasses-per-als-assistents-a-esdeveniments\/#primaryimage"},"image":{"@id":"https:\/\/bacusevents.com\/ca\/ifema-madrid-tindra-32-restaurants-i-14-terrasses-per-als-assistents-a-esdeveniments\/#primaryimage"},"thumbnailUrl":"https:\/\/bacusevents.com\/wp-content\/uploads\/2023\/05\/BacusEvents-news-eventos-feria-ifema-restauracion.webp","datePublished":"2023-05-31T14:14:04+00:00","dateModified":"2024-05-01T05:56:31+00:00","breadcrumb":{"@id":"https:\/\/bacusevents.com\/ca\/ifema-madrid-tindra-32-restaurants-i-14-terrasses-per-als-assistents-a-esdeveniments\/#breadcrumb"},"inLanguage":"ca","potentialAction":[{"@type":"ReadAction","target":["https:\/\/bacusevents.com\/ca\/ifema-madrid-tindra-32-restaurants-i-14-terrasses-per-als-assistents-a-esdeveniments\/"]}]},{"@type":"ImageObject","inLanguage":"ca","@id":"https:\/\/bacusevents.com\/ca\/ifema-madrid-tindra-32-restaurants-i-14-terrasses-per-als-assistents-a-esdeveniments\/#primaryimage","url":"https:\/\/bacusevents.com\/wp-content\/uploads\/2023\/05\/BacusEvents-news-eventos-feria-ifema-restauracion.webp","contentUrl":"https:\/\/bacusevents.com\/wp-content\/uploads\/2023\/05\/BacusEvents-news-eventos-feria-ifema-restauracion.webp","width":768,"height":512},{"@type":"BreadcrumbList","@id":"https:\/\/bacusevents.com\/ca\/ifema-madrid-tindra-32-restaurants-i-14-terrasses-per-als-assistents-a-esdeveniments\/#breadcrumb","itemListElement":[{"@type":"ListItem","position":1,"name":"Portada","item":"https:\/\/bacusevents.com\/ca\/"},{"@type":"ListItem","position":2,"name":"IFEMA MADRID tindr\u00e0 32 restaurants i 14 terrasses per als assistents a esdeveniments"}]},{"@type":"WebSite","@id":"https:\/\/bacusevents.com\/ca\/#website","url":"https:\/\/bacusevents.com\/ca\/","name":"Bacus Events - Creaci\u00f3n y Organizaci\u00f3n de Eventos","description":"Bacus Events - Creaci\u00f3n y Organizaci\u00f3n de Eventos","publisher":{"@id":"https:\/\/bacusevents.com\/ca\/#organization"},"potentialAction":[{"@type":"SearchAction","target":{"@type":"EntryPoint","urlTemplate":"https:\/\/bacusevents.com\/ca\/?s={search_term_string}"},"query-input":{"@type":"PropertyValueSpecification","valueRequired":true,"valueName":"search_term_string"}}],"inLanguage":"ca"},{"@type":"Organization","@id":"https:\/\/bacusevents.com\/ca\/#organization","name":"Bacus Events - Creaci\u00f3n y Organizaci\u00f3n de Eventos","url":"https:\/\/bacusevents.com\/ca\/","logo":{"@type":"ImageObject","inLanguage":"ca","@id":"https:\/\/bacusevents.com\/ca\/#\/schema\/logo\/image\/","url":"https:\/\/bacusevents.com\/wp-content\/uploads\/2025\/03\/BacusEvents-5.png","contentUrl":"https:\/\/bacusevents.com\/wp-content\/uploads\/2025\/03\/BacusEvents-5.png","width":393,"height":426,"caption":"Bacus Events - Creaci\u00f3n y Organizaci\u00f3n de Eventos"},"image":{"@id":"https:\/\/bacusevents.com\/ca\/#\/schema\/logo\/image\/"},"sameAs":["https:\/\/www.facebook.com\/BacusEventos","https:\/\/www.instagram.com\/bacusevents\/","https:\/\/www.linkedin.com\/company\/1481874\/admin\/dashboard\/"]},{"@type":"Person","@id":"https:\/\/bacusevents.com\/ca\/#\/schema\/person\/1bceb1ffde896ddf77b1c58f2d314e59","name":"Valentina","image":{"@type":"ImageObject","inLanguage":"ca","@id":"https:\/\/secure.gravatar.com\/avatar\/81b6b00e29e2279ed8e2ed6b874680d0eb29dd7a5310d6ee502417c4d32b8410?s=96&d=mm&r=g","url":"https:\/\/secure.gravatar.com\/avatar\/81b6b00e29e2279ed8e2ed6b874680d0eb29dd7a5310d6ee502417c4d32b8410?s=96&d=mm&r=g","contentUrl":"https:\/\/secure.gravatar.com\/avatar\/81b6b00e29e2279ed8e2ed6b874680d0eb29dd7a5310d6ee502417c4d32b8410?s=96&d=mm&r=g","caption":"Valentina"},"sameAs":["https:\/\/bacusevents.com"],"url":"https:\/\/bacusevents.com\/ca\/author\/editor-bacus\/"}]}},"_links":{"self":[{"href":"https:\/\/bacusevents.com\/ca\/wp-json\/wp\/v2\/posts\/10897","targetHints":{"allow":["GET"]}}],"collection":[{"href":"https:\/\/bacusevents.com\/ca\/wp-json\/wp\/v2\/posts"}],"about":[{"href":"https:\/\/bacusevents.com\/ca\/wp-json\/wp\/v2\/types\/post"}],"author":[{"embeddable":true,"href":"https:\/\/bacusevents.com\/ca\/wp-json\/wp\/v2\/users\/3"}],"replies":[{"embeddable":true,"href":"https:\/\/bacusevents.com\/ca\/wp-json\/wp\/v2\/comments?post=10897"}],"version-history":[{"count":1,"href":"https:\/\/bacusevents.com\/ca\/wp-json\/wp\/v2\/posts\/10897\/revisions"}],"predecessor-version":[{"id":10924,"href":"https:\/\/bacusevents.com\/ca\/wp-json\/wp\/v2\/posts\/10897\/revisions\/10924"}],"wp:featuredmedia":[{"embeddable":true,"href":"https:\/\/bacusevents.com\/ca\/wp-json\/wp\/v2\/media\/10135"}],"wp:attachment":[{"href":"https:\/\/bacusevents.com\/ca\/wp-json\/wp\/v2\/media?parent=10897"}],"wp:term":[{"taxonomy":"category","embeddable":true,"href":"https:\/\/bacusevents.com\/ca\/wp-json\/wp\/v2\/categories?post=10897"},{"taxonomy":"post_tag","embeddable":true,"href":"https:\/\/bacusevents.com\/ca\/wp-json\/wp\/v2\/tags?post=10897"}],"curies":[{"name":"wp","href":"https:\/\/api.w.org\/{rel}","templated":true}]}}