{"id":10945,"date":"2023-06-06T05:35:32","date_gmt":"2023-06-06T05:35:32","guid":{"rendered":"https:\/\/bacusevents.com\/nous-escenaris-noves-professions-virtual-event-manager\/"},"modified":"2024-05-01T05:56:52","modified_gmt":"2024-05-01T05:56:52","slug":"nous-escenaris-noves-professions-virtual-event-manager","status":"publish","type":"post","link":"https:\/\/bacusevents.com\/ca\/nous-escenaris-noves-professions-virtual-event-manager\/","title":{"rendered":"Nous escenaris, noves professions: Virtual Event Manager"},"content":{"rendered":"<div style='padding-bottom:15px; font-size:40px;' class='av-special-heading av-special-heading-h1  blockquote modern-quote modern-centered  avia-builder-el-0  el_before_av_textblock  avia-builder-el-first   av-inherit-size '><h1 class='av-special-heading-tag '  itemprop=\"headline\"  >Nous escenaris, noves professions: Virtual Event Manager  <\/h1><div class='special-heading-border'><div class='special-heading-inner-border' ><\/div><\/div><\/div>\n<section class=\"av_textblock_section \"  itemscope=\"itemscope\" itemtype=\"https:\/\/schema.org\/BlogPosting\" itemprop=\"blogPost\" ><div class='avia_textblock  '   itemprop=\"text\" ><p><span style=\"font-family: graphik-regular;\">El confinament a causa de la pand\u00e8mia del COVID-19 que el 2020 ens ha obligat a complir durant m\u00e9s de dos mesos ha comportat nous escenaris per a les marques, que s&#8217;han vist obligades a reinventar-se i adaptar-se als nous temps. En aquest temps hem vist n\u00e9ixer una nova era dels esdeveniments: els esdeveniments virtuals, que han passat a ser part protagonista de l&#8217;oci, la cultura i l&#8217;educaci\u00f3 -especialment- les primeres setmanes d&#8217;a\u00efllament casol\u00e0.<\/span><\/p>\n<p><!--more--><\/p>\n<\/div><\/section>\n<div class=\"flex_column av_one_full  flex_column_div av-zero-column-padding first  avia-builder-el-2  el_after_av_textblock  el_before_av_one_full  column-top-margin\" style='border-radius:0px; '><p><div  data-size='2048x2048'  data-lightbox_size='large'  data-animation='slide'  data-conditional_play=''  data-ids='6754'  data-video_counter='0'  data-autoplay='false'  data-bg_slider='false'  data-slide_height=''  data-handle='av_slideshow'  data-interval='5'  data-class=' avia-builder-el-3  el_before_av_textblock  avia-builder-el-first   '  data-css_id=''  data-scroll_down=''  data-control_layout='av-control-default'  data-custom_markup=''  data-perma_caption='aviaTBperma_caption'  data-autoplay_stopper=''  data-image_attachment=''  data-min_height='0px'  data-default-height='100'  class='avia-slideshow avia-slideshow-1  av-control-default av-default-height-applied avia-slideshow-2048x2048 av_slideshow  avia-builder-el-3  el_before_av_textblock  avia-builder-el-first    avia-slide-slider '  itemprop=\"image\" itemscope=\"itemscope\" itemtype=\"https:\/\/schema.org\/ImageObject\" ><ul class='avia-slideshow-inner ' style='padding-bottom: 48.828125%;' ><li  class=' av-single-slide slide-1 ' ><div data-rel='slideshow-1' class='avia-slide-wrap '   ><img src='https:\/\/bacusevents.com\/wp-content\/uploads\/2023\/06\/BacusEvents-new-virtualeventmanager.jpg' width='1024' height='500' title='BacusEvents-new-virtualeventmanager' alt=''  itemprop=\"thumbnailUrl\"   \/><\/div><\/li><\/ul><\/div><br \/>\n<section class=\"av_textblock_section \"  itemscope=\"itemscope\" itemtype=\"https:\/\/schema.org\/BlogPosting\" itemprop=\"blogPost\" ><div class='avia_textblock  '   itemprop=\"text\" ><p><span style=\"font-family: graphik-regular;\">D&#8217;aquesta manera, i malgrat que la desescalada ja ha comen\u00e7at a omplir els carrers, estem segurs que els esdeveniments virtuals han trepitjat fort i es quedaran amb nosaltres durant molt, molt de temps. Aix\u00ed ho pensen tamb\u00e9 a EventoPlus, que creuen que aquest canvi ha comportat la consolidaci\u00f3 d&#8217;una figura professional al sector dels esdeveniments:<\/span><\/p>\n<p><span style=\"font-family: graphik-regular;\">El canvi (obligatori) al qual ens hem vist doblegats aquests darrers mesos a la nostra ind\u00fastria, ha propiciat que la figura del virtual event manager es demani cada vegada m\u00e9s.<\/span><\/p>\n<p><span style=\"font-family: graphik-regular;\"><em>Virtual Event Manager<\/em><\/span><\/p>\n<p><span style=\"font-family: graphik-regular;\">Fem un rep\u00e0s per aquesta interessant figura professional de qu\u00e8 EventoPlus ha tret els seus talents:<\/span><\/p>\n<p><span style=\"font-family: graphik-regular;\"><em>Seguiu l&#8217;escaleta amb detall<\/em><\/span><\/p>\n<p><span style=\"font-family: graphik-regular;\">Una de les claus principals d&#8217;un esdeveniment virtual \u00e9s la seva curta durada, ja que retenir els usuaris a trav\u00e9s de les pantalles es torna una tasca dif\u00edcil. Per aix\u00f2, com a organitzador d&#8217;esdeveniments virtuals \u00e9s imprescindible ser organitzat i seguir a ulls clucs l&#8217;escaleta de l&#8217;esdeveniment. Especial menci\u00f3 als webinars i als ponents: les seves exposicions no han de durar m\u00e9s de 45 minuts -com a molt- si no volem perdre els nostres assistents.<\/span><\/p>\n<p><span style=\"font-family: graphik-regular;\"><em>Temper\u00e0ncia<\/em><\/span><\/p>\n<p><span style=\"font-family: graphik-regular;\">Un virtual event manager ha de ser un veritable sensei de la moderaci\u00f3. Als esdeveniments virtuals es necessita una gran capacitat de reacci\u00f3 ja que es t\u00e9 molt poc marge. \u00c9s imprescindible, per tant, tenir la capacitat de saber sortir air\u00f3s de situacions inc\u00f2modes i fer-ho de manera immediata.<\/span><\/p>\n<p><span style=\"font-family: graphik-regular;\"><em>Capacitat de transmetre all\u00f2 que necessites<\/em><\/span><\/p>\n<p><span style=\"font-family: graphik-regular;\">Ser un bon comunicador, tant en forma com en temps, \u00e9s un must per a aquest tipus de professionals. Al ciberespai tenim poc temps per captar l&#8217;atenci\u00f3 i el virtual event manager ho ha de fer de la forma adequada i en el menor temps possible.<\/span><\/p>\n<p><span style=\"font-family: graphik-regular;\"><em>Alleugeradors nats<\/em><\/span><\/p>\n<p><span style=\"font-family: graphik-regular;\">Un organitzador d&#8217;esdeveniments virtuals ha de tenir un art especial per fer pressa d&#8217;una manera elegant o graciosa. \u00c9s molt habitual que els ponents se&#8217;n vagin de temps i \u00e9s tasca de l&#8217;event manager \u00abobligar-los\u00bb a alleugerir, sempre de manera diplom\u00e0tica.<\/span><\/p>\n<p><span style=\"font-family: graphik-regular;\"><em>Team Dream<\/em><\/span><\/p>\n<p><span style=\"font-family: graphik-regular;\">Un event manager virtual ha de tenir molts dons, per\u00f2 tamb\u00e9 \u00e9s estrictament imprescindible comptar amb un bon equip darrere de l&#8217;esdeveniment per generar continguts atractius o amb un bon equip t\u00e8cnic que sincronitzi les pon\u00e8ncies.<\/span><\/p>\n<p><span style=\"font-family: graphik-regular;\"><em>Ser proactiu<\/em><\/span><\/p>\n<p><span style=\"font-family: graphik-regular;\">La tecnologia est\u00e0 en evoluci\u00f3 constant i \u00e9s fonamental no tenir por de provar noves plataformes o, en general, nous formats per atraure l&#8217;atenci\u00f3 de l&#8217;usuari.<\/span><\/p>\n<p><span style=\"font-family: graphik-regular;\"><em>Sempre al dia de les novetats<\/em><\/span><\/p>\n<p><span style=\"font-family: graphik-regular;\">Per acabar, aquest tipus de professionals han de ser cercadors incansables de les novetats del m\u00f3n virtual. Navegar per la xarxa \u00e9s b\u00e0sicament el seu estil de vida.<\/span><\/p>\n<\/div><\/section><br \/>\n<section class=\"av_textblock_section \"  itemscope=\"itemscope\" itemtype=\"https:\/\/schema.org\/BlogPosting\" itemprop=\"blogPost\" ><div class='avia_textblock  '   itemprop=\"text\" ><p><span style=\"font-family: graphik-regular;\">Font &#8211; https:\/\/www.protocoloimep.com\/organizacion-de-eventos\/virtual-event-manager\/<\/span><\/p>\n<\/div><\/section><\/p><\/div><div class=\"flex_column av_one_full  flex_column_div av-zero-column-padding first  avia-builder-el-6  el_after_av_one_full  avia-builder-el-last  column-top-margin\" style='border-radius:0px; '><div class='avia-button-wrap avia-button-center  avia-builder-el-7  avia-builder-el-no-sibling  '><a href='javascript: history.go(-1)'  class='avia-button   avia-icon_select-yes-left-icon avia-color-black avia-size-medium avia-position-center '   ><span class='avia_button_icon avia_button_icon_left ' aria-hidden='true' data-av_icon='\ue880' data-av_iconfont='entypo-fontello'><\/span><span class='avia_iconbox_title' >Enrere<\/span><\/a><\/div><\/div><\/p>\n","protected":false},"excerpt":{"rendered":"<p>El confinament a causa de la pand\u00e8mia del COVID-19 que el 2020 ens ha obligat a complir durant m\u00e9s de dos mesos ha comportat nous escenaris per a les marques, que s&#8217;han vist obligades a reinventar-se i adaptar-se als nous temps. En aquest temps hem vist n\u00e9ixer una nova era dels esdeveniments: els esdeveniments virtuals, [&hellip;]<\/p>\n","protected":false},"author":3,"featured_media":10149,"comment_status":"closed","ping_status":"closed","sticky":false,"template":"","format":"standard","meta":{"footnotes":""},"categories":[194,143,142],"tags":[206],"class_list":["post-10945","post","type-post","status-publish","format-standard","has-post-thumbnail","hentry","category-digital-ca","category-esdeveniments","category-news-ca-2","tag-esdeveniments-virtuals"],"yoast_head":"<!-- This site is optimized with the Yoast SEO Premium plugin v27.0 (Yoast SEO v27.5) - https:\/\/yoast.com\/product\/yoast-seo-premium-wordpress\/ -->\n<title>Nous escenaris, noves professions: Virtual Event Manager - Bacus Events - Creaci\u00f3n y Organizaci\u00f3n de Eventos<\/title>\n<meta name=\"robots\" content=\"index, follow, max-snippet:-1, max-image-preview:large, max-video-preview:-1\" \/>\n<link rel=\"canonical\" href=\"https:\/\/bacusevents.com\/ca\/nous-escenaris-noves-professions-virtual-event-manager\/\" \/>\n<meta property=\"og:locale\" content=\"ca_ES\" \/>\n<meta property=\"og:type\" content=\"article\" \/>\n<meta property=\"og:title\" content=\"Nous escenaris, noves professions: Virtual Event Manager\" \/>\n<meta property=\"og:description\" content=\"El confinament a causa de la pand\u00e8mia del COVID-19 que el 2020 ens ha obligat a complir durant m\u00e9s de dos mesos ha comportat nous escenaris per a les marques, que s&#8217;han vist obligades a reinventar-se i adaptar-se als nous temps. En aquest temps hem vist n\u00e9ixer una nova era dels esdeveniments: els esdeveniments virtuals, [&hellip;]\" \/>\n<meta property=\"og:url\" content=\"https:\/\/bacusevents.com\/ca\/nous-escenaris-noves-professions-virtual-event-manager\/\" \/>\n<meta property=\"og:site_name\" content=\"Bacus Events - Creaci\u00f3n y Organizaci\u00f3n de Eventos\" \/>\n<meta property=\"article:publisher\" content=\"https:\/\/www.facebook.com\/BacusEventos\" \/>\n<meta property=\"article:published_time\" content=\"2023-06-06T05:35:32+00:00\" \/>\n<meta property=\"article:modified_time\" content=\"2024-05-01T05:56:52+00:00\" \/>\n<meta property=\"og:image\" content=\"https:\/\/bacusevents.com\/wp-content\/uploads\/2023\/06\/BacusEvents-new-virtualeventmanager.jpg\" \/>\n\t<meta property=\"og:image:width\" content=\"1024\" \/>\n\t<meta property=\"og:image:height\" content=\"500\" \/>\n\t<meta property=\"og:image:type\" content=\"image\/jpeg\" \/>\n<meta name=\"author\" content=\"Valentina\" \/>\n<meta name=\"twitter:card\" content=\"summary_large_image\" \/>\n<meta name=\"twitter:label1\" content=\"Escrit per\" \/>\n\t<meta name=\"twitter:data1\" content=\"Valentina\" \/>\n\t<meta name=\"twitter:label2\" content=\"Temps estimat de lectura\" \/>\n\t<meta name=\"twitter:data2\" content=\"5 minuts\" \/>\n<script type=\"application\/ld+json\" class=\"yoast-schema-graph\">{\"@context\":\"https:\\\/\\\/schema.org\",\"@graph\":[{\"@type\":\"Article\",\"@id\":\"https:\\\/\\\/bacusevents.com\\\/ca\\\/nous-escenaris-noves-professions-virtual-event-manager\\\/#article\",\"isPartOf\":{\"@id\":\"https:\\\/\\\/bacusevents.com\\\/ca\\\/nous-escenaris-noves-professions-virtual-event-manager\\\/\"},\"author\":{\"name\":\"Valentina\",\"@id\":\"https:\\\/\\\/bacusevents.com\\\/ca\\\/#\\\/schema\\\/person\\\/1bceb1ffde896ddf77b1c58f2d314e59\"},\"headline\":\"Nous escenaris, noves professions: Virtual Event Manager\",\"datePublished\":\"2023-06-06T05:35:32+00:00\",\"dateModified\":\"2024-05-01T05:56:52+00:00\",\"mainEntityOfPage\":{\"@id\":\"https:\\\/\\\/bacusevents.com\\\/ca\\\/nous-escenaris-noves-professions-virtual-event-manager\\\/\"},\"wordCount\":956,\"publisher\":{\"@id\":\"https:\\\/\\\/bacusevents.com\\\/ca\\\/#organization\"},\"image\":{\"@id\":\"https:\\\/\\\/bacusevents.com\\\/ca\\\/nous-escenaris-noves-professions-virtual-event-manager\\\/#primaryimage\"},\"thumbnailUrl\":\"https:\\\/\\\/bacusevents.com\\\/wp-content\\\/uploads\\\/2023\\\/06\\\/BacusEvents-new-virtualeventmanager.jpg\",\"keywords\":[\"esdeveniments virtuals\"],\"articleSection\":[\"Digital\",\"Esdeveniments\",\"News\"],\"inLanguage\":\"ca\"},{\"@type\":\"WebPage\",\"@id\":\"https:\\\/\\\/bacusevents.com\\\/ca\\\/nous-escenaris-noves-professions-virtual-event-manager\\\/\",\"url\":\"https:\\\/\\\/bacusevents.com\\\/ca\\\/nous-escenaris-noves-professions-virtual-event-manager\\\/\",\"name\":\"Nous escenaris, noves professions: Virtual Event Manager - Bacus Events - Creaci\u00f3n y Organizaci\u00f3n de Eventos\",\"isPartOf\":{\"@id\":\"https:\\\/\\\/bacusevents.com\\\/ca\\\/#website\"},\"primaryImageOfPage\":{\"@id\":\"https:\\\/\\\/bacusevents.com\\\/ca\\\/nous-escenaris-noves-professions-virtual-event-manager\\\/#primaryimage\"},\"image\":{\"@id\":\"https:\\\/\\\/bacusevents.com\\\/ca\\\/nous-escenaris-noves-professions-virtual-event-manager\\\/#primaryimage\"},\"thumbnailUrl\":\"https:\\\/\\\/bacusevents.com\\\/wp-content\\\/uploads\\\/2023\\\/06\\\/BacusEvents-new-virtualeventmanager.jpg\",\"datePublished\":\"2023-06-06T05:35:32+00:00\",\"dateModified\":\"2024-05-01T05:56:52+00:00\",\"breadcrumb\":{\"@id\":\"https:\\\/\\\/bacusevents.com\\\/ca\\\/nous-escenaris-noves-professions-virtual-event-manager\\\/#breadcrumb\"},\"inLanguage\":\"ca\",\"potentialAction\":[{\"@type\":\"ReadAction\",\"target\":[\"https:\\\/\\\/bacusevents.com\\\/ca\\\/nous-escenaris-noves-professions-virtual-event-manager\\\/\"]}]},{\"@type\":\"ImageObject\",\"inLanguage\":\"ca\",\"@id\":\"https:\\\/\\\/bacusevents.com\\\/ca\\\/nous-escenaris-noves-professions-virtual-event-manager\\\/#primaryimage\",\"url\":\"https:\\\/\\\/bacusevents.com\\\/wp-content\\\/uploads\\\/2023\\\/06\\\/BacusEvents-new-virtualeventmanager.jpg\",\"contentUrl\":\"https:\\\/\\\/bacusevents.com\\\/wp-content\\\/uploads\\\/2023\\\/06\\\/BacusEvents-new-virtualeventmanager.jpg\",\"width\":1024,\"height\":500},{\"@type\":\"BreadcrumbList\",\"@id\":\"https:\\\/\\\/bacusevents.com\\\/ca\\\/nous-escenaris-noves-professions-virtual-event-manager\\\/#breadcrumb\",\"itemListElement\":[{\"@type\":\"ListItem\",\"position\":1,\"name\":\"Portada\",\"item\":\"https:\\\/\\\/bacusevents.com\\\/ca\\\/\"},{\"@type\":\"ListItem\",\"position\":2,\"name\":\"Nous escenaris, noves professions: Virtual Event Manager\"}]},{\"@type\":\"WebSite\",\"@id\":\"https:\\\/\\\/bacusevents.com\\\/ca\\\/#website\",\"url\":\"https:\\\/\\\/bacusevents.com\\\/ca\\\/\",\"name\":\"Bacus Events - Creaci\u00f3n y Organizaci\u00f3n de Eventos\",\"description\":\"Bacus Events - Creaci\u00f3n y Organizaci\u00f3n de Eventos\",\"publisher\":{\"@id\":\"https:\\\/\\\/bacusevents.com\\\/ca\\\/#organization\"},\"potentialAction\":[{\"@type\":\"SearchAction\",\"target\":{\"@type\":\"EntryPoint\",\"urlTemplate\":\"https:\\\/\\\/bacusevents.com\\\/ca\\\/?s={search_term_string}\"},\"query-input\":{\"@type\":\"PropertyValueSpecification\",\"valueRequired\":true,\"valueName\":\"search_term_string\"}}],\"inLanguage\":\"ca\"},{\"@type\":\"Organization\",\"@id\":\"https:\\\/\\\/bacusevents.com\\\/ca\\\/#organization\",\"name\":\"Bacus Events - Creaci\u00f3n y Organizaci\u00f3n de Eventos\",\"url\":\"https:\\\/\\\/bacusevents.com\\\/ca\\\/\",\"logo\":{\"@type\":\"ImageObject\",\"inLanguage\":\"ca\",\"@id\":\"https:\\\/\\\/bacusevents.com\\\/ca\\\/#\\\/schema\\\/logo\\\/image\\\/\",\"url\":\"https:\\\/\\\/bacusevents.com\\\/wp-content\\\/uploads\\\/2025\\\/03\\\/BacusEvents-5.png\",\"contentUrl\":\"https:\\\/\\\/bacusevents.com\\\/wp-content\\\/uploads\\\/2025\\\/03\\\/BacusEvents-5.png\",\"width\":393,\"height\":426,\"caption\":\"Bacus Events - Creaci\u00f3n y Organizaci\u00f3n de Eventos\"},\"image\":{\"@id\":\"https:\\\/\\\/bacusevents.com\\\/ca\\\/#\\\/schema\\\/logo\\\/image\\\/\"},\"sameAs\":[\"https:\\\/\\\/www.facebook.com\\\/BacusEventos\",\"https:\\\/\\\/www.instagram.com\\\/bacusevents\\\/\",\"https:\\\/\\\/www.linkedin.com\\\/company\\\/1481874\\\/admin\\\/dashboard\\\/\"]},{\"@type\":\"Person\",\"@id\":\"https:\\\/\\\/bacusevents.com\\\/ca\\\/#\\\/schema\\\/person\\\/1bceb1ffde896ddf77b1c58f2d314e59\",\"name\":\"Valentina\",\"image\":{\"@type\":\"ImageObject\",\"inLanguage\":\"ca\",\"@id\":\"https:\\\/\\\/secure.gravatar.com\\\/avatar\\\/81b6b00e29e2279ed8e2ed6b874680d0eb29dd7a5310d6ee502417c4d32b8410?s=96&d=mm&r=g\",\"url\":\"https:\\\/\\\/secure.gravatar.com\\\/avatar\\\/81b6b00e29e2279ed8e2ed6b874680d0eb29dd7a5310d6ee502417c4d32b8410?s=96&d=mm&r=g\",\"contentUrl\":\"https:\\\/\\\/secure.gravatar.com\\\/avatar\\\/81b6b00e29e2279ed8e2ed6b874680d0eb29dd7a5310d6ee502417c4d32b8410?s=96&d=mm&r=g\",\"caption\":\"Valentina\"},\"sameAs\":[\"https:\\\/\\\/bacusevents.com\"],\"url\":\"https:\\\/\\\/bacusevents.com\\\/ca\\\/author\\\/editor-bacus\\\/\"}]}<\/script>\n<!-- \/ Yoast SEO Premium plugin. -->","yoast_head_json":{"title":"Nous escenaris, noves professions: Virtual Event Manager - Bacus Events - Creaci\u00f3n y Organizaci\u00f3n de Eventos","robots":{"index":"index","follow":"follow","max-snippet":"max-snippet:-1","max-image-preview":"max-image-preview:large","max-video-preview":"max-video-preview:-1"},"canonical":"https:\/\/bacusevents.com\/ca\/nous-escenaris-noves-professions-virtual-event-manager\/","og_locale":"ca_ES","og_type":"article","og_title":"Nous escenaris, noves professions: Virtual Event Manager","og_description":"El confinament a causa de la pand\u00e8mia del COVID-19 que el 2020 ens ha obligat a complir durant m\u00e9s de dos mesos ha comportat nous escenaris per a les marques, que s&#8217;han vist obligades a reinventar-se i adaptar-se als nous temps. En aquest temps hem vist n\u00e9ixer una nova era dels esdeveniments: els esdeveniments virtuals, [&hellip;]","og_url":"https:\/\/bacusevents.com\/ca\/nous-escenaris-noves-professions-virtual-event-manager\/","og_site_name":"Bacus Events - Creaci\u00f3n y Organizaci\u00f3n de Eventos","article_publisher":"https:\/\/www.facebook.com\/BacusEventos","article_published_time":"2023-06-06T05:35:32+00:00","article_modified_time":"2024-05-01T05:56:52+00:00","og_image":[{"width":1024,"height":500,"url":"https:\/\/bacusevents.com\/wp-content\/uploads\/2023\/06\/BacusEvents-new-virtualeventmanager.jpg","type":"image\/jpeg"}],"author":"Valentina","twitter_card":"summary_large_image","twitter_misc":{"Escrit per":"Valentina","Temps estimat de lectura":"5 minuts"},"schema":{"@context":"https:\/\/schema.org","@graph":[{"@type":"Article","@id":"https:\/\/bacusevents.com\/ca\/nous-escenaris-noves-professions-virtual-event-manager\/#article","isPartOf":{"@id":"https:\/\/bacusevents.com\/ca\/nous-escenaris-noves-professions-virtual-event-manager\/"},"author":{"name":"Valentina","@id":"https:\/\/bacusevents.com\/ca\/#\/schema\/person\/1bceb1ffde896ddf77b1c58f2d314e59"},"headline":"Nous escenaris, noves professions: Virtual Event Manager","datePublished":"2023-06-06T05:35:32+00:00","dateModified":"2024-05-01T05:56:52+00:00","mainEntityOfPage":{"@id":"https:\/\/bacusevents.com\/ca\/nous-escenaris-noves-professions-virtual-event-manager\/"},"wordCount":956,"publisher":{"@id":"https:\/\/bacusevents.com\/ca\/#organization"},"image":{"@id":"https:\/\/bacusevents.com\/ca\/nous-escenaris-noves-professions-virtual-event-manager\/#primaryimage"},"thumbnailUrl":"https:\/\/bacusevents.com\/wp-content\/uploads\/2023\/06\/BacusEvents-new-virtualeventmanager.jpg","keywords":["esdeveniments virtuals"],"articleSection":["Digital","Esdeveniments","News"],"inLanguage":"ca"},{"@type":"WebPage","@id":"https:\/\/bacusevents.com\/ca\/nous-escenaris-noves-professions-virtual-event-manager\/","url":"https:\/\/bacusevents.com\/ca\/nous-escenaris-noves-professions-virtual-event-manager\/","name":"Nous escenaris, noves professions: Virtual Event Manager - Bacus Events - Creaci\u00f3n y Organizaci\u00f3n de Eventos","isPartOf":{"@id":"https:\/\/bacusevents.com\/ca\/#website"},"primaryImageOfPage":{"@id":"https:\/\/bacusevents.com\/ca\/nous-escenaris-noves-professions-virtual-event-manager\/#primaryimage"},"image":{"@id":"https:\/\/bacusevents.com\/ca\/nous-escenaris-noves-professions-virtual-event-manager\/#primaryimage"},"thumbnailUrl":"https:\/\/bacusevents.com\/wp-content\/uploads\/2023\/06\/BacusEvents-new-virtualeventmanager.jpg","datePublished":"2023-06-06T05:35:32+00:00","dateModified":"2024-05-01T05:56:52+00:00","breadcrumb":{"@id":"https:\/\/bacusevents.com\/ca\/nous-escenaris-noves-professions-virtual-event-manager\/#breadcrumb"},"inLanguage":"ca","potentialAction":[{"@type":"ReadAction","target":["https:\/\/bacusevents.com\/ca\/nous-escenaris-noves-professions-virtual-event-manager\/"]}]},{"@type":"ImageObject","inLanguage":"ca","@id":"https:\/\/bacusevents.com\/ca\/nous-escenaris-noves-professions-virtual-event-manager\/#primaryimage","url":"https:\/\/bacusevents.com\/wp-content\/uploads\/2023\/06\/BacusEvents-new-virtualeventmanager.jpg","contentUrl":"https:\/\/bacusevents.com\/wp-content\/uploads\/2023\/06\/BacusEvents-new-virtualeventmanager.jpg","width":1024,"height":500},{"@type":"BreadcrumbList","@id":"https:\/\/bacusevents.com\/ca\/nous-escenaris-noves-professions-virtual-event-manager\/#breadcrumb","itemListElement":[{"@type":"ListItem","position":1,"name":"Portada","item":"https:\/\/bacusevents.com\/ca\/"},{"@type":"ListItem","position":2,"name":"Nous escenaris, noves professions: Virtual Event Manager"}]},{"@type":"WebSite","@id":"https:\/\/bacusevents.com\/ca\/#website","url":"https:\/\/bacusevents.com\/ca\/","name":"Bacus Events - Creaci\u00f3n y Organizaci\u00f3n de Eventos","description":"Bacus Events - Creaci\u00f3n y Organizaci\u00f3n de Eventos","publisher":{"@id":"https:\/\/bacusevents.com\/ca\/#organization"},"potentialAction":[{"@type":"SearchAction","target":{"@type":"EntryPoint","urlTemplate":"https:\/\/bacusevents.com\/ca\/?s={search_term_string}"},"query-input":{"@type":"PropertyValueSpecification","valueRequired":true,"valueName":"search_term_string"}}],"inLanguage":"ca"},{"@type":"Organization","@id":"https:\/\/bacusevents.com\/ca\/#organization","name":"Bacus Events - Creaci\u00f3n y Organizaci\u00f3n de Eventos","url":"https:\/\/bacusevents.com\/ca\/","logo":{"@type":"ImageObject","inLanguage":"ca","@id":"https:\/\/bacusevents.com\/ca\/#\/schema\/logo\/image\/","url":"https:\/\/bacusevents.com\/wp-content\/uploads\/2025\/03\/BacusEvents-5.png","contentUrl":"https:\/\/bacusevents.com\/wp-content\/uploads\/2025\/03\/BacusEvents-5.png","width":393,"height":426,"caption":"Bacus Events - Creaci\u00f3n y Organizaci\u00f3n de Eventos"},"image":{"@id":"https:\/\/bacusevents.com\/ca\/#\/schema\/logo\/image\/"},"sameAs":["https:\/\/www.facebook.com\/BacusEventos","https:\/\/www.instagram.com\/bacusevents\/","https:\/\/www.linkedin.com\/company\/1481874\/admin\/dashboard\/"]},{"@type":"Person","@id":"https:\/\/bacusevents.com\/ca\/#\/schema\/person\/1bceb1ffde896ddf77b1c58f2d314e59","name":"Valentina","image":{"@type":"ImageObject","inLanguage":"ca","@id":"https:\/\/secure.gravatar.com\/avatar\/81b6b00e29e2279ed8e2ed6b874680d0eb29dd7a5310d6ee502417c4d32b8410?s=96&d=mm&r=g","url":"https:\/\/secure.gravatar.com\/avatar\/81b6b00e29e2279ed8e2ed6b874680d0eb29dd7a5310d6ee502417c4d32b8410?s=96&d=mm&r=g","contentUrl":"https:\/\/secure.gravatar.com\/avatar\/81b6b00e29e2279ed8e2ed6b874680d0eb29dd7a5310d6ee502417c4d32b8410?s=96&d=mm&r=g","caption":"Valentina"},"sameAs":["https:\/\/bacusevents.com"],"url":"https:\/\/bacusevents.com\/ca\/author\/editor-bacus\/"}]}},"_links":{"self":[{"href":"https:\/\/bacusevents.com\/ca\/wp-json\/wp\/v2\/posts\/10945","targetHints":{"allow":["GET"]}}],"collection":[{"href":"https:\/\/bacusevents.com\/ca\/wp-json\/wp\/v2\/posts"}],"about":[{"href":"https:\/\/bacusevents.com\/ca\/wp-json\/wp\/v2\/types\/post"}],"author":[{"embeddable":true,"href":"https:\/\/bacusevents.com\/ca\/wp-json\/wp\/v2\/users\/3"}],"replies":[{"embeddable":true,"href":"https:\/\/bacusevents.com\/ca\/wp-json\/wp\/v2\/comments?post=10945"}],"version-history":[{"count":10,"href":"https:\/\/bacusevents.com\/ca\/wp-json\/wp\/v2\/posts\/10945\/revisions"}],"predecessor-version":[{"id":11115,"href":"https:\/\/bacusevents.com\/ca\/wp-json\/wp\/v2\/posts\/10945\/revisions\/11115"}],"wp:featuredmedia":[{"embeddable":true,"href":"https:\/\/bacusevents.com\/ca\/wp-json\/wp\/v2\/media\/10149"}],"wp:attachment":[{"href":"https:\/\/bacusevents.com\/ca\/wp-json\/wp\/v2\/media?parent=10945"}],"wp:term":[{"taxonomy":"category","embeddable":true,"href":"https:\/\/bacusevents.com\/ca\/wp-json\/wp\/v2\/categories?post=10945"},{"taxonomy":"post_tag","embeddable":true,"href":"https:\/\/bacusevents.com\/ca\/wp-json\/wp\/v2\/tags?post=10945"}],"curies":[{"name":"wp","href":"https:\/\/api.w.org\/{rel}","templated":true}]}}