{"id":10975,"date":"2023-06-08T09:59:06","date_gmt":"2023-06-08T09:59:06","guid":{"rendered":"https:\/\/bacusevents.com\/noves-tendencies-en-organitzacio-desdeveniments\/"},"modified":"2024-05-01T05:56:52","modified_gmt":"2024-05-01T05:56:52","slug":"noves-tendencies-en-organitzacio-desdeveniments","status":"publish","type":"post","link":"https:\/\/bacusevents.com\/ca\/noves-tendencies-en-organitzacio-desdeveniments\/","title":{"rendered":"Noves tend\u00e8ncies en organitzaci\u00f3 d\u00b4esdeveniments"},"content":{"rendered":"<div style='padding-bottom:15px; font-size:40px;' class='av-special-heading av-special-heading-h1  blockquote modern-quote modern-centered  avia-builder-el-0  el_before_av_textblock  avia-builder-el-first   av-inherit-size '><h1 class='av-special-heading-tag '  itemprop=\"headline\"  >Noves tend\u00e8ncies en organitzaci\u00f3 d\u00b4esdeveniments  <\/h1><div class='special-heading-border'><div class='special-heading-inner-border' ><\/div><\/div><\/div>\n<section class=\"av_textblock_section \"  itemscope=\"itemscope\" itemtype=\"https:\/\/schema.org\/BlogPosting\" itemprop=\"blogPost\" ><div class='avia_textblock  '   itemprop=\"text\" ><p><span style=\"font-family: graphik-regular;\">El m\u00f3n dels esdeveniments evoluciona constantment per adaptar-se als nous temps utilitzant les noves eines i les darreres novetats en tecnologia que faciliten la vida tant als organitzadors com als participants que gr\u00e0cies a elles formen part m\u00e9s activa de l&#8217;esdeveniment.<\/span><br \/>\n<!--more--><\/p>\n<\/div><\/section>\n<div class=\"flex_column av_one_full  flex_column_div av-zero-column-padding first  avia-builder-el-2  el_after_av_textblock  el_before_av_one_full  column-top-margin\" style='border-radius:0px; '><p><div  data-size='2048x2048'  data-lightbox_size='large'  data-animation='slide'  data-conditional_play=''  data-ids='6817'  data-video_counter='0'  data-autoplay='false'  data-bg_slider='false'  data-slide_height=''  data-handle='av_slideshow'  data-interval='5'  data-class=' avia-builder-el-3  el_before_av_textblock  avia-builder-el-first   '  data-css_id=''  data-scroll_down=''  data-control_layout='av-control-default'  data-custom_markup=''  data-perma_caption='aviaTBperma_caption'  data-autoplay_stopper=''  data-image_attachment=''  data-min_height='0px'  data-default-height='100'  class='avia-slideshow avia-slideshow-1  av-control-default av-default-height-applied avia-slideshow-2048x2048 av_slideshow  avia-builder-el-3  el_before_av_textblock  avia-builder-el-first    avia-slide-slider '  itemprop=\"image\" itemscope=\"itemscope\" itemtype=\"https:\/\/schema.org\/ImageObject\" ><ul class='avia-slideshow-inner ' style='padding-bottom: 63.125%;' ><li  class=' av-single-slide slide-1 ' ><div data-rel='slideshow-1' class='avia-slide-wrap '   ><img src='https:\/\/bacusevents.com\/wp-content\/uploads\/2023\/06\/BacusEvent-news-tendencia-organizacion-eventos-1.jpg' width='480' height='303' title='BacusEvent-news-tendencia-organizacion-eventos' alt=''  itemprop=\"thumbnailUrl\"   \/><\/div><\/li><\/ul><\/div><br \/>\n<section class=\"av_textblock_section \"  itemscope=\"itemscope\" itemtype=\"https:\/\/schema.org\/BlogPosting\" itemprop=\"blogPost\" ><div class='avia_textblock  '   itemprop=\"text\" ><p><span style=\"font-family: graphik-regular;\">Quines s\u00f3n les tend\u00e8ncies a l&#8217;Organitzaci\u00f3 d&#8217;Esdeveniments? Cap on es dirigeix \u200b\u200bel sector? Qu\u00e8 demanen els participants?<\/span><\/p>\n<p><span style=\"font-family: graphik-regular;\">Aquestes s\u00f3n algunes de les preguntes que ens fem molts a l&#8217;hora de pensar noves formes impactants, originals, diferents&#8230; per organitzar els nostres esdeveniments. Per ajudar-te a respondre-les hem creat aquesta petita llista on incloem alguns dels aspectes m\u00e9s importants en qu\u00e8 hem de pensar quan organitzem el nostre esdeveniment.<\/span><\/p>\n<\/div><\/section><br \/>\n<div style='padding-bottom:15px; color:#000000;font-size:40px;' class='av-special-heading av-special-heading-h1 custom-color-heading blockquote modern-quote modern-centered  avia-builder-el-5  el_after_av_textblock  el_before_av_textblock   av-inherit-size '><h1 class='av-special-heading-tag '  itemprop=\"headline\"  >Esdeveniments h\u00edbrids<\/h1><div class='special-heading-border'><div class='special-heading-inner-border' style='border-color:#000000'><\/div><\/div><\/div><br \/>\n<section class=\"av_textblock_section \"  itemscope=\"itemscope\" itemtype=\"https:\/\/schema.org\/BlogPosting\" itemprop=\"blogPost\" ><div class='avia_textblock  '   itemprop=\"text\" ><p><span style=\"font-family: graphik-regular;\">Cada cop busquem noves maneres d&#8217;impactar i sorprendre els assistents al nostre esdeveniment, i per aix\u00f2 ens ajudem de les noves tecnologies.<\/span><\/p>\n<p><span style=\"font-family: graphik-regular;\">Els esdeveniments h\u00edbrids s\u00f3n els que combinen el m\u00f3n f\u00edsic amb el m\u00f3n virtual, donant lloc aix\u00ed a esdeveniments m\u00e9s interactius i participatius. Gr\u00e0cies a la inclusi\u00f3 de la part virtual a l&#8217;esdeveniment presencial obtenim un major abast ja que podem comptar amb participants de tot arreu del m\u00f3n sense que s&#8217;hagin de despla\u00e7ar.<\/span><\/p>\n<p><span style=\"font-family: graphik-regular;\">En els darrers temps s&#8217;ha produ\u00eft un increment en l&#8217;\u00fas de les noves tecnologies i la integraci\u00f3 en els esdeveniments cada cop es realitza de manera m\u00e9s natural, cosa que ens permet millorar l&#8217;experi\u00e8ncia dels participants i treure el m\u00e0xim partit a l&#8217;esdeveniment. En aquest sentit, una de les tend\u00e8ncies \u00e9s la utilitzaci\u00f3 d&#8217;ibeacons, aquests objectes tenen la capacitat d&#8217;interactuar amb els dispositius m\u00f2bils que s\u00f3n a prop per proporcionar una informaci\u00f3 detallada i gaireb\u00e9 personalitzada, quan l&#8217;usuari est\u00e0 dins d&#8217;aquesta \u00e0rea se li envien avisos i informacions rellevants per a ell.<\/span><\/p>\n<\/div><\/section><br \/>\n<div class='avia-video avia-video-16-9   av-lazyload-immediate  av-lazyload-video-embed  '   itemprop=\"video\" itemtype=\"https:\/\/schema.org\/VideoObject\"  data-original_url='https:\/\/youtu.be\/UuErJAPeaqU' ><script data-jetpack-boost=\"ignore\" data-jetpack-boost=\"ignore\" type='text\/html' class='av-video-tmpl'><div class='avia-iframe-wrap'><iframe title=\"CNET News - MLB tests Apple&#039;s iBeacon at Citi Field\" width=\"1500\" height=\"844\" src=\"https:\/\/www.youtube.com\/embed\/UuErJAPeaqU?feature=oembed\" frameborder=\"0\" allow=\"accelerometer; autoplay; clipboard-write; encrypted-media; gyroscope; picture-in-picture; web-share\" referrerpolicy=\"strict-origin-when-cross-origin\" allowfullscreen><\/iframe><\/div><\/script><div class='av-click-to-play-overlay'><div class=\"avia_playpause_icon\"><\/div><\/div><\/div><br \/>\n<div style='padding-bottom:15px; color:#000000;font-size:40px;' class='av-special-heading av-special-heading-h1 custom-color-heading blockquote modern-quote modern-centered  avia-builder-el-8  el_after_av_video  el_before_av_textblock   av-inherit-size '><h1 class='av-special-heading-tag '  itemprop=\"headline\"  >Mitjans audiovisuals<\/h1><div class='special-heading-border'><div class='special-heading-inner-border' style='border-color:#000000'><\/div><\/div><\/div><br \/>\n<section class=\"av_textblock_section \"  itemscope=\"itemscope\" itemtype=\"https:\/\/schema.org\/BlogPosting\" itemprop=\"blogPost\" ><div class='avia_textblock  '   itemprop=\"text\" ><p><span style=\"font-family: graphik-regular;\">La utilitzaci\u00f3 de l&#8217;audiovisual durant i despr\u00e9s de l&#8217;esdeveniment \u00e9s una eina que no podem descuidar.<\/span><\/p>\n<p><span style=\"font-family: graphik-regular;\">Quan participem en un esdeveniment sempre ens impacta m\u00e9s i recordem m\u00e9s f\u00e0cilment la part audiovisual que hi ha hagut.<\/span><\/p>\n<p><span style=\"font-family: graphik-regular;\">Durant l&#8217;esdeveniment podem integrar l&#8217;audiovisual de multitud de formes, una de les m\u00e9s impactants \u00e9s la creaci\u00f3 de continguts de realitat augmentada generant aix\u00ed una experi\u00e8ncia en el participant dif\u00edcil d&#8217;oblidar, combinant el m\u00f3n real amb elements virtuals que ens poden transportar a altres llocs. Una altra de les formes en qu\u00e8 podem sorprendre el nostre p\u00fablic \u00e9s amb la utilitzaci\u00f3 de v\u00eddeo mapping, t\u00e8cnica consistent a projectar imatges sobre superf\u00edcies reals per aconseguir efectes de moviment o 3D donant lloc a un espectacle art\u00edstic fora del com\u00fa.<\/span><\/p>\n<\/div><\/section><br \/>\n<div class='avia-video avia-video-16-9   av-lazyload-immediate  av-lazyload-video-embed  '   itemprop=\"video\" itemtype=\"https:\/\/schema.org\/VideoObject\"  data-original_url='https:\/\/youtu.be\/BGXcfvWhdDQ' ><script data-jetpack-boost=\"ignore\" data-jetpack-boost=\"ignore\" type='text\/html' class='av-video-tmpl'><div class='avia-iframe-wrap'><iframe title=\"Battle of Branchage - Projection Mapping Installation\" width=\"1500\" height=\"844\" src=\"https:\/\/www.youtube.com\/embed\/BGXcfvWhdDQ?feature=oembed\" frameborder=\"0\" allow=\"accelerometer; autoplay; clipboard-write; encrypted-media; gyroscope; picture-in-picture; web-share\" referrerpolicy=\"strict-origin-when-cross-origin\" allowfullscreen><\/iframe><\/div><\/script><div class='av-click-to-play-overlay'><div class=\"avia_playpause_icon\"><\/div><\/div><\/div><br \/>\n<section class=\"av_textblock_section \"  itemscope=\"itemscope\" itemtype=\"https:\/\/schema.org\/BlogPosting\" itemprop=\"blogPost\" ><div class='avia_textblock  '   itemprop=\"text\" ><p><span style=\"font-family: graphik-regular;\">Despr\u00e9s de l&#8217;esdeveniment crear un v\u00eddeo resum pot ser important no nom\u00e9s per tenir-ne un record, sin\u00f3 que pot servir-nos per obrir-nos portes, generant nous vincles amb altres empreses o institucions tal com ens explica Fran Mateu (Director de Cinema) al post &#8220;La import\u00e0ncia de la creaci\u00f3 audiovisual a l&#8217;organitzaci\u00f3 d&#8217;esdeveniments&#8221;.<\/span><\/p>\n<\/div><\/section><br \/>\n<div style='padding-bottom:15px; color:#000000;font-size:40px;' class='av-special-heading av-special-heading-h1 custom-color-heading blockquote modern-quote modern-centered  avia-builder-el-12  el_after_av_textblock  el_before_av_textblock   av-inherit-size '><h1 class='av-special-heading-tag '  itemprop=\"headline\"  >Esdeveniments experiencials<\/h1><div class='special-heading-border'><div class='special-heading-inner-border' style='border-color:#000000'><\/div><\/div><\/div><br \/>\n<section class=\"av_textblock_section \"  itemscope=\"itemscope\" itemtype=\"https:\/\/schema.org\/BlogPosting\" itemprop=\"blogPost\" ><div class='avia_textblock  '   itemprop=\"text\" ><p><span style=\"font-family: graphik-regular;\">L&#8217;experi\u00e8ncia dels participants al nostre esdeveniment \u00e9s un punt fonamental que cal mimar i planificar a l&#8217;hora d&#8217;organitzar-lo. Els esdeveniments experiencials han esdevingut eines de m\u00e0rqueting amb un elevat potencial tal com ens explica Laura Herrero (docent d&#8217;IMEP) al post \u00abEls esdeveniments com a eina de m\u00e0rqueting experiencial\u00bb.<\/span><\/p>\n<p><span style=\"font-family: graphik-regular;\">Aix\u00ed passem de tenir assistents a participants, donant-los protagonisme i fent que participin activament de l&#8217;esdeveniment, que en formen part ajudant a generar contingut, formant-ne part viva, aix\u00ed estaran co-creant la seva pr\u00f2pia experi\u00e8ncia en l&#8217;esdeveniment.<\/span><\/p>\n<\/div><\/section><br \/>\n<div style='padding-bottom:15px; color:#000000;font-size:40px;' class='av-special-heading av-special-heading-h1 custom-color-heading blockquote modern-quote modern-centered  avia-builder-el-14  el_after_av_textblock  el_before_av_textblock   av-inherit-size '><h1 class='av-special-heading-tag '  itemprop=\"headline\"  >Decoraci\u00f3<\/h1><div class='special-heading-border'><div class='special-heading-inner-border' style='border-color:#000000'><\/div><\/div><\/div><br \/>\n<section class=\"av_textblock_section \"  itemscope=\"itemscope\" itemtype=\"https:\/\/schema.org\/BlogPosting\" itemprop=\"blogPost\" ><div class='avia_textblock  '   itemprop=\"text\" ><p><span style=\"font-family: graphik-regular;\">No hi ha una segona oportunitat per fer una primera impressi\u00f3. Partint d\u00b4aquesta premissa, \u00e9s important cuidar fins al m\u00e9s m\u00ednim detall de la imatge que projectem del nostre esdeveniment.<\/span><\/p>\n<p><span style=\"font-family: graphik-regular;\">Per crear un esdeveniment especial, diferent, \u00e9s important que la decoraci\u00f3 sigui original, \u00fanica. Una de les tend\u00e8ncies en decoraci\u00f3 \u00e9s la generaci\u00f3 d&#8217;espais verds, donarem la sensaci\u00f3 de naturalitat, frescor i una impressi\u00f3 moderna i altruista al nostre esdeveniment.<\/span><\/p>\n<p><span style=\"font-family: graphik-regular;\">En aquest sentit, una de les tend\u00e8ncies m\u00e9s naturals s\u00f3n els Green Events o Esdeveniments Sostenibles que busquen minimitzar l&#8217;impacte ecol\u00f2gic.<\/span><\/p>\n<p><span style=\"font-family: graphik-regular;\">Aquesta \u00e9s una tend\u00e8ncia en al\u00e7a que genera a l&#8217;empresa que l&#8217;organitza una sensaci\u00f3 molt positiva que a mitj\u00e0\/curt termini clients i mercat gratificaran.<\/span><\/p>\n<p><span style=\"font-family: graphik-regular;\">En definitiva, innovar i sorprendre el p\u00fablic, crear experi\u00e8ncies inoblidables i \u00faniques \u00e9s el que far\u00e0 que el nostre esdeveniment generi al participant una experi\u00e8ncia impactant per a ell.<\/span><\/p>\n<\/div><\/section><br \/>\n<div class='avia-video avia-video-16-9   av-lazyload-immediate  av-lazyload-video-embed  '   itemprop=\"video\" itemtype=\"https:\/\/schema.org\/VideoObject\"  data-original_url='https:\/\/youtu.be\/o9gFF2ly6EM' ><script data-jetpack-boost=\"ignore\" data-jetpack-boost=\"ignore\" type='text\/html' class='av-video-tmpl'><div class='avia-iframe-wrap'><iframe title=\"Green Awards 2017\" width=\"1500\" height=\"844\" src=\"https:\/\/www.youtube.com\/embed\/o9gFF2ly6EM?feature=oembed\" frameborder=\"0\" allow=\"accelerometer; autoplay; clipboard-write; encrypted-media; gyroscope; picture-in-picture; web-share\" referrerpolicy=\"strict-origin-when-cross-origin\" allowfullscreen><\/iframe><\/div><\/script><div class='av-click-to-play-overlay'><div class=\"avia_playpause_icon\"><\/div><\/div><\/div><br \/>\n<section class=\"av_textblock_section \"  itemscope=\"itemscope\" itemtype=\"https:\/\/schema.org\/BlogPosting\" itemprop=\"blogPost\" ><div class='avia_textblock  '   itemprop=\"text\" ><p><span style=\"font-family: graphik-regular;\">Font &#8211; https:\/\/www.protocoloimep.com\/articulos\/nuevas-tendencias-en-organizacion-de-eventos\/<\/span><\/p>\n<\/div><\/section><\/p><\/div><div class=\"flex_column av_one_full  flex_column_div av-zero-column-padding first  avia-builder-el-18  el_after_av_one_full  avia-builder-el-last  column-top-margin\" style='border-radius:0px; '><div class='avia-button-wrap avia-button-center  avia-builder-el-19  avia-builder-el-no-sibling  '><a href='javascript: history.go(-1)'  class='avia-button   avia-icon_select-yes-left-icon avia-color-black avia-size-medium avia-position-center '   ><span class='avia_button_icon avia_button_icon_left ' aria-hidden='true' data-av_icon='\ue880' data-av_iconfont='entypo-fontello'><\/span><span class='avia_iconbox_title' >Enrere<\/span><\/a><\/div><\/div><\/p>\n","protected":false},"excerpt":{"rendered":"<p>El m\u00f3n dels esdeveniments evoluciona constantment per adaptar-se als nous temps utilitzant les noves eines i les darreres novetats en tecnologia que faciliten la vida tant als organitzadors com als participants que gr\u00e0cies a elles formen part m\u00e9s activa de l&#8217;esdeveniment.<\/p>\n","protected":false},"author":3,"featured_media":10213,"comment_status":"closed","ping_status":"closed","sticky":false,"template":"","format":"standard","meta":{"footnotes":""},"categories":[143,147,142],"tags":[149,174],"class_list":["post-10975","post","type-post","status-publish","format-standard","has-post-thumbnail","hentry","category-esdeveniments","category-investigacio","category-news-ca-2","tag-esdeveniments","tag-internacional-ca"],"yoast_head":"<!-- This site is optimized with the Yoast SEO Premium plugin v27.0 (Yoast SEO v27.5) - https:\/\/yoast.com\/product\/yoast-seo-premium-wordpress\/ -->\n<title>Noves tend\u00e8ncies en organitzaci\u00f3 d\u00b4esdeveniments - Bacus Events - Creaci\u00f3n y Organizaci\u00f3n de Eventos<\/title>\n<meta name=\"robots\" content=\"index, follow, max-snippet:-1, max-image-preview:large, max-video-preview:-1\" \/>\n<link rel=\"canonical\" href=\"https:\/\/bacusevents.com\/ca\/noves-tendencies-en-organitzacio-desdeveniments\/\" \/>\n<meta property=\"og:locale\" content=\"ca_ES\" \/>\n<meta property=\"og:type\" content=\"article\" \/>\n<meta property=\"og:title\" content=\"Noves tend\u00e8ncies en organitzaci\u00f3 d\u00b4esdeveniments\" \/>\n<meta property=\"og:description\" content=\"El m\u00f3n dels esdeveniments evoluciona constantment per adaptar-se als nous temps utilitzant les noves eines i les darreres novetats en tecnologia que faciliten la vida tant als organitzadors com als participants que gr\u00e0cies a elles formen part m\u00e9s activa de l&#8217;esdeveniment.\" \/>\n<meta property=\"og:url\" content=\"https:\/\/bacusevents.com\/ca\/noves-tendencies-en-organitzacio-desdeveniments\/\" \/>\n<meta property=\"og:site_name\" content=\"Bacus Events - Creaci\u00f3n y Organizaci\u00f3n de Eventos\" \/>\n<meta property=\"article:publisher\" content=\"https:\/\/www.facebook.com\/BacusEventos\" \/>\n<meta property=\"article:published_time\" content=\"2023-06-08T09:59:06+00:00\" \/>\n<meta property=\"article:modified_time\" content=\"2024-05-01T05:56:52+00:00\" \/>\n<meta property=\"og:image\" content=\"https:\/\/bacusevents.com\/wp-content\/uploads\/2023\/06\/BacusEvent-news-tendencia-organizacion-eventos-1.jpg\" \/>\n\t<meta property=\"og:image:width\" content=\"480\" \/>\n\t<meta property=\"og:image:height\" content=\"303\" \/>\n\t<meta property=\"og:image:type\" content=\"image\/jpeg\" \/>\n<meta name=\"author\" content=\"Valentina\" \/>\n<meta name=\"twitter:card\" content=\"summary_large_image\" \/>\n<meta name=\"twitter:label1\" content=\"Escrit per\" \/>\n\t<meta name=\"twitter:data1\" content=\"Valentina\" \/>\n\t<meta name=\"twitter:label2\" content=\"Temps estimat de lectura\" \/>\n\t<meta name=\"twitter:data2\" content=\"9 minuts\" \/>\n<script type=\"application\/ld+json\" class=\"yoast-schema-graph\">{\"@context\":\"https:\\\/\\\/schema.org\",\"@graph\":[{\"@type\":\"Article\",\"@id\":\"https:\\\/\\\/bacusevents.com\\\/ca\\\/noves-tendencies-en-organitzacio-desdeveniments\\\/#article\",\"isPartOf\":{\"@id\":\"https:\\\/\\\/bacusevents.com\\\/ca\\\/noves-tendencies-en-organitzacio-desdeveniments\\\/\"},\"author\":{\"name\":\"Valentina\",\"@id\":\"https:\\\/\\\/bacusevents.com\\\/ca\\\/#\\\/schema\\\/person\\\/1bceb1ffde896ddf77b1c58f2d314e59\"},\"headline\":\"Noves tend\u00e8ncies en organitzaci\u00f3 d\u00b4esdeveniments\",\"datePublished\":\"2023-06-08T09:59:06+00:00\",\"dateModified\":\"2024-05-01T05:56:52+00:00\",\"mainEntityOfPage\":{\"@id\":\"https:\\\/\\\/bacusevents.com\\\/ca\\\/noves-tendencies-en-organitzacio-desdeveniments\\\/\"},\"wordCount\":1738,\"publisher\":{\"@id\":\"https:\\\/\\\/bacusevents.com\\\/ca\\\/#organization\"},\"image\":{\"@id\":\"https:\\\/\\\/bacusevents.com\\\/ca\\\/noves-tendencies-en-organitzacio-desdeveniments\\\/#primaryimage\"},\"thumbnailUrl\":\"https:\\\/\\\/bacusevents.com\\\/wp-content\\\/uploads\\\/2023\\\/06\\\/BacusEvent-news-tendencia-organizacion-eventos-1.jpg\",\"keywords\":[\"esdeveniments\",\"internacional\"],\"articleSection\":[\"Esdeveniments\",\"Investigaci\u00f3\",\"News\"],\"inLanguage\":\"ca\"},{\"@type\":\"WebPage\",\"@id\":\"https:\\\/\\\/bacusevents.com\\\/ca\\\/noves-tendencies-en-organitzacio-desdeveniments\\\/\",\"url\":\"https:\\\/\\\/bacusevents.com\\\/ca\\\/noves-tendencies-en-organitzacio-desdeveniments\\\/\",\"name\":\"Noves tend\u00e8ncies en organitzaci\u00f3 d\u00b4esdeveniments - Bacus Events - Creaci\u00f3n y Organizaci\u00f3n de Eventos\",\"isPartOf\":{\"@id\":\"https:\\\/\\\/bacusevents.com\\\/ca\\\/#website\"},\"primaryImageOfPage\":{\"@id\":\"https:\\\/\\\/bacusevents.com\\\/ca\\\/noves-tendencies-en-organitzacio-desdeveniments\\\/#primaryimage\"},\"image\":{\"@id\":\"https:\\\/\\\/bacusevents.com\\\/ca\\\/noves-tendencies-en-organitzacio-desdeveniments\\\/#primaryimage\"},\"thumbnailUrl\":\"https:\\\/\\\/bacusevents.com\\\/wp-content\\\/uploads\\\/2023\\\/06\\\/BacusEvent-news-tendencia-organizacion-eventos-1.jpg\",\"datePublished\":\"2023-06-08T09:59:06+00:00\",\"dateModified\":\"2024-05-01T05:56:52+00:00\",\"breadcrumb\":{\"@id\":\"https:\\\/\\\/bacusevents.com\\\/ca\\\/noves-tendencies-en-organitzacio-desdeveniments\\\/#breadcrumb\"},\"inLanguage\":\"ca\",\"potentialAction\":[{\"@type\":\"ReadAction\",\"target\":[\"https:\\\/\\\/bacusevents.com\\\/ca\\\/noves-tendencies-en-organitzacio-desdeveniments\\\/\"]}]},{\"@type\":\"ImageObject\",\"inLanguage\":\"ca\",\"@id\":\"https:\\\/\\\/bacusevents.com\\\/ca\\\/noves-tendencies-en-organitzacio-desdeveniments\\\/#primaryimage\",\"url\":\"https:\\\/\\\/bacusevents.com\\\/wp-content\\\/uploads\\\/2023\\\/06\\\/BacusEvent-news-tendencia-organizacion-eventos-1.jpg\",\"contentUrl\":\"https:\\\/\\\/bacusevents.com\\\/wp-content\\\/uploads\\\/2023\\\/06\\\/BacusEvent-news-tendencia-organizacion-eventos-1.jpg\",\"width\":480,\"height\":303},{\"@type\":\"BreadcrumbList\",\"@id\":\"https:\\\/\\\/bacusevents.com\\\/ca\\\/noves-tendencies-en-organitzacio-desdeveniments\\\/#breadcrumb\",\"itemListElement\":[{\"@type\":\"ListItem\",\"position\":1,\"name\":\"Portada\",\"item\":\"https:\\\/\\\/bacusevents.com\\\/ca\\\/\"},{\"@type\":\"ListItem\",\"position\":2,\"name\":\"Noves tend\u00e8ncies en organitzaci\u00f3 d\u00b4esdeveniments\"}]},{\"@type\":\"WebSite\",\"@id\":\"https:\\\/\\\/bacusevents.com\\\/ca\\\/#website\",\"url\":\"https:\\\/\\\/bacusevents.com\\\/ca\\\/\",\"name\":\"Bacus Events - Creaci\u00f3n y Organizaci\u00f3n de Eventos\",\"description\":\"Bacus Events - Creaci\u00f3n y Organizaci\u00f3n de Eventos\",\"publisher\":{\"@id\":\"https:\\\/\\\/bacusevents.com\\\/ca\\\/#organization\"},\"potentialAction\":[{\"@type\":\"SearchAction\",\"target\":{\"@type\":\"EntryPoint\",\"urlTemplate\":\"https:\\\/\\\/bacusevents.com\\\/ca\\\/?s={search_term_string}\"},\"query-input\":{\"@type\":\"PropertyValueSpecification\",\"valueRequired\":true,\"valueName\":\"search_term_string\"}}],\"inLanguage\":\"ca\"},{\"@type\":\"Organization\",\"@id\":\"https:\\\/\\\/bacusevents.com\\\/ca\\\/#organization\",\"name\":\"Bacus Events - Creaci\u00f3n y Organizaci\u00f3n de Eventos\",\"url\":\"https:\\\/\\\/bacusevents.com\\\/ca\\\/\",\"logo\":{\"@type\":\"ImageObject\",\"inLanguage\":\"ca\",\"@id\":\"https:\\\/\\\/bacusevents.com\\\/ca\\\/#\\\/schema\\\/logo\\\/image\\\/\",\"url\":\"https:\\\/\\\/bacusevents.com\\\/wp-content\\\/uploads\\\/2025\\\/03\\\/BacusEvents-5.png\",\"contentUrl\":\"https:\\\/\\\/bacusevents.com\\\/wp-content\\\/uploads\\\/2025\\\/03\\\/BacusEvents-5.png\",\"width\":393,\"height\":426,\"caption\":\"Bacus Events - Creaci\u00f3n y Organizaci\u00f3n de Eventos\"},\"image\":{\"@id\":\"https:\\\/\\\/bacusevents.com\\\/ca\\\/#\\\/schema\\\/logo\\\/image\\\/\"},\"sameAs\":[\"https:\\\/\\\/www.facebook.com\\\/BacusEventos\",\"https:\\\/\\\/www.instagram.com\\\/bacusevents\\\/\",\"https:\\\/\\\/www.linkedin.com\\\/company\\\/1481874\\\/admin\\\/dashboard\\\/\"]},{\"@type\":\"Person\",\"@id\":\"https:\\\/\\\/bacusevents.com\\\/ca\\\/#\\\/schema\\\/person\\\/1bceb1ffde896ddf77b1c58f2d314e59\",\"name\":\"Valentina\",\"image\":{\"@type\":\"ImageObject\",\"inLanguage\":\"ca\",\"@id\":\"https:\\\/\\\/secure.gravatar.com\\\/avatar\\\/81b6b00e29e2279ed8e2ed6b874680d0eb29dd7a5310d6ee502417c4d32b8410?s=96&d=mm&r=g\",\"url\":\"https:\\\/\\\/secure.gravatar.com\\\/avatar\\\/81b6b00e29e2279ed8e2ed6b874680d0eb29dd7a5310d6ee502417c4d32b8410?s=96&d=mm&r=g\",\"contentUrl\":\"https:\\\/\\\/secure.gravatar.com\\\/avatar\\\/81b6b00e29e2279ed8e2ed6b874680d0eb29dd7a5310d6ee502417c4d32b8410?s=96&d=mm&r=g\",\"caption\":\"Valentina\"},\"sameAs\":[\"https:\\\/\\\/bacusevents.com\"],\"url\":\"https:\\\/\\\/bacusevents.com\\\/ca\\\/author\\\/editor-bacus\\\/\"}]}<\/script>\n<!-- \/ Yoast SEO Premium plugin. -->","yoast_head_json":{"title":"Noves tend\u00e8ncies en organitzaci\u00f3 d\u00b4esdeveniments - Bacus Events - Creaci\u00f3n y Organizaci\u00f3n de Eventos","robots":{"index":"index","follow":"follow","max-snippet":"max-snippet:-1","max-image-preview":"max-image-preview:large","max-video-preview":"max-video-preview:-1"},"canonical":"https:\/\/bacusevents.com\/ca\/noves-tendencies-en-organitzacio-desdeveniments\/","og_locale":"ca_ES","og_type":"article","og_title":"Noves tend\u00e8ncies en organitzaci\u00f3 d\u00b4esdeveniments","og_description":"El m\u00f3n dels esdeveniments evoluciona constantment per adaptar-se als nous temps utilitzant les noves eines i les darreres novetats en tecnologia que faciliten la vida tant als organitzadors com als participants que gr\u00e0cies a elles formen part m\u00e9s activa de l&#8217;esdeveniment.","og_url":"https:\/\/bacusevents.com\/ca\/noves-tendencies-en-organitzacio-desdeveniments\/","og_site_name":"Bacus Events - Creaci\u00f3n y Organizaci\u00f3n de Eventos","article_publisher":"https:\/\/www.facebook.com\/BacusEventos","article_published_time":"2023-06-08T09:59:06+00:00","article_modified_time":"2024-05-01T05:56:52+00:00","og_image":[{"width":480,"height":303,"url":"https:\/\/bacusevents.com\/wp-content\/uploads\/2023\/06\/BacusEvent-news-tendencia-organizacion-eventos-1.jpg","type":"image\/jpeg"}],"author":"Valentina","twitter_card":"summary_large_image","twitter_misc":{"Escrit per":"Valentina","Temps estimat de lectura":"9 minuts"},"schema":{"@context":"https:\/\/schema.org","@graph":[{"@type":"Article","@id":"https:\/\/bacusevents.com\/ca\/noves-tendencies-en-organitzacio-desdeveniments\/#article","isPartOf":{"@id":"https:\/\/bacusevents.com\/ca\/noves-tendencies-en-organitzacio-desdeveniments\/"},"author":{"name":"Valentina","@id":"https:\/\/bacusevents.com\/ca\/#\/schema\/person\/1bceb1ffde896ddf77b1c58f2d314e59"},"headline":"Noves tend\u00e8ncies en organitzaci\u00f3 d\u00b4esdeveniments","datePublished":"2023-06-08T09:59:06+00:00","dateModified":"2024-05-01T05:56:52+00:00","mainEntityOfPage":{"@id":"https:\/\/bacusevents.com\/ca\/noves-tendencies-en-organitzacio-desdeveniments\/"},"wordCount":1738,"publisher":{"@id":"https:\/\/bacusevents.com\/ca\/#organization"},"image":{"@id":"https:\/\/bacusevents.com\/ca\/noves-tendencies-en-organitzacio-desdeveniments\/#primaryimage"},"thumbnailUrl":"https:\/\/bacusevents.com\/wp-content\/uploads\/2023\/06\/BacusEvent-news-tendencia-organizacion-eventos-1.jpg","keywords":["esdeveniments","internacional"],"articleSection":["Esdeveniments","Investigaci\u00f3","News"],"inLanguage":"ca"},{"@type":"WebPage","@id":"https:\/\/bacusevents.com\/ca\/noves-tendencies-en-organitzacio-desdeveniments\/","url":"https:\/\/bacusevents.com\/ca\/noves-tendencies-en-organitzacio-desdeveniments\/","name":"Noves tend\u00e8ncies en organitzaci\u00f3 d\u00b4esdeveniments - Bacus Events - Creaci\u00f3n y Organizaci\u00f3n de Eventos","isPartOf":{"@id":"https:\/\/bacusevents.com\/ca\/#website"},"primaryImageOfPage":{"@id":"https:\/\/bacusevents.com\/ca\/noves-tendencies-en-organitzacio-desdeveniments\/#primaryimage"},"image":{"@id":"https:\/\/bacusevents.com\/ca\/noves-tendencies-en-organitzacio-desdeveniments\/#primaryimage"},"thumbnailUrl":"https:\/\/bacusevents.com\/wp-content\/uploads\/2023\/06\/BacusEvent-news-tendencia-organizacion-eventos-1.jpg","datePublished":"2023-06-08T09:59:06+00:00","dateModified":"2024-05-01T05:56:52+00:00","breadcrumb":{"@id":"https:\/\/bacusevents.com\/ca\/noves-tendencies-en-organitzacio-desdeveniments\/#breadcrumb"},"inLanguage":"ca","potentialAction":[{"@type":"ReadAction","target":["https:\/\/bacusevents.com\/ca\/noves-tendencies-en-organitzacio-desdeveniments\/"]}]},{"@type":"ImageObject","inLanguage":"ca","@id":"https:\/\/bacusevents.com\/ca\/noves-tendencies-en-organitzacio-desdeveniments\/#primaryimage","url":"https:\/\/bacusevents.com\/wp-content\/uploads\/2023\/06\/BacusEvent-news-tendencia-organizacion-eventos-1.jpg","contentUrl":"https:\/\/bacusevents.com\/wp-content\/uploads\/2023\/06\/BacusEvent-news-tendencia-organizacion-eventos-1.jpg","width":480,"height":303},{"@type":"BreadcrumbList","@id":"https:\/\/bacusevents.com\/ca\/noves-tendencies-en-organitzacio-desdeveniments\/#breadcrumb","itemListElement":[{"@type":"ListItem","position":1,"name":"Portada","item":"https:\/\/bacusevents.com\/ca\/"},{"@type":"ListItem","position":2,"name":"Noves tend\u00e8ncies en organitzaci\u00f3 d\u00b4esdeveniments"}]},{"@type":"WebSite","@id":"https:\/\/bacusevents.com\/ca\/#website","url":"https:\/\/bacusevents.com\/ca\/","name":"Bacus Events - Creaci\u00f3n y Organizaci\u00f3n de Eventos","description":"Bacus Events - Creaci\u00f3n y Organizaci\u00f3n de Eventos","publisher":{"@id":"https:\/\/bacusevents.com\/ca\/#organization"},"potentialAction":[{"@type":"SearchAction","target":{"@type":"EntryPoint","urlTemplate":"https:\/\/bacusevents.com\/ca\/?s={search_term_string}"},"query-input":{"@type":"PropertyValueSpecification","valueRequired":true,"valueName":"search_term_string"}}],"inLanguage":"ca"},{"@type":"Organization","@id":"https:\/\/bacusevents.com\/ca\/#organization","name":"Bacus Events - Creaci\u00f3n y Organizaci\u00f3n de Eventos","url":"https:\/\/bacusevents.com\/ca\/","logo":{"@type":"ImageObject","inLanguage":"ca","@id":"https:\/\/bacusevents.com\/ca\/#\/schema\/logo\/image\/","url":"https:\/\/bacusevents.com\/wp-content\/uploads\/2025\/03\/BacusEvents-5.png","contentUrl":"https:\/\/bacusevents.com\/wp-content\/uploads\/2025\/03\/BacusEvents-5.png","width":393,"height":426,"caption":"Bacus Events - Creaci\u00f3n y Organizaci\u00f3n de Eventos"},"image":{"@id":"https:\/\/bacusevents.com\/ca\/#\/schema\/logo\/image\/"},"sameAs":["https:\/\/www.facebook.com\/BacusEventos","https:\/\/www.instagram.com\/bacusevents\/","https:\/\/www.linkedin.com\/company\/1481874\/admin\/dashboard\/"]},{"@type":"Person","@id":"https:\/\/bacusevents.com\/ca\/#\/schema\/person\/1bceb1ffde896ddf77b1c58f2d314e59","name":"Valentina","image":{"@type":"ImageObject","inLanguage":"ca","@id":"https:\/\/secure.gravatar.com\/avatar\/81b6b00e29e2279ed8e2ed6b874680d0eb29dd7a5310d6ee502417c4d32b8410?s=96&d=mm&r=g","url":"https:\/\/secure.gravatar.com\/avatar\/81b6b00e29e2279ed8e2ed6b874680d0eb29dd7a5310d6ee502417c4d32b8410?s=96&d=mm&r=g","contentUrl":"https:\/\/secure.gravatar.com\/avatar\/81b6b00e29e2279ed8e2ed6b874680d0eb29dd7a5310d6ee502417c4d32b8410?s=96&d=mm&r=g","caption":"Valentina"},"sameAs":["https:\/\/bacusevents.com"],"url":"https:\/\/bacusevents.com\/ca\/author\/editor-bacus\/"}]}},"_links":{"self":[{"href":"https:\/\/bacusevents.com\/ca\/wp-json\/wp\/v2\/posts\/10975","targetHints":{"allow":["GET"]}}],"collection":[{"href":"https:\/\/bacusevents.com\/ca\/wp-json\/wp\/v2\/posts"}],"about":[{"href":"https:\/\/bacusevents.com\/ca\/wp-json\/wp\/v2\/types\/post"}],"author":[{"embeddable":true,"href":"https:\/\/bacusevents.com\/ca\/wp-json\/wp\/v2\/users\/3"}],"replies":[{"embeddable":true,"href":"https:\/\/bacusevents.com\/ca\/wp-json\/wp\/v2\/comments?post=10975"}],"version-history":[{"count":1,"href":"https:\/\/bacusevents.com\/ca\/wp-json\/wp\/v2\/posts\/10975\/revisions"}],"predecessor-version":[{"id":11000,"href":"https:\/\/bacusevents.com\/ca\/wp-json\/wp\/v2\/posts\/10975\/revisions\/11000"}],"wp:featuredmedia":[{"embeddable":true,"href":"https:\/\/bacusevents.com\/ca\/wp-json\/wp\/v2\/media\/10213"}],"wp:attachment":[{"href":"https:\/\/bacusevents.com\/ca\/wp-json\/wp\/v2\/media?parent=10975"}],"wp:term":[{"taxonomy":"category","embeddable":true,"href":"https:\/\/bacusevents.com\/ca\/wp-json\/wp\/v2\/categories?post=10975"},{"taxonomy":"post_tag","embeddable":true,"href":"https:\/\/bacusevents.com\/ca\/wp-json\/wp\/v2\/tags?post=10975"}],"curies":[{"name":"wp","href":"https:\/\/api.w.org\/{rel}","templated":true}]}}