{"id":11060,"date":"2023-06-05T09:15:43","date_gmt":"2023-06-05T09:15:43","guid":{"rendered":"https:\/\/bacusevents.com\/esdeveniments-a-laire-lliure-pros-i-contres\/"},"modified":"2024-05-01T05:56:52","modified_gmt":"2024-05-01T05:56:52","slug":"esdeveniments-a-laire-lliure-pros-i-contres","status":"publish","type":"post","link":"https:\/\/bacusevents.com\/ca\/esdeveniments-a-laire-lliure-pros-i-contres\/","title":{"rendered":"Esdeveniments a l&#8217;aire lliure: Pros i contres"},"content":{"rendered":"<div style='padding-bottom:15px; font-size:40px;' class='av-special-heading av-special-heading-h1  blockquote modern-quote modern-centered  avia-builder-el-0  el_before_av_textblock  avia-builder-el-first   av-inherit-size '><h1 class='av-special-heading-tag '  itemprop=\"headline\"  >Esdeveniments a l\u2019aire lliure: Pros i contres<\/h1><div class='special-heading-border'><div class='special-heading-inner-border' ><\/div><\/div><\/div>\n<section class=\"av_textblock_section \"  itemscope=\"itemscope\" itemtype=\"https:\/\/schema.org\/BlogPosting\" itemprop=\"blogPost\" ><div class='avia_textblock  '   itemprop=\"text\" ><p><span style=\"font-family: graphik-regular;\">Comen\u00e7a el bon temps, les hores de llum comencen a allargar-se i cada cop m\u00e9s ve de gust reunir-se amb amics i fam\u00edlia en llocs a l&#8217;aire lliure. A m\u00e9s, comen\u00e7a la temporada de casaments i comunions, i \u00e9s moment de decidir com i on organitzar convits i cerim\u00f2nies civils.<\/span><\/p>\n<p><!--more--><\/p>\n<p><span style=\"font-family: graphik-regular;\">Si est\u00e0s plantejant-te seriosament fer-ho a l&#8217;aire lliure, intentarem ajudar-te a prendre la decisi\u00f3 oferint-te una llista de pros i contres.<\/span><\/p>\n<\/div><\/section>\n<div  data-size='2048x2048'  data-lightbox_size='large'  data-animation='slide'  data-conditional_play=''  data-ids='6748'  data-video_counter='0'  data-autoplay='false'  data-bg_slider='false'  data-slide_height=''  data-handle='av_slideshow'  data-interval='5'  data-class=' avia-builder-el-2  el_after_av_textblock  el_before_av_one_full   '  data-css_id=''  data-scroll_down=''  data-control_layout='av-control-default'  data-custom_markup=''  data-perma_caption='aviaTBperma_caption'  data-autoplay_stopper=''  data-image_attachment=''  data-min_height='0px'  data-default-height='100'  class='avia-slideshow avia-slideshow-1  av-control-default av-default-height-applied avia-slideshow-2048x2048 av_slideshow  avia-builder-el-2  el_after_av_textblock  el_before_av_one_full    avia-slide-slider '  itemprop=\"image\" itemscope=\"itemscope\" itemtype=\"https:\/\/schema.org\/ImageObject\" ><ul class='avia-slideshow-inner ' style='padding-bottom: 48.828125%;' ><li  class=' av-single-slide slide-1 ' ><div data-rel='slideshow-1' class='avia-slide-wrap '   ><img src='https:\/\/bacusevents.com\/wp-content\/uploads\/2023\/05\/BacusEvents-news-eventos-airelibre-prosycontras-1.jpg' width='1024' height='500' title='BacusEvents-news-eventos-airelibre-prosycontras 1' alt=''  itemprop=\"thumbnailUrl\"   \/><\/div><\/li><\/ul><\/div>\n<div class=\"flex_column av_one_full  flex_column_div av-zero-column-padding first  avia-builder-el-3  el_after_av_slideshow  el_before_av_one_full  \" style='border-radius:0px; '><p><div style='padding-bottom:15px; color:#000000;font-size:40px;' class='av-special-heading av-special-heading-h1 custom-color-heading blockquote modern-quote modern-centered  avia-builder-el-4  el_before_av_slideshow  avia-builder-el-first   av-inherit-size '><h1 class='av-special-heading-tag '  itemprop=\"headline\"  >Pros  <\/h1><div class='special-heading-border'><div class='special-heading-inner-border' style='border-color:#000000'><\/div><\/div><\/div><br \/>\n<div  data-size='2048x2048'  data-lightbox_size='large'  data-animation='slide'  data-conditional_play=''  data-ids='6749'  data-video_counter='0'  data-autoplay='false'  data-bg_slider='false'  data-slide_height=''  data-handle='av_slideshow'  data-interval='5'  data-class=' avia-builder-el-5  el_after_av_heading  el_before_av_textblock   '  data-css_id=''  data-scroll_down=''  data-control_layout='av-control-default'  data-custom_markup=''  data-perma_caption='aviaTBperma_caption'  data-autoplay_stopper=''  data-image_attachment=''  data-min_height='0px'  data-default-height='100'  class='avia-slideshow avia-slideshow-2  av-control-default av-default-height-applied avia-slideshow-2048x2048 av_slideshow  avia-builder-el-5  el_after_av_heading  el_before_av_textblock    avia-slide-slider '  itemprop=\"image\" itemscope=\"itemscope\" itemtype=\"https:\/\/schema.org\/ImageObject\" ><ul class='avia-slideshow-inner ' style='padding-bottom: 48.828125%;' ><li  class=' av-single-slide slide-1 ' ><div data-rel='slideshow-2' class='avia-slide-wrap '   ><img src='https:\/\/bacusevents.com\/wp-content\/uploads\/2023\/05\/BacusEvents-news-eventos-airelibre-prosycontras-2.png' width='1024' height='500' title='BacusEvents-news-eventos-airelibre-prosycontras 2' alt=''  itemprop=\"thumbnailUrl\"   \/><\/div><\/li><\/ul><\/div><br \/>\n<section class=\"av_textblock_section \"  itemscope=\"itemscope\" itemtype=\"https:\/\/schema.org\/BlogPosting\" itemprop=\"blogPost\" ><div class='avia_textblock  '   itemprop=\"text\" ><p><span style=\"font-family: graphik-regular;\"><em>Un ambient de 10<\/em><\/span><\/p>\n<p><span style=\"font-family: graphik-regular;\">Implementar el teu esdeveniment en plena natura d\u00f3na un toc molt rom\u00e0ntic i chic, a m\u00e9s a m\u00e9s de donar sensaci\u00f3 de llibertat. En particular, pel que fa a casaments, els altars i passadissos aconsegueixen crear un ambient molt emotiu entre convidats que far\u00e0 que el teu casament passi al record de tots.<\/span><\/p>\n<p><span style=\"font-family: graphik-regular;\"><em>Decoraci\u00f3<\/em><\/span><\/p>\n<p><span style=\"font-family: graphik-regular;\">Un esdeveniment a l&#8217;aire lliure permet un gran ventall de possibilitats quant a decoraci\u00f3. A m\u00e9s, ofereix m\u00e9s llibertat, ja que en espais tancats les possibilitats es redueixen en funci\u00f3 de l&#8217;arquitectura i l&#8217;estil que t\u00e9 el lloc.<\/span><\/p>\n<p><span style=\"font-family: graphik-regular;\"><em>La fotografia<\/em><\/span><\/p>\n<p><span style=\"font-family: graphik-regular;\">Res com la llum natural per assegurar unes fotos de revista. Si el bon temps acompanya el teu esdeveniment, et garantim que tant tu com els teus convidats fareu les millors fotografies que pugueu fer.<\/span><\/p>\n<\/div><\/section><br \/>\n<div style='padding-bottom:15px; color:#000000;font-size:40px;' class='av-special-heading av-special-heading-h1 custom-color-heading blockquote modern-quote modern-centered  avia-builder-el-7  el_after_av_textblock  el_before_av_slideshow   av-inherit-size '><h1 class='av-special-heading-tag '  itemprop=\"headline\"  >Contres<\/h1><div class='special-heading-border'><div class='special-heading-inner-border' style='border-color:#000000'><\/div><\/div><\/div><br \/>\n<div  data-size='2048x2048'  data-lightbox_size='large'  data-animation='slide'  data-conditional_play=''  data-ids='6750'  data-video_counter='0'  data-autoplay='false'  data-bg_slider='false'  data-slide_height=''  data-handle='av_slideshow'  data-interval='5'  data-class=' avia-builder-el-8  el_after_av_heading  el_before_av_textblock   '  data-css_id=''  data-scroll_down=''  data-control_layout='av-control-default'  data-custom_markup=''  data-perma_caption='aviaTBperma_caption'  data-autoplay_stopper=''  data-image_attachment=''  data-min_height='0px'  data-default-height='100'  class='avia-slideshow avia-slideshow-3  av-control-default av-default-height-applied avia-slideshow-2048x2048 av_slideshow  avia-builder-el-8  el_after_av_heading  el_before_av_textblock    avia-slide-slider '  itemprop=\"image\" itemscope=\"itemscope\" itemtype=\"https:\/\/schema.org\/ImageObject\" ><ul class='avia-slideshow-inner ' style='padding-bottom: 48.828125%;' ><li  class=' av-single-slide slide-1 ' ><div data-rel='slideshow-3' class='avia-slide-wrap '   ><img src='https:\/\/bacusevents.com\/wp-content\/uploads\/2023\/05\/BacusEvents-news-eventos-airelibre-prosycontras-3.png' width='1024' height='500' title='BacusEvents-news-eventos-airelibre-prosycontras 3' alt=''  itemprop=\"thumbnailUrl\"   \/><\/div><\/li><\/ul><\/div><br \/>\n<section class=\"av_textblock_section \"  itemscope=\"itemscope\" itemtype=\"https:\/\/schema.org\/BlogPosting\" itemprop=\"blogPost\" ><div class='avia_textblock  '   itemprop=\"text\" ><p><em><span style=\"font-family: graphik-regular;\">La meteorologia<\/span><\/em><\/p>\n<p><span style=\"font-family: graphik-regular;\">El problema per excel\u00b7l\u00e8ncia de tots els esdeveniments a l&#8217;aire lliure. Dependr\u00e0 de la climatologia de la zona on organitzis l&#8217;esdeveniment i de l&#8217;\u00e8poca de l&#8217;any en qu\u00e8 ho facis, per\u00f2 ho has de tenir molt en compte si no vols que el teu esdeveniment sigui un desastre. \u00c9s recomanable tenir preparat un pla B, com una carpa o una zona tancada habilitada per traslladar el teu esdeveniment en cas d&#8217;inclem\u00e8ncies meteorol\u00f2giques, com la pluja o el vent. Si el vostre esdeveniment s&#8217;allarga durant tot el dia o la nit, heu de tenir preparades zones d&#8217;ombra o estufes per assegurar la comoditat dels convidats durant tot l&#8217;esdeveniment.<\/span><\/p>\n<p><em><span style=\"font-family: graphik-regular;\">Primavera i pol\u00b7len<\/span><\/em><\/p>\n<p><span style=\"font-family: graphik-regular;\">Si celebrar\u00e0s el teu esdeveniment en plena primavera, el lloc lluir\u00e0 preci\u00f3s i florejat, per\u00f2 si tens convidats al\u00b7l\u00e8rgics al pol\u00b7len recordaran el teu esdeveniment com una experi\u00e8ncia fatal. Si ho pots fer, assegura&#8217;t que no tinguis convidats amb al\u00b7l\u00e8rgia al pol\u00b7len del lloc on celebris el teu esdeveniment. Les graminees, el pl\u00e0tan d&#8217;ombra, l&#8217;olivera, el bedoll, la parietaria i la palmera s\u00f3n les al\u00b7l\u00e8rgies m\u00e9s comunes. Si coneixes de convidats amb al\u00b7l\u00e8rgies a algun pol\u00b7len de la zona, adverteix-los amb antelaci\u00f3 i tingues preparat al teu c\u00e0tering una varietat \u00e0mplia de begudes no alcoh\u00f2liques, ja que els al\u00b7l\u00e8rgics no poden consumir-lo si estan tractant-se amb antihistam\u00ednics.<\/span><\/p>\n<p><em><span style=\"font-family: graphik-regular;\">Compte amb el menjar<\/span><\/em><\/p>\n<p><span style=\"font-family: graphik-regular;\">Si celebrar\u00e0s un c\u00e0tering a la intemp\u00e8rie has de tenir molt en compte que segons quin menjar es far\u00e0 malb\u00e9 r\u00e0pidament: les pastes de full es ressecaran, la maionesa es posar\u00e0 en mal estat i els gels de les begudes es fondran r\u00e0pidament. A m\u00e9s, \u00e9s probable que aparegui convidats no desitjats, com ara mosques o vespes. Tingueu tots aquests aspectes molt presents en l&#8217;organitzaci\u00f3 del c\u00e0tering i assegureu-vos que els aliments es conversin a la temperatura adequada fins al mateix moment de ser consumits. Pel que fa als insectes indesitjables, El Laurel Catering d\u00f3na alguns consells per mantenir-los allunyats:<\/span><\/p>\n<p><span style=\"font-family: graphik-regular;\">Has de buscar la manera de mantenir-los allunyats col\u00b7locant a les taules algun repel\u00b7lent, com el llorer, el gessam\u00ed, la llimona o la citronel\u00b7la.<\/span><\/p>\n<p><em><span style=\"font-family: graphik-regular;\">Altres inconvenients<\/span><\/em><\/p>\n<p><span style=\"font-family: graphik-regular;\">El sol i la gespa ens agraden a tots, per\u00f2 pot ser un problema al teu esdeveniment si aquest dura molt o si no hi ha zones habilitades per als convidats. Podem assegurar que no hi ha res m\u00e9s inc\u00f2mode que trepitjar la gespa en talons o passar-se 3 hores al sol. Tot i aix\u00f2, pots oferir solucions als teus convidats com posar recipients amb ulleres de sol, barrets o protectors per als talons.<\/span><\/p>\n<p><span style=\"font-family: graphik-regular;\">En definitiva, si est\u00e0s pensant en organitzar el teu esdeveniment exterior cal tenir en compte els inconvenients i estar preparats per a tots ells. \u00c9s important tenir en consideraci\u00f3 tamb\u00e9 que aix\u00f2 suposar\u00e0 un cost m\u00e9s gran de l&#8217;esdeveniment, encara que estem segurs que el resultat valdr\u00e0 la pena.<\/span><\/p>\n<\/div><\/section><br \/>\n<section class=\"av_textblock_section \"  itemscope=\"itemscope\" itemtype=\"https:\/\/schema.org\/BlogPosting\" itemprop=\"blogPost\" ><div class='avia_textblock  '   itemprop=\"text\" ><p><span style=\"font-family: graphik-regular;\">Font &#8211; https:\/\/www.protocoloimep.com\/organizacion-de-eventos\/eventos-al-aire-libre-pros-y-contras\/<br \/>\n<\/span><\/p>\n<\/div><\/section><\/p><\/div><div class=\"flex_column av_one_full  flex_column_div av-zero-column-padding first  avia-builder-el-11  el_after_av_one_full  avia-builder-el-last  column-top-margin\" style='border-radius:0px; '><div class='avia-button-wrap avia-button-center  avia-builder-el-12  avia-builder-el-no-sibling  '><a href='javascript: history.go(-1)'  class='avia-button   avia-icon_select-yes-left-icon avia-color-black avia-size-medium avia-position-center '   ><span class='avia_button_icon avia_button_icon_left ' aria-hidden='true' data-av_icon='\ue880' data-av_iconfont='entypo-fontello'><\/span><span class='avia_iconbox_title' >Enrere<\/span><\/a><\/div><\/div><\/p>\n","protected":false},"excerpt":{"rendered":"<p>Comen\u00e7a el bon temps, les hores de llum comencen a allargar-se i cada cop m\u00e9s ve de gust reunir-se amb amics i fam\u00edlia en llocs a l&#8217;aire lliure. A m\u00e9s, comen\u00e7a la temporada de casaments i comunions, i \u00e9s moment de decidir com i on organitzar convits i cerim\u00f2nies civils.<\/p>\n","protected":false},"author":3,"featured_media":10143,"comment_status":"closed","ping_status":"closed","sticky":false,"template":"","format":"standard","meta":{"footnotes":""},"categories":[143,142],"tags":[149],"class_list":["post-11060","post","type-post","status-publish","format-standard","has-post-thumbnail","hentry","category-esdeveniments","category-news-ca-2","tag-esdeveniments"],"yoast_head":"<!-- This site is optimized with the Yoast SEO Premium plugin v27.0 (Yoast SEO v27.5) - https:\/\/yoast.com\/product\/yoast-seo-premium-wordpress\/ -->\n<title>Esdeveniments a l&#039;aire lliure: Pros i contres - Bacus Events - Creaci\u00f3n y Organizaci\u00f3n de Eventos<\/title>\n<meta name=\"robots\" content=\"index, follow, max-snippet:-1, max-image-preview:large, max-video-preview:-1\" \/>\n<link rel=\"canonical\" href=\"https:\/\/bacusevents.com\/ca\/esdeveniments-a-laire-lliure-pros-i-contres\/\" \/>\n<meta property=\"og:locale\" content=\"ca_ES\" \/>\n<meta property=\"og:type\" content=\"article\" \/>\n<meta property=\"og:title\" content=\"Esdeveniments a l&#039;aire lliure: Pros i contres\" \/>\n<meta property=\"og:description\" content=\"Comen\u00e7a el bon temps, les hores de llum comencen a allargar-se i cada cop m\u00e9s ve de gust reunir-se amb amics i fam\u00edlia en llocs a l&#8217;aire lliure. A m\u00e9s, comen\u00e7a la temporada de casaments i comunions, i \u00e9s moment de decidir com i on organitzar convits i cerim\u00f2nies civils.\" \/>\n<meta property=\"og:url\" content=\"https:\/\/bacusevents.com\/ca\/esdeveniments-a-laire-lliure-pros-i-contres\/\" \/>\n<meta property=\"og:site_name\" content=\"Bacus Events - Creaci\u00f3n y Organizaci\u00f3n de Eventos\" \/>\n<meta property=\"article:publisher\" content=\"https:\/\/www.facebook.com\/BacusEventos\" \/>\n<meta property=\"article:published_time\" content=\"2023-06-05T09:15:43+00:00\" \/>\n<meta property=\"article:modified_time\" content=\"2024-05-01T05:56:52+00:00\" \/>\n<meta property=\"og:image\" content=\"https:\/\/bacusevents.com\/wp-content\/uploads\/2023\/05\/BacusEvents-news-eventos-airelibre-prosycontras-1.jpg\" \/>\n\t<meta property=\"og:image:width\" content=\"1024\" \/>\n\t<meta property=\"og:image:height\" content=\"500\" \/>\n\t<meta property=\"og:image:type\" content=\"image\/jpeg\" \/>\n<meta name=\"author\" content=\"Valentina\" \/>\n<meta name=\"twitter:card\" content=\"summary_large_image\" \/>\n<meta name=\"twitter:label1\" content=\"Escrit per\" \/>\n\t<meta name=\"twitter:data1\" content=\"Valentina\" \/>\n\t<meta name=\"twitter:label2\" content=\"Temps estimat de lectura\" \/>\n\t<meta name=\"twitter:data2\" content=\"7 minuts\" \/>\n<script type=\"application\/ld+json\" class=\"yoast-schema-graph\">{\"@context\":\"https:\\\/\\\/schema.org\",\"@graph\":[{\"@type\":\"Article\",\"@id\":\"https:\\\/\\\/bacusevents.com\\\/ca\\\/esdeveniments-a-laire-lliure-pros-i-contres\\\/#article\",\"isPartOf\":{\"@id\":\"https:\\\/\\\/bacusevents.com\\\/ca\\\/esdeveniments-a-laire-lliure-pros-i-contres\\\/\"},\"author\":{\"name\":\"Valentina\",\"@id\":\"https:\\\/\\\/bacusevents.com\\\/ca\\\/#\\\/schema\\\/person\\\/1bceb1ffde896ddf77b1c58f2d314e59\"},\"headline\":\"Esdeveniments a l&#8217;aire lliure: Pros i contres\",\"datePublished\":\"2023-06-05T09:15:43+00:00\",\"dateModified\":\"2024-05-01T05:56:52+00:00\",\"mainEntityOfPage\":{\"@id\":\"https:\\\/\\\/bacusevents.com\\\/ca\\\/esdeveniments-a-laire-lliure-pros-i-contres\\\/\"},\"wordCount\":1425,\"publisher\":{\"@id\":\"https:\\\/\\\/bacusevents.com\\\/ca\\\/#organization\"},\"image\":{\"@id\":\"https:\\\/\\\/bacusevents.com\\\/ca\\\/esdeveniments-a-laire-lliure-pros-i-contres\\\/#primaryimage\"},\"thumbnailUrl\":\"https:\\\/\\\/bacusevents.com\\\/wp-content\\\/uploads\\\/2023\\\/05\\\/BacusEvents-news-eventos-airelibre-prosycontras-1.jpg\",\"keywords\":[\"esdeveniments\"],\"articleSection\":[\"Esdeveniments\",\"News\"],\"inLanguage\":\"ca\"},{\"@type\":\"WebPage\",\"@id\":\"https:\\\/\\\/bacusevents.com\\\/ca\\\/esdeveniments-a-laire-lliure-pros-i-contres\\\/\",\"url\":\"https:\\\/\\\/bacusevents.com\\\/ca\\\/esdeveniments-a-laire-lliure-pros-i-contres\\\/\",\"name\":\"Esdeveniments a l'aire lliure: Pros i contres - Bacus Events - Creaci\u00f3n y Organizaci\u00f3n de Eventos\",\"isPartOf\":{\"@id\":\"https:\\\/\\\/bacusevents.com\\\/ca\\\/#website\"},\"primaryImageOfPage\":{\"@id\":\"https:\\\/\\\/bacusevents.com\\\/ca\\\/esdeveniments-a-laire-lliure-pros-i-contres\\\/#primaryimage\"},\"image\":{\"@id\":\"https:\\\/\\\/bacusevents.com\\\/ca\\\/esdeveniments-a-laire-lliure-pros-i-contres\\\/#primaryimage\"},\"thumbnailUrl\":\"https:\\\/\\\/bacusevents.com\\\/wp-content\\\/uploads\\\/2023\\\/05\\\/BacusEvents-news-eventos-airelibre-prosycontras-1.jpg\",\"datePublished\":\"2023-06-05T09:15:43+00:00\",\"dateModified\":\"2024-05-01T05:56:52+00:00\",\"breadcrumb\":{\"@id\":\"https:\\\/\\\/bacusevents.com\\\/ca\\\/esdeveniments-a-laire-lliure-pros-i-contres\\\/#breadcrumb\"},\"inLanguage\":\"ca\",\"potentialAction\":[{\"@type\":\"ReadAction\",\"target\":[\"https:\\\/\\\/bacusevents.com\\\/ca\\\/esdeveniments-a-laire-lliure-pros-i-contres\\\/\"]}]},{\"@type\":\"ImageObject\",\"inLanguage\":\"ca\",\"@id\":\"https:\\\/\\\/bacusevents.com\\\/ca\\\/esdeveniments-a-laire-lliure-pros-i-contres\\\/#primaryimage\",\"url\":\"https:\\\/\\\/bacusevents.com\\\/wp-content\\\/uploads\\\/2023\\\/05\\\/BacusEvents-news-eventos-airelibre-prosycontras-1.jpg\",\"contentUrl\":\"https:\\\/\\\/bacusevents.com\\\/wp-content\\\/uploads\\\/2023\\\/05\\\/BacusEvents-news-eventos-airelibre-prosycontras-1.jpg\",\"width\":1024,\"height\":500},{\"@type\":\"BreadcrumbList\",\"@id\":\"https:\\\/\\\/bacusevents.com\\\/ca\\\/esdeveniments-a-laire-lliure-pros-i-contres\\\/#breadcrumb\",\"itemListElement\":[{\"@type\":\"ListItem\",\"position\":1,\"name\":\"Portada\",\"item\":\"https:\\\/\\\/bacusevents.com\\\/ca\\\/\"},{\"@type\":\"ListItem\",\"position\":2,\"name\":\"Esdeveniments a l&#8217;aire lliure: Pros i contres\"}]},{\"@type\":\"WebSite\",\"@id\":\"https:\\\/\\\/bacusevents.com\\\/ca\\\/#website\",\"url\":\"https:\\\/\\\/bacusevents.com\\\/ca\\\/\",\"name\":\"Bacus Events - Creaci\u00f3n y Organizaci\u00f3n de Eventos\",\"description\":\"Bacus Events - Creaci\u00f3n y Organizaci\u00f3n de Eventos\",\"publisher\":{\"@id\":\"https:\\\/\\\/bacusevents.com\\\/ca\\\/#organization\"},\"potentialAction\":[{\"@type\":\"SearchAction\",\"target\":{\"@type\":\"EntryPoint\",\"urlTemplate\":\"https:\\\/\\\/bacusevents.com\\\/ca\\\/?s={search_term_string}\"},\"query-input\":{\"@type\":\"PropertyValueSpecification\",\"valueRequired\":true,\"valueName\":\"search_term_string\"}}],\"inLanguage\":\"ca\"},{\"@type\":\"Organization\",\"@id\":\"https:\\\/\\\/bacusevents.com\\\/ca\\\/#organization\",\"name\":\"Bacus Events - Creaci\u00f3n y Organizaci\u00f3n de Eventos\",\"url\":\"https:\\\/\\\/bacusevents.com\\\/ca\\\/\",\"logo\":{\"@type\":\"ImageObject\",\"inLanguage\":\"ca\",\"@id\":\"https:\\\/\\\/bacusevents.com\\\/ca\\\/#\\\/schema\\\/logo\\\/image\\\/\",\"url\":\"https:\\\/\\\/bacusevents.com\\\/wp-content\\\/uploads\\\/2025\\\/03\\\/BacusEvents-5.png\",\"contentUrl\":\"https:\\\/\\\/bacusevents.com\\\/wp-content\\\/uploads\\\/2025\\\/03\\\/BacusEvents-5.png\",\"width\":393,\"height\":426,\"caption\":\"Bacus Events - Creaci\u00f3n y Organizaci\u00f3n de Eventos\"},\"image\":{\"@id\":\"https:\\\/\\\/bacusevents.com\\\/ca\\\/#\\\/schema\\\/logo\\\/image\\\/\"},\"sameAs\":[\"https:\\\/\\\/www.facebook.com\\\/BacusEventos\",\"https:\\\/\\\/www.instagram.com\\\/bacusevents\\\/\",\"https:\\\/\\\/www.linkedin.com\\\/company\\\/1481874\\\/admin\\\/dashboard\\\/\"]},{\"@type\":\"Person\",\"@id\":\"https:\\\/\\\/bacusevents.com\\\/ca\\\/#\\\/schema\\\/person\\\/1bceb1ffde896ddf77b1c58f2d314e59\",\"name\":\"Valentina\",\"image\":{\"@type\":\"ImageObject\",\"inLanguage\":\"ca\",\"@id\":\"https:\\\/\\\/secure.gravatar.com\\\/avatar\\\/81b6b00e29e2279ed8e2ed6b874680d0eb29dd7a5310d6ee502417c4d32b8410?s=96&d=mm&r=g\",\"url\":\"https:\\\/\\\/secure.gravatar.com\\\/avatar\\\/81b6b00e29e2279ed8e2ed6b874680d0eb29dd7a5310d6ee502417c4d32b8410?s=96&d=mm&r=g\",\"contentUrl\":\"https:\\\/\\\/secure.gravatar.com\\\/avatar\\\/81b6b00e29e2279ed8e2ed6b874680d0eb29dd7a5310d6ee502417c4d32b8410?s=96&d=mm&r=g\",\"caption\":\"Valentina\"},\"sameAs\":[\"https:\\\/\\\/bacusevents.com\"],\"url\":\"https:\\\/\\\/bacusevents.com\\\/ca\\\/author\\\/editor-bacus\\\/\"}]}<\/script>\n<!-- \/ Yoast SEO Premium plugin. -->","yoast_head_json":{"title":"Esdeveniments a l'aire lliure: Pros i contres - Bacus Events - Creaci\u00f3n y Organizaci\u00f3n de Eventos","robots":{"index":"index","follow":"follow","max-snippet":"max-snippet:-1","max-image-preview":"max-image-preview:large","max-video-preview":"max-video-preview:-1"},"canonical":"https:\/\/bacusevents.com\/ca\/esdeveniments-a-laire-lliure-pros-i-contres\/","og_locale":"ca_ES","og_type":"article","og_title":"Esdeveniments a l'aire lliure: Pros i contres","og_description":"Comen\u00e7a el bon temps, les hores de llum comencen a allargar-se i cada cop m\u00e9s ve de gust reunir-se amb amics i fam\u00edlia en llocs a l&#8217;aire lliure. A m\u00e9s, comen\u00e7a la temporada de casaments i comunions, i \u00e9s moment de decidir com i on organitzar convits i cerim\u00f2nies civils.","og_url":"https:\/\/bacusevents.com\/ca\/esdeveniments-a-laire-lliure-pros-i-contres\/","og_site_name":"Bacus Events - Creaci\u00f3n y Organizaci\u00f3n de Eventos","article_publisher":"https:\/\/www.facebook.com\/BacusEventos","article_published_time":"2023-06-05T09:15:43+00:00","article_modified_time":"2024-05-01T05:56:52+00:00","og_image":[{"width":1024,"height":500,"url":"https:\/\/bacusevents.com\/wp-content\/uploads\/2023\/05\/BacusEvents-news-eventos-airelibre-prosycontras-1.jpg","type":"image\/jpeg"}],"author":"Valentina","twitter_card":"summary_large_image","twitter_misc":{"Escrit per":"Valentina","Temps estimat de lectura":"7 minuts"},"schema":{"@context":"https:\/\/schema.org","@graph":[{"@type":"Article","@id":"https:\/\/bacusevents.com\/ca\/esdeveniments-a-laire-lliure-pros-i-contres\/#article","isPartOf":{"@id":"https:\/\/bacusevents.com\/ca\/esdeveniments-a-laire-lliure-pros-i-contres\/"},"author":{"name":"Valentina","@id":"https:\/\/bacusevents.com\/ca\/#\/schema\/person\/1bceb1ffde896ddf77b1c58f2d314e59"},"headline":"Esdeveniments a l&#8217;aire lliure: Pros i contres","datePublished":"2023-06-05T09:15:43+00:00","dateModified":"2024-05-01T05:56:52+00:00","mainEntityOfPage":{"@id":"https:\/\/bacusevents.com\/ca\/esdeveniments-a-laire-lliure-pros-i-contres\/"},"wordCount":1425,"publisher":{"@id":"https:\/\/bacusevents.com\/ca\/#organization"},"image":{"@id":"https:\/\/bacusevents.com\/ca\/esdeveniments-a-laire-lliure-pros-i-contres\/#primaryimage"},"thumbnailUrl":"https:\/\/bacusevents.com\/wp-content\/uploads\/2023\/05\/BacusEvents-news-eventos-airelibre-prosycontras-1.jpg","keywords":["esdeveniments"],"articleSection":["Esdeveniments","News"],"inLanguage":"ca"},{"@type":"WebPage","@id":"https:\/\/bacusevents.com\/ca\/esdeveniments-a-laire-lliure-pros-i-contres\/","url":"https:\/\/bacusevents.com\/ca\/esdeveniments-a-laire-lliure-pros-i-contres\/","name":"Esdeveniments a l'aire lliure: Pros i contres - Bacus Events - Creaci\u00f3n y Organizaci\u00f3n de Eventos","isPartOf":{"@id":"https:\/\/bacusevents.com\/ca\/#website"},"primaryImageOfPage":{"@id":"https:\/\/bacusevents.com\/ca\/esdeveniments-a-laire-lliure-pros-i-contres\/#primaryimage"},"image":{"@id":"https:\/\/bacusevents.com\/ca\/esdeveniments-a-laire-lliure-pros-i-contres\/#primaryimage"},"thumbnailUrl":"https:\/\/bacusevents.com\/wp-content\/uploads\/2023\/05\/BacusEvents-news-eventos-airelibre-prosycontras-1.jpg","datePublished":"2023-06-05T09:15:43+00:00","dateModified":"2024-05-01T05:56:52+00:00","breadcrumb":{"@id":"https:\/\/bacusevents.com\/ca\/esdeveniments-a-laire-lliure-pros-i-contres\/#breadcrumb"},"inLanguage":"ca","potentialAction":[{"@type":"ReadAction","target":["https:\/\/bacusevents.com\/ca\/esdeveniments-a-laire-lliure-pros-i-contres\/"]}]},{"@type":"ImageObject","inLanguage":"ca","@id":"https:\/\/bacusevents.com\/ca\/esdeveniments-a-laire-lliure-pros-i-contres\/#primaryimage","url":"https:\/\/bacusevents.com\/wp-content\/uploads\/2023\/05\/BacusEvents-news-eventos-airelibre-prosycontras-1.jpg","contentUrl":"https:\/\/bacusevents.com\/wp-content\/uploads\/2023\/05\/BacusEvents-news-eventos-airelibre-prosycontras-1.jpg","width":1024,"height":500},{"@type":"BreadcrumbList","@id":"https:\/\/bacusevents.com\/ca\/esdeveniments-a-laire-lliure-pros-i-contres\/#breadcrumb","itemListElement":[{"@type":"ListItem","position":1,"name":"Portada","item":"https:\/\/bacusevents.com\/ca\/"},{"@type":"ListItem","position":2,"name":"Esdeveniments a l&#8217;aire lliure: Pros i contres"}]},{"@type":"WebSite","@id":"https:\/\/bacusevents.com\/ca\/#website","url":"https:\/\/bacusevents.com\/ca\/","name":"Bacus Events - Creaci\u00f3n y Organizaci\u00f3n de Eventos","description":"Bacus Events - Creaci\u00f3n y Organizaci\u00f3n de Eventos","publisher":{"@id":"https:\/\/bacusevents.com\/ca\/#organization"},"potentialAction":[{"@type":"SearchAction","target":{"@type":"EntryPoint","urlTemplate":"https:\/\/bacusevents.com\/ca\/?s={search_term_string}"},"query-input":{"@type":"PropertyValueSpecification","valueRequired":true,"valueName":"search_term_string"}}],"inLanguage":"ca"},{"@type":"Organization","@id":"https:\/\/bacusevents.com\/ca\/#organization","name":"Bacus Events - Creaci\u00f3n y Organizaci\u00f3n de Eventos","url":"https:\/\/bacusevents.com\/ca\/","logo":{"@type":"ImageObject","inLanguage":"ca","@id":"https:\/\/bacusevents.com\/ca\/#\/schema\/logo\/image\/","url":"https:\/\/bacusevents.com\/wp-content\/uploads\/2025\/03\/BacusEvents-5.png","contentUrl":"https:\/\/bacusevents.com\/wp-content\/uploads\/2025\/03\/BacusEvents-5.png","width":393,"height":426,"caption":"Bacus Events - Creaci\u00f3n y Organizaci\u00f3n de Eventos"},"image":{"@id":"https:\/\/bacusevents.com\/ca\/#\/schema\/logo\/image\/"},"sameAs":["https:\/\/www.facebook.com\/BacusEventos","https:\/\/www.instagram.com\/bacusevents\/","https:\/\/www.linkedin.com\/company\/1481874\/admin\/dashboard\/"]},{"@type":"Person","@id":"https:\/\/bacusevents.com\/ca\/#\/schema\/person\/1bceb1ffde896ddf77b1c58f2d314e59","name":"Valentina","image":{"@type":"ImageObject","inLanguage":"ca","@id":"https:\/\/secure.gravatar.com\/avatar\/81b6b00e29e2279ed8e2ed6b874680d0eb29dd7a5310d6ee502417c4d32b8410?s=96&d=mm&r=g","url":"https:\/\/secure.gravatar.com\/avatar\/81b6b00e29e2279ed8e2ed6b874680d0eb29dd7a5310d6ee502417c4d32b8410?s=96&d=mm&r=g","contentUrl":"https:\/\/secure.gravatar.com\/avatar\/81b6b00e29e2279ed8e2ed6b874680d0eb29dd7a5310d6ee502417c4d32b8410?s=96&d=mm&r=g","caption":"Valentina"},"sameAs":["https:\/\/bacusevents.com"],"url":"https:\/\/bacusevents.com\/ca\/author\/editor-bacus\/"}]}},"_links":{"self":[{"href":"https:\/\/bacusevents.com\/ca\/wp-json\/wp\/v2\/posts\/11060","targetHints":{"allow":["GET"]}}],"collection":[{"href":"https:\/\/bacusevents.com\/ca\/wp-json\/wp\/v2\/posts"}],"about":[{"href":"https:\/\/bacusevents.com\/ca\/wp-json\/wp\/v2\/types\/post"}],"author":[{"embeddable":true,"href":"https:\/\/bacusevents.com\/ca\/wp-json\/wp\/v2\/users\/3"}],"replies":[{"embeddable":true,"href":"https:\/\/bacusevents.com\/ca\/wp-json\/wp\/v2\/comments?post=11060"}],"version-history":[{"count":1,"href":"https:\/\/bacusevents.com\/ca\/wp-json\/wp\/v2\/posts\/11060\/revisions"}],"predecessor-version":[{"id":11092,"href":"https:\/\/bacusevents.com\/ca\/wp-json\/wp\/v2\/posts\/11060\/revisions\/11092"}],"wp:featuredmedia":[{"embeddable":true,"href":"https:\/\/bacusevents.com\/ca\/wp-json\/wp\/v2\/media\/10143"}],"wp:attachment":[{"href":"https:\/\/bacusevents.com\/ca\/wp-json\/wp\/v2\/media?parent=11060"}],"wp:term":[{"taxonomy":"category","embeddable":true,"href":"https:\/\/bacusevents.com\/ca\/wp-json\/wp\/v2\/categories?post=11060"},{"taxonomy":"post_tag","embeddable":true,"href":"https:\/\/bacusevents.com\/ca\/wp-json\/wp\/v2\/tags?post=11060"}],"curies":[{"name":"wp","href":"https:\/\/api.w.org\/{rel}","templated":true}]}}