{"id":11086,"date":"2023-06-01T14:25:13","date_gmt":"2023-06-01T14:25:13","guid":{"rendered":"https:\/\/bacusevents.com\/els-millors-festivals-a-barcelona-i-catalunya-2023\/"},"modified":"2024-05-01T05:56:52","modified_gmt":"2024-05-01T05:56:52","slug":"els-millors-festivals-a-barcelona-i-catalunya-2023","status":"publish","type":"post","link":"https:\/\/bacusevents.com\/ca\/els-millors-festivals-a-barcelona-i-catalunya-2023\/","title":{"rendered":"Els millors festivals a Barcelona i Catalunya 2023"},"content":{"rendered":"<div style='padding-bottom:15px; font-size:40px;' class='av-special-heading av-special-heading-h1  blockquote modern-quote modern-centered  avia-builder-el-0  el_before_av_textblock  avia-builder-el-first   av-inherit-size '><h1 class='av-special-heading-tag '  itemprop=\"headline\"  >Festivals de m\u00fasica a Barcelona i Catalunya el 2023<\/h1><div class='special-heading-border'><div class='special-heading-inner-border' ><\/div><\/div><\/div>\n<section class=\"av_textblock_section \"  itemscope=\"itemscope\" itemtype=\"https:\/\/schema.org\/BlogPosting\" itemprop=\"blogPost\" ><div class='avia_textblock  '   itemprop=\"text\" ><p>Els grans esdeveniments de m\u00fasica en directe i els cicles de concerts que se celebren al llarg de l\u00b4any<\/p>\n<ol>\n<li>Primavera Sound 2023<\/li>\n<li>Share Festival 2023<\/li>\n<li>S\u00f3nar 2023<\/li>\n<li>Vida Festival<\/li>\n<li>BubblePop<\/li>\n<li>Guitar BCN 23<\/li>\n<li>Canet Rock 2023<\/li>\n<li>Festival Cru\u00eflla 2023<\/li>\n<li>\u00c0nima &#8211; Festival Jardins Pedralbes<\/li>\n<li>Reggaeton Beach Festival 2023<\/li>\n<li>Festival de la Porta Ferrada<\/li>\n<li>Cap Roig Festival<\/li>\n<li>20 mes i mes Festival<\/li>\n<li>Brunch Electronik Festival 2023<\/li>\n<li>Voll-Damm Festival de Jazz de Barcelona<!--more--><\/li>\n<\/ol>\n<\/div><\/section>\n<div style='padding-bottom:15px; color:#000000;font-size:40px;' class='av-special-heading av-special-heading-h1 custom-color-heading blockquote modern-quote modern-centered  avia-builder-el-2  el_after_av_textblock  el_before_av_slideshow   av-inherit-size '><h1 class='av-special-heading-tag '  itemprop=\"headline\"  >Primavera sound 2023<\/h1><div class='special-heading-border'><div class='special-heading-inner-border' style='border-color:#000000'><\/div><\/div><\/div>\n<div  data-size='featured'  data-lightbox_size='large'  data-animation='slide'  data-conditional_play=''  data-ids='6771'  data-video_counter='0'  data-autoplay='false'  data-bg_slider='false'  data-slide_height=''  data-handle='av_slideshow'  data-interval='5'  data-class=' avia-builder-el-3  el_after_av_heading  el_before_av_one_fourth   '  data-css_id=''  data-scroll_down=''  data-control_layout='av-control-default'  data-custom_markup=''  data-perma_caption='aviaTBperma_caption'  data-autoplay_stopper=''  data-image_attachment=''  data-min_height='0px'  data-default-height='28.666666666667'  class='avia-slideshow avia-slideshow-1  av-control-default av-default-height-applied avia-slideshow-featured av_slideshow  avia-builder-el-3  el_after_av_heading  el_before_av_one_fourth    avia-slide-slider '  itemprop=\"image\" itemscope=\"itemscope\" itemtype=\"https:\/\/schema.org\/ImageObject\" ><ul class='avia-slideshow-inner ' style='padding-bottom: 57.333333333333%;' ><li  class=' av-single-slide slide-1 ' ><div data-rel='slideshow-1' class='avia-slide-wrap '   ><img src='https:\/\/bacusevents.com\/wp-content\/uploads\/2023\/06\/BacusEvents-news-eventos-festivales-primaverasound2023-750x430.jpg' width='750' height='430' title='BacusEvents-news-eventos-festivales-primaverasound2023' alt=''  itemprop=\"thumbnailUrl\"   \/><\/div><\/li><\/ul><\/div>\n<div class=\"flex_column av_one_fourth  flex_column_div av-zero-column-padding first  avia-builder-el-4  el_after_av_slideshow  el_before_av_three_fourth  \" style='border-radius:0px; '><section class=\"av_textblock_section \"  itemscope=\"itemscope\" itemtype=\"https:\/\/schema.org\/BlogPosting\" itemprop=\"blogPost\" ><div class='avia_textblock  '   itemprop=\"text\" ><p><span style=\"font-family: graphik-regular;\">Direcci\u00f3<\/span><br \/>\n<span style=\"font-family: graphik-regular;\">Parc del F\u00f2rum<\/span><br \/>\n<span style=\"font-family: graphik-regular;\">Edifici F\u00f2rum, Pla\u00e7a de Llevant<\/span><br \/>\n<span style=\"font-family: graphik-regular;\">Sant Mart\u00ed<\/span><br \/>\n<span style=\"font-family: graphik-regular;\">Barcelona<\/span><br \/>\n<span style=\"font-family: graphik-regular;\">Transport<\/span><br \/>\n<span style=\"font-family: graphik-regular;\">El Maresme\/F\u00f2rum (M: L4)<\/span><br \/>\n<span style=\"font-family: graphik-regular;\">dates de l&#8217;1 al 3 de juny<\/span><\/p>\n<\/div><\/section><\/div><div class=\"flex_column av_three_fourth  flex_column_div av-zero-column-padding   avia-builder-el-6  el_after_av_one_fourth  el_before_av_heading  \" style='border-radius:0px; '><section class=\"av_textblock_section \"  itemscope=\"itemscope\" itemtype=\"https:\/\/schema.org\/BlogPosting\" itemprop=\"blogPost\" ><div class='avia_textblock  '   itemprop=\"text\" ><p><span style=\"font-family: graphik-regular;\">Despr\u00e9s d&#8217;una vintena edici\u00f3 maratoniana \u2013dos caps de setmana amb una allau de concerts que et deixava atordit\u2013 el Primavera Sound torna al format habitual d&#8217;un cap de setmana al Parc del F\u00f2rum, Primavera a la Ciutat a part, \u00e9s clar. Ser\u00e0 de l&#8217;1 al 3 de juny del 2023 amb caps de cartell com Depeche Mode, Blur, FKA Twigs, Kendrick Lamar, Skrillex, Halsey, Calvin Harris, Pet Shop Boys, New Order i Rosalia, entre molt\u00edssims m\u00e9s.<\/span><\/p>\n<\/div><\/section><\/div><div style='padding-bottom:15px; color:#000000;font-size:40px;' class='av-special-heading av-special-heading-h1 custom-color-heading blockquote modern-quote modern-centered  avia-builder-el-8  el_after_av_three_fourth  el_before_av_slideshow   av-inherit-size '><h1 class='av-special-heading-tag '  itemprop=\"headline\"  >Share festival 2023<\/h1><div class='special-heading-border'><div class='special-heading-inner-border' style='border-color:#000000'><\/div><\/div><\/div><\/p>\n<div  data-size='featured'  data-lightbox_size='large'  data-animation='slide'  data-conditional_play=''  data-ids='6772'  data-video_counter='0'  data-autoplay='false'  data-bg_slider='false'  data-slide_height=''  data-handle='av_slideshow'  data-interval='5'  data-class=' avia-builder-el-9  el_after_av_heading  el_before_av_one_third   '  data-css_id=''  data-scroll_down=''  data-control_layout='av-control-default'  data-custom_markup=''  data-perma_caption='aviaTBperma_caption'  data-autoplay_stopper=''  data-image_attachment=''  data-min_height='0px'  data-default-height='28.666666666667'  class='avia-slideshow avia-slideshow-2  av-control-default av-default-height-applied avia-slideshow-featured av_slideshow  avia-builder-el-9  el_after_av_heading  el_before_av_one_third    avia-slide-slider '  itemprop=\"image\" itemscope=\"itemscope\" itemtype=\"https:\/\/schema.org\/ImageObject\" ><ul class='avia-slideshow-inner ' style='padding-bottom: 57.333333333333%;' ><li  class=' av-single-slide slide-1 ' ><div data-rel='slideshow-2' class='avia-slide-wrap '   ><img src='https:\/\/bacusevents.com\/wp-content\/uploads\/2023\/06\/BacusEvents-news-eventos-festivales-sharefestival2023-750x430.png' width='750' height='430' title='BacusEvents-news-eventos-festivales-sharefestival2023' alt=''  itemprop=\"thumbnailUrl\"   \/><\/div><\/li><\/ul><\/div>\n<div class=\"flex_column av_one_third  flex_column_div av-zero-column-padding first  avia-builder-el-10  el_after_av_slideshow  el_before_av_two_third  \" style='border-radius:0px; '><section class=\"av_textblock_section \"  itemscope=\"itemscope\" itemtype=\"https:\/\/schema.org\/BlogPosting\" itemprop=\"blogPost\" ><div class='avia_textblock  '   itemprop=\"text\" ><p><span style=\"font-family: graphik-regular;\">Direcci\u00f3<\/span><br \/>\n<span style=\"font-family: graphik-regular;\">Parc del F\u00f2rum<\/span><br \/>\n<span style=\"font-family: graphik-regular;\">Edifici F\u00f2rum, Pla\u00e7a de Llevant<\/span><br \/>\n<span style=\"font-family: graphik-regular;\">Sant Mart\u00ed<\/span><br \/>\n<span style=\"font-family: graphik-regular;\">Barcelona<\/span><br \/>\n<span style=\"font-family: graphik-regular;\">Transport<\/span><br \/>\n<span style=\"font-family: graphik-regular;\">El Maresme\/F\u00f2rum (M: L4)<\/span><br \/>\n<span style=\"font-family: graphik-regular;\">DATA: 9 i 10 de juny<\/span><\/p>\n<\/div><\/section><\/div><div class=\"flex_column av_two_third  flex_column_div av-zero-column-padding   avia-builder-el-12  el_after_av_one_third  el_before_av_heading  \" style='border-radius:0px; '><section class=\"av_textblock_section \"  itemscope=\"itemscope\" itemtype=\"https:\/\/schema.org\/BlogPosting\" itemprop=\"blogPost\" ><div class='avia_textblock  '   itemprop=\"text\" ><p><span style=\"font-family: graphik-regular;\">El Share Festival creix i es trasllada al Parc del F\u00f2rum en la cinquena edici\u00f3, que se celebra el cap de setmana del 9 i 10 de juny amb caps de cartell tan populars com Bizarrap, Quevedo, Dellafuente i Morad i altres noms destacats de la m\u00fasica urbana com Hoke &amp; Louis Amoeba, YSY A, Ptazeta, Saiko, Cyril Kamer, Aleesha, Fusa Nocta, Neo Pistea, J Abecia, Miss Raisa, Jos\u00e9 de les Heras i altres encara per desvetllar.<br \/>\n<\/span><\/p>\n<\/div><\/section><\/div><div style='padding-bottom:15px; color:#000000;font-size:40px;' class='av-special-heading av-special-heading-h1 custom-color-heading blockquote modern-quote modern-centered  avia-builder-el-14  el_after_av_two_third  el_before_av_slideshow   av-inherit-size '><h1 class='av-special-heading-tag '  itemprop=\"headline\"  >S\u00f3nar 2023<\/h1><div class='special-heading-border'><div class='special-heading-inner-border' style='border-color:#000000'><\/div><\/div><\/div><\/p>\n<div  data-size='featured'  data-lightbox_size='large'  data-animation='slide'  data-conditional_play=''  data-ids='6773'  data-video_counter='0'  data-autoplay='false'  data-bg_slider='false'  data-slide_height=''  data-handle='av_slideshow'  data-interval='5'  data-class=' avia-builder-el-15  el_after_av_heading  el_before_av_one_fourth   '  data-css_id=''  data-scroll_down=''  data-control_layout='av-control-default'  data-custom_markup=''  data-perma_caption='aviaTBperma_caption'  data-autoplay_stopper=''  data-image_attachment=''  data-min_height='0px'  data-default-height='28.666666666667'  class='avia-slideshow avia-slideshow-3  av-control-default av-default-height-applied avia-slideshow-featured av_slideshow  avia-builder-el-15  el_after_av_heading  el_before_av_one_fourth    avia-slide-slider '  itemprop=\"image\" itemscope=\"itemscope\" itemtype=\"https:\/\/schema.org\/ImageObject\" ><ul class='avia-slideshow-inner ' style='padding-bottom: 57.333333333333%;' ><li  class=' av-single-slide slide-1 ' ><div data-rel='slideshow-3' class='avia-slide-wrap '   ><img src='https:\/\/bacusevents.com\/wp-content\/uploads\/2023\/06\/BacusEvents-news-eventos-festivales-sonar2023-750x430.jpg' width='750' height='430' title='BacusEvents-news-eventos-festivales-sonar2023' alt=''  itemprop=\"thumbnailUrl\"   \/><\/div><\/li><\/ul><\/div>\n<div class=\"flex_column av_one_fourth  flex_column_div av-zero-column-padding first  avia-builder-el-16  el_after_av_slideshow  el_before_av_three_fourth  \" style='border-radius:0px; '><section class=\"av_textblock_section \"  itemscope=\"itemscope\" itemtype=\"https:\/\/schema.org\/BlogPosting\" itemprop=\"blogPost\" ><div class='avia_textblock  '   itemprop=\"text\" ><p><span style=\"font-family: graphik-regular;\">Direcci\u00f3<br \/>\nFira de Barcelona<br \/>\nAv. Reina Maria Cristina, s\/n<br \/>\nSants-Montju\u00efc<br \/>\nBarcelona<br \/>\n08004<br \/>\nTransport<br \/>\nEspanya (L\u00ednies: L1-L3-FGC)<br \/>\nDates: del 15 al 17 de juny<\/span><\/p>\n<\/div><\/section><\/div><div class=\"flex_column av_three_fourth  flex_column_div av-zero-column-padding   avia-builder-el-18  el_after_av_one_fourth  el_before_av_heading  \" style='border-radius:0px; '><section class=\"av_textblock_section \"  itemscope=\"itemscope\" itemtype=\"https:\/\/schema.org\/BlogPosting\" itemprop=\"blogPost\" ><div class='avia_textblock  '   itemprop=\"text\" ><p>Acabem de celebrar els 30 anys dels Jocs Ol\u00edmpics i que s\u00ed, que val, que van canviar moltes coses, per\u00f2 \u00e9s que aquest 2023 tamb\u00e9 vam celebrar el 30\u00e8 aniversari del S\u00f3nar, el festival que va posar Barcelona al mapa de l&#8217;electr\u00f2nica mundial, quan molts encara pensaven que era cosa de quatre moderns. Us ho podeu creure? Nosaltres tampoc, perqu\u00e8 no pot ser que trenta anys de m\u00fasica d&#8217;avantguarda hagin passat tan r\u00e0pid i perqu\u00e8 aix\u00f2 vol dir que ja estem en aquest futur lluny\u00e0 que ens esfor\u00e7\u00e0vem a imaginar.<\/p>\n<p>I com \u00e9s aquest futur?<\/p>\n<\/div><\/section><\/div><div style='padding-bottom:15px; color:#000000;font-size:40px;' class='av-special-heading av-special-heading-h1 custom-color-heading blockquote modern-quote modern-centered  avia-builder-el-20  el_after_av_three_fourth  el_before_av_slideshow   av-inherit-size '><h1 class='av-special-heading-tag '  itemprop=\"headline\"  >Vida festival<\/h1><div class='special-heading-border'><div class='special-heading-inner-border' style='border-color:#000000'><\/div><\/div><\/div><\/p>\n<div  data-size='featured'  data-lightbox_size='large'  data-animation='slide'  data-conditional_play=''  data-ids='6774'  data-video_counter='0'  data-autoplay='false'  data-bg_slider='false'  data-slide_height=''  data-handle='av_slideshow'  data-interval='5'  data-class=' avia-builder-el-21  el_after_av_heading  el_before_av_one_fourth   '  data-css_id=''  data-scroll_down=''  data-control_layout='av-control-default'  data-custom_markup=''  data-perma_caption='aviaTBperma_caption'  data-autoplay_stopper=''  data-image_attachment=''  data-min_height='0px'  data-default-height='28.666666666667'  class='avia-slideshow avia-slideshow-4  av-control-default av-default-height-applied avia-slideshow-featured av_slideshow  avia-builder-el-21  el_after_av_heading  el_before_av_one_fourth    avia-slide-slider '  itemprop=\"image\" itemscope=\"itemscope\" itemtype=\"https:\/\/schema.org\/ImageObject\" ><ul class='avia-slideshow-inner ' style='padding-bottom: 74.912891986063%;' ><li  class=' av-single-slide slide-1 ' ><div data-rel='slideshow-4' class='avia-slide-wrap '   ><img src='https:\/\/bacusevents.com\/wp-content\/uploads\/2023\/06\/BacusEvents-news-eventos-festivales-vidafestival023.jpg' width='574' height='430' title='BacusEvents-news-eventos-festivales-vidafestival023' alt=''  itemprop=\"thumbnailUrl\"   \/><\/div><\/li><\/ul><\/div>\n<div class=\"flex_column av_one_fourth  flex_column_div av-zero-column-padding first  avia-builder-el-22  el_after_av_slideshow  el_before_av_three_fourth  \" style='border-radius:0px; '><section class=\"av_textblock_section \"  itemscope=\"itemscope\" itemtype=\"https:\/\/schema.org\/BlogPosting\" itemprop=\"blogPost\" ><div class='avia_textblock  '   itemprop=\"text\" ><p><span style=\"font-family: graphik-regular;\">Direcci\u00f3<\/span><br \/>\n<span style=\"font-family: graphik-regular;\">La Masia d&#8217;en Cabanyes<\/span><br \/>\n<span style=\"font-family: graphik-regular;\">La Masia d&#8217;en Cabanyes<\/span><br \/>\n<span style=\"font-family: graphik-regular;\">Vilanova i la Geltr\u00fa<\/span><br \/>\n<span style=\"font-family: graphik-regular;\">08800<\/span><br \/>\n<span style=\"font-family: graphik-regular;\">Dates: del 29 de juny al 1 de juliol<\/span><\/p>\n<\/div><\/section><\/div><div class=\"flex_column av_three_fourth  flex_column_div av-zero-column-padding   avia-builder-el-24  el_after_av_one_fourth  el_before_av_heading  \" style='border-radius:0px; '><section class=\"av_textblock_section \"  itemscope=\"itemscope\" itemtype=\"https:\/\/schema.org\/BlogPosting\" itemprop=\"blogPost\" ><div class='avia_textblock  '   itemprop=\"text\" ><p><span style=\"font-family: graphik-regular;\">Ja fa 20 anys que The Libertines van debutar amb &#8216;Up the bracket&#8217; i ho celebren amb un nou \u00e0lbum i encap\u00e7alant el cartell del Vida Festival, que torna a la Masia de Cabanyes de Vilanova i la Geltr\u00fa del 29 de juny a l&#8217;1 de juliol del 2023. Els londinencs, representants brit\u00e0nics del revival de la m\u00fasica garatge d&#8217;inicis dels 2000, lideren un cartell del qual ja s&#8217;han confirmat altres artistes internacionals com Suede, Whitney, Spiritualized, Julieta Venegas i Jorge Drexler, i tamb\u00e9 m\u00e9s a prop, com ara Xoel L\u00f3pez , La Casa Blava i Queralt Lahoz.<\/span><\/p>\n<\/div><\/section><\/div><div style='padding-bottom:15px; color:#000000;font-size:40px;' class='av-special-heading av-special-heading-h1 custom-color-heading blockquote modern-quote modern-centered  avia-builder-el-26  el_after_av_three_fourth  el_before_av_slideshow   av-inherit-size '><h1 class='av-special-heading-tag '  itemprop=\"headline\"  >BubblePop<\/h1><div class='special-heading-border'><div class='special-heading-inner-border' style='border-color:#000000'><\/div><\/div><\/div><\/p>\n<div  data-size='featured'  data-lightbox_size='large'  data-animation='slide'  data-conditional_play=''  data-ids='6775'  data-video_counter='0'  data-autoplay='false'  data-bg_slider='false'  data-slide_height=''  data-handle='av_slideshow'  data-interval='5'  data-class=' avia-builder-el-27  el_after_av_heading  el_before_av_one_fifth   '  data-css_id=''  data-scroll_down=''  data-control_layout='av-control-default'  data-custom_markup=''  data-perma_caption='aviaTBperma_caption'  data-autoplay_stopper=''  data-image_attachment=''  data-min_height='0px'  data-default-height='28.666666666667'  class='avia-slideshow avia-slideshow-5  av-control-default av-default-height-applied avia-slideshow-featured av_slideshow  avia-builder-el-27  el_after_av_heading  el_before_av_one_fifth    avia-slide-slider '  itemprop=\"image\" itemscope=\"itemscope\" itemtype=\"https:\/\/schema.org\/ImageObject\" ><ul class='avia-slideshow-inner ' style='padding-bottom: 57.333333333333%;' ><li  class=' av-single-slide slide-1 ' ><div data-rel='slideshow-5' class='avia-slide-wrap '   ><img src='https:\/\/bacusevents.com\/wp-content\/uploads\/2023\/06\/BacusEvents-news-eventos-festivales-bubblepop2023-750x430.jpg' width='750' height='430' title='BacusEvents-news-eventos-festivales-bubblepop2023' alt=''  itemprop=\"thumbnailUrl\"   \/><\/div><\/li><\/ul><\/div>\n<div class=\"flex_column av_one_fifth  flex_column_div av-zero-column-padding first  avia-builder-el-28  el_after_av_slideshow  el_before_av_four_fifth  \" style='border-radius:0px; '><section class=\"av_textblock_section \"  itemscope=\"itemscope\" itemtype=\"https:\/\/schema.org\/BlogPosting\" itemprop=\"blogPost\" ><div class='avia_textblock  '   itemprop=\"text\" ><p><span style=\"font-family: graphik-regular;\">Direcci\u00f3<\/span><br \/>\n<span style=\"font-family: graphik-regular;\">Fira de Barcelona &#8211; pavell\u00f3 a confirmar<\/span><br \/>\n<span style=\"font-family: graphik-regular;\">Dates: 1 i 2 de juliol<\/span><\/p>\n<\/div><\/section><\/div><div class=\"flex_column av_four_fifth  flex_column_div av-zero-column-padding   avia-builder-el-30  el_after_av_one_fifth  el_before_av_heading  \" style='border-radius:0px; '><section class=\"av_textblock_section \"  itemscope=\"itemscope\" itemtype=\"https:\/\/schema.org\/BlogPosting\" itemprop=\"blogPost\" ><div class='avia_textblock  '   itemprop=\"text\" ><p><span style=\"font-family: graphik-regular;\">Arriba a Barcelona el primer festival de m\u00fasica asi\u00e0tica a Europa. BubblePop \u00e9s el nom de l&#8217;esdeveniment que se celebrar\u00e0 l&#8217;1 i 2 de juliol a la Fira de Barcelona a Montju\u00efc, on podreu gaudir d&#8217;una \u00e0mplia oferta cultural i gastron\u00f2mica, fent un homenatge a la cultura de l&#8217;extrem orient. LeeHi, Rei Ami, Superorganism, Junny i Macross 82-99 s\u00f3n alguns dels artistes confirmats fins ara.<br \/>\n<\/span><\/p>\n<\/div><\/section><\/div><div style='padding-bottom:15px; color:#000000;font-size:40px;' class='av-special-heading av-special-heading-h1 custom-color-heading blockquote modern-quote modern-centered  avia-builder-el-32  el_after_av_four_fifth  el_before_av_slideshow   av-inherit-size '><h1 class='av-special-heading-tag '  itemprop=\"headline\"  >Guitar BCN 23<\/h1><div class='special-heading-border'><div class='special-heading-inner-border' style='border-color:#000000'><\/div><\/div><\/div><\/p>\n<div  data-size='featured'  data-lightbox_size='large'  data-animation='slide'  data-conditional_play=''  data-ids='6776'  data-video_counter='0'  data-autoplay='false'  data-bg_slider='false'  data-slide_height=''  data-handle='av_slideshow'  data-interval='5'  data-class=' avia-builder-el-33  el_after_av_heading  el_before_av_one_third   '  data-css_id=''  data-scroll_down=''  data-control_layout='av-control-default'  data-custom_markup=''  data-perma_caption='aviaTBperma_caption'  data-autoplay_stopper=''  data-image_attachment=''  data-min_height='0px'  data-default-height='28.666666666667'  class='avia-slideshow avia-slideshow-6  av-control-default av-default-height-applied avia-slideshow-featured av_slideshow  avia-builder-el-33  el_after_av_heading  el_before_av_one_third    avia-slide-slider '  itemprop=\"image\" itemscope=\"itemscope\" itemtype=\"https:\/\/schema.org\/ImageObject\" ><ul class='avia-slideshow-inner ' style='padding-bottom: 57.333333333333%;' ><li  class=' av-single-slide slide-1 ' ><div data-rel='slideshow-6' class='avia-slide-wrap '   ><img src='https:\/\/bacusevents.com\/wp-content\/uploads\/2023\/06\/BacusEvents-news-eventos-festivales-guitarbcn2023-750x430.jpg' width='750' height='430' title='BacusEvents-news-eventos-festivales-guitarbcn2023' alt=''  itemprop=\"thumbnailUrl\"   \/><\/div><\/li><\/ul><\/div>\n<div class=\"flex_column av_one_third  flex_column_div av-zero-column-padding first  avia-builder-el-34  el_after_av_slideshow  el_before_av_two_third  \" style='border-radius:0px; '><section class=\"av_textblock_section \"  itemscope=\"itemscope\" itemtype=\"https:\/\/schema.org\/BlogPosting\" itemprop=\"blogPost\" ><div class='avia_textblock  '   itemprop=\"text\" ><p><span style=\"font-family: graphik-regular;\">Direcci\u00f3<\/span><br \/>\n<span style=\"font-family: graphik-regular;\">Gran Teatre del Liceu<\/span><br \/>\n<span style=\"font-family: graphik-regular;\">La Rambla, 51-59<\/span><br \/>\n<span style=\"font-family: graphik-regular;\">El Raval<\/span><br \/>\n<span style=\"font-family: graphik-regular;\">Barcelona<\/span><br \/>\n<span style=\"font-family: graphik-regular;\">08002<\/span><br \/>\n<span style=\"font-family: graphik-regular;\">Transport<\/span><br \/>\n<span style=\"font-family: graphik-regular;\">Liceu (M: L3)<\/span><br \/>\n<span style=\"font-family: graphik-regular;\">Dates: 1 i 3 de juny<\/span><\/p>\n<\/div><\/section><\/div><div class=\"flex_column av_two_third  flex_column_div av-zero-column-padding   avia-builder-el-36  el_after_av_one_third  el_before_av_heading  \" style='border-radius:0px; '><section class=\"av_textblock_section \"  itemscope=\"itemscope\" itemtype=\"https:\/\/schema.org\/BlogPosting\" itemprop=\"blogPost\" ><div class='avia_textblock  '   itemprop=\"text\" ><p><span style=\"font-family: graphik-regular;\">Ja fa temps que van deixar de comptar les edicions, per\u00f2 aquesta \u00e9s la 34, gaireb\u00e9 res. El del 2023 \u00e9s, per tant, el 34\u00e8 Guitar BCN, que inaugura aquest 27 de gener Passi\u00f3 Vega al Palau de la M\u00fasica i que tancar\u00e0 Andr\u00e9s Calamaro el 3 de juny al Gran Teatre del Liceu. Pel mig, una quarantena de concerts a diverses sales de Barcelona com els de Kevin Johansen, Christina Rosenvinge, N\u00faria Graham i Els Amics de les Arts, entre molts altres.<\/span><\/p>\n<\/div><\/section><\/div><div style='padding-bottom:15px; color:#000000;font-size:40px;' class='av-special-heading av-special-heading-h1 custom-color-heading blockquote modern-quote modern-centered  avia-builder-el-38  el_after_av_two_third  el_before_av_slideshow   av-inherit-size '><h1 class='av-special-heading-tag '  itemprop=\"headline\"  >Canet Rock 2023<\/h1><div class='special-heading-border'><div class='special-heading-inner-border' style='border-color:#000000'><\/div><\/div><\/div><\/p>\n<div  data-size='featured'  data-lightbox_size='large'  data-animation='slide'  data-conditional_play=''  data-ids='6777'  data-video_counter='0'  data-autoplay='false'  data-bg_slider='false'  data-slide_height=''  data-handle='av_slideshow'  data-interval='5'  data-class=' avia-builder-el-39  el_after_av_heading  el_before_av_one_fourth   '  data-css_id=''  data-scroll_down=''  data-control_layout='av-control-default'  data-custom_markup=''  data-perma_caption='aviaTBperma_caption'  data-autoplay_stopper=''  data-image_attachment=''  data-min_height='0px'  data-default-height='28.666666666667'  class='avia-slideshow avia-slideshow-7  av-control-default av-default-height-applied avia-slideshow-featured av_slideshow  avia-builder-el-39  el_after_av_heading  el_before_av_one_fourth    avia-slide-slider '  itemprop=\"image\" itemscope=\"itemscope\" itemtype=\"https:\/\/schema.org\/ImageObject\" ><ul class='avia-slideshow-inner ' style='padding-bottom: 57.333333333333%;' ><li  class=' av-single-slide slide-1 ' ><div data-rel='slideshow-7' class='avia-slide-wrap '   ><img src='https:\/\/bacusevents.com\/wp-content\/uploads\/2023\/06\/BacusEvents-news-eventos-festivales-canetrock2023-750x430.jpg' width='750' height='430' title='BacusEvents-news-eventos-festivales-canetrock2023' alt=''  itemprop=\"thumbnailUrl\"   \/><\/div><\/li><\/ul><\/div>\n<div class=\"flex_column av_one_fourth  flex_column_div av-zero-column-padding first  avia-builder-el-40  el_after_av_slideshow  el_before_av_three_fourth  \" style='border-radius:0px; '><section class=\"av_textblock_section \"  itemscope=\"itemscope\" itemtype=\"https:\/\/schema.org\/BlogPosting\" itemprop=\"blogPost\" ><div class='avia_textblock  '   itemprop=\"text\" ><p><span style=\"font-family: graphik-regular;\">Direcci\u00f3<\/span><br \/>\n<span style=\"font-family: graphik-regular;\">Canet de Mar<\/span><br \/>\n<span style=\"font-family: graphik-regular;\">Via Canetumm<\/span><br \/>\n<span style=\"font-family: graphik-regular;\">Canet de Mar<\/span><br \/>\n<span style=\"font-family: graphik-regular;\">Hores d&#8217;obertura<\/span><br \/>\n<span style=\"font-family: graphik-regular;\">17 h<\/span><br \/>\n<span style=\"font-family: graphik-regular;\">Dates: 1 i 2 de juliol<\/span><\/p>\n<\/div><\/section><\/div><div class=\"flex_column av_three_fourth  flex_column_div av-zero-column-padding   avia-builder-el-42  el_after_av_one_fourth  el_before_av_heading  \" style='border-radius:0px; '><section class=\"av_textblock_section \"  itemscope=\"itemscope\" itemtype=\"https:\/\/schema.org\/BlogPosting\" itemprop=\"blogPost\" ><div class='avia_textblock  '   itemprop=\"text\" ><p><span style=\"font-family: graphik-regular;\">Els fans de la m\u00fasica catalana podran tornar a veure sortir el sol la matinada del 2 de juliol a Canet de Mar. Aquest any hi ha diversos artistes que repeteixen del darrer any com Stay Homas, Miquel del Roig i Suu, a m\u00e9s dels que ja s\u00f3n cl\u00e0ssics del festival com Els Catarres i Buhos, i noves incorporacions com Joan Daus\u00e0, The Tyets i 31 FAM.<\/span><\/p>\n<\/div><\/section><\/div><div style='padding-bottom:15px; color:#000000;font-size:40px;' class='av-special-heading av-special-heading-h1 custom-color-heading blockquote modern-quote modern-centered  avia-builder-el-44  el_after_av_three_fourth  el_before_av_slideshow   av-inherit-size '><h1 class='av-special-heading-tag '  itemprop=\"headline\"  >Festival Cru\u00eflla 2023<\/h1><div class='special-heading-border'><div class='special-heading-inner-border' style='border-color:#000000'><\/div><\/div><\/div><\/p>\n<div  data-size='featured'  data-lightbox_size='large'  data-animation='slide'  data-conditional_play=''  data-ids='6778'  data-video_counter='0'  data-autoplay='false'  data-bg_slider='false'  data-slide_height=''  data-handle='av_slideshow'  data-interval='5'  data-class=' avia-builder-el-45  el_after_av_heading  el_before_av_one_third   '  data-css_id=''  data-scroll_down=''  data-control_layout='av-control-default'  data-custom_markup=''  data-perma_caption='aviaTBperma_caption'  data-autoplay_stopper=''  data-image_attachment=''  data-min_height='0px'  data-default-height='28.666666666667'  class='avia-slideshow avia-slideshow-8  av-control-default av-default-height-applied avia-slideshow-featured av_slideshow  avia-builder-el-45  el_after_av_heading  el_before_av_one_third    avia-slide-slider '  itemprop=\"image\" itemscope=\"itemscope\" itemtype=\"https:\/\/schema.org\/ImageObject\" ><ul class='avia-slideshow-inner ' style='padding-bottom: 57.333333333333%;' ><li  class=' av-single-slide slide-1 ' ><div data-rel='slideshow-8' class='avia-slide-wrap '   ><img src='https:\/\/bacusevents.com\/wp-content\/uploads\/2023\/06\/BacusEvents-news-eventos-festivales-festivalCruilla2023-750x430.jpg' width='750' height='430' title='BacusEvents-news-eventos-festivales-festivalCru\u00eflla2023' alt=''  itemprop=\"thumbnailUrl\"   \/><\/div><\/li><\/ul><\/div>\n<div class=\"flex_column av_one_third  flex_column_div av-zero-column-padding first  avia-builder-el-46  el_after_av_slideshow  el_before_av_two_third  \" style='border-radius:0px; '><section class=\"av_textblock_section \"  itemscope=\"itemscope\" itemtype=\"https:\/\/schema.org\/BlogPosting\" itemprop=\"blogPost\" ><div class='avia_textblock  '   itemprop=\"text\" ><p><span style=\"font-family: graphik-regular;\">Direcci\u00f3<\/span><br \/>\n<span style=\"font-family: graphik-regular;\">Parc del F\u00f2rum<\/span><br \/>\n<span style=\"font-family: graphik-regular;\">Edifici F\u00f2rum, Pla\u00e7a de Llevant<\/span><br \/>\n<span style=\"font-family: graphik-regular;\">Sant Mart\u00ed<\/span><br \/>\n<span style=\"font-family: graphik-regular;\">Barcelona<\/span><br \/>\n<span style=\"font-family: graphik-regular;\">Transport<\/span><br \/>\n<span style=\"font-family: graphik-regular;\">El Maresme\/F\u00f2rum (M: L4)<\/span><br \/>\n<span style=\"font-family: graphik-regular;\">Dates: de 5 a 8 de juliol<\/span><\/p>\n<\/div><\/section><\/div><div class=\"flex_column av_two_third  flex_column_div av-zero-column-padding   avia-builder-el-48  el_after_av_one_third  el_before_av_heading  \" style='border-radius:0px; '><section class=\"av_textblock_section \"  itemscope=\"itemscope\" itemtype=\"https:\/\/schema.org\/BlogPosting\" itemprop=\"blogPost\" ><div class='avia_textblock  '   itemprop=\"text\" ><p><span style=\"font-family: graphik-regular;\">La nova edici\u00f3 del festival Cru\u00eflla se celebra al Parc del F\u00f2rum del 5 al 8 de juliol del 2023, amb caps de cartell com Franz Ferdinand, Sigur R\u00f3s, Placebo i Ant\u00f2nia Font, que tornen al festival despr\u00e9s de dotze anys. I, com ja \u00e9s habitual els darrers anys, una programaci\u00f3 paral\u00b7lela de com\u00e8dia i altres manifestacions art\u00edstiques que tenen a veure amb com la il\u00b7lustraci\u00f3, el disseny gr\u00e0fic, la dansa, la fotografia, graffiti, art digital i escenografia.<\/span><\/p>\n<\/div><\/section><\/div><div style='padding-bottom:15px; color:#000000;font-size:40px;' class='av-special-heading av-special-heading-h1 custom-color-heading blockquote modern-quote modern-centered  avia-builder-el-50  el_after_av_two_third  el_before_av_slideshow   av-inherit-size '><h1 class='av-special-heading-tag '  itemprop=\"headline\"  >\u00c0nima &#8211; Festival Jardins Pedralbes<\/h1><div class='special-heading-border'><div class='special-heading-inner-border' style='border-color:#000000'><\/div><\/div><\/div><\/p>\n<div  data-size='featured'  data-lightbox_size='large'  data-animation='slide'  data-conditional_play=''  data-ids='6779'  data-video_counter='0'  data-autoplay='false'  data-bg_slider='false'  data-slide_height=''  data-handle='av_slideshow'  data-interval='5'  data-class=' avia-builder-el-51  el_after_av_heading  el_before_av_one_fourth   '  data-css_id=''  data-scroll_down=''  data-control_layout='av-control-default'  data-custom_markup=''  data-perma_caption='aviaTBperma_caption'  data-autoplay_stopper=''  data-image_attachment=''  data-min_height='0px'  data-default-height='28.666666666667'  class='avia-slideshow avia-slideshow-9  av-control-default av-default-height-applied avia-slideshow-featured av_slideshow  avia-builder-el-51  el_after_av_heading  el_before_av_one_fourth    avia-slide-slider '  itemprop=\"image\" itemscope=\"itemscope\" itemtype=\"https:\/\/schema.org\/ImageObject\" ><ul class='avia-slideshow-inner ' style='padding-bottom: 57.333333333333%;' ><li  class=' av-single-slide slide-1 ' ><div data-rel='slideshow-9' class='avia-slide-wrap '   ><img src='https:\/\/bacusevents.com\/wp-content\/uploads\/2023\/06\/BacusEvents-news-eventos-festivales-festival-jardinsdepedralbes023-750x430.jpg' width='750' height='430' title='BacusEvents-news-eventos-festivales-festival jardinsdepedralbes023' alt=''  itemprop=\"thumbnailUrl\"   \/><\/div><\/li><\/ul><\/div>\n<div class=\"flex_column av_one_fourth  flex_column_div av-zero-column-padding first  avia-builder-el-52  el_after_av_slideshow  el_before_av_three_fourth  \" style='border-radius:0px; '><section class=\"av_textblock_section \"  itemscope=\"itemscope\" itemtype=\"https:\/\/schema.org\/BlogPosting\" itemprop=\"blogPost\" ><div class='avia_textblock  '   itemprop=\"text\" ><p><span style=\"font-family: graphik-regular;\">Direcci\u00f3<\/span><br \/>\n<span style=\"font-family: graphik-regular;\">Palau Reial de Pedralbes<\/span><br \/>\n<span style=\"font-family: graphik-regular;\">Dates: del 10 al 27 de juliol<\/span><\/p>\n<\/div><\/section><\/div><div class=\"flex_column av_three_fourth  flex_column_div av-zero-column-padding   avia-builder-el-54  el_after_av_one_fourth  el_before_av_heading  \" style='border-radius:0px; '><section class=\"av_textblock_section \"  itemscope=\"itemscope\" itemtype=\"https:\/\/schema.org\/BlogPosting\" itemprop=\"blogPost\" ><div class='avia_textblock  '   itemprop=\"text\" ><p><span style=\"font-family: graphik-regular;\">Chris Isaak, Fito P\u00e1ez, Zahara, Gustavo Santaolalla \u2013que signa la banda sonora de &#8216;The last of us&#8217;\u2013 i Soft Cell s\u00f3n alguns dels artistes que ha confirmat l&#8217;antic festival Jardins de Pedralbes, que seria la seva onzena edici\u00f3 passa a dir-se Alma &#8211; Festival Jardins de Pedralbes despr\u00e9s d&#8217;haver hagut de traslladar-se al Poble Espanyol. Del 10 al 27 de juliol del 2023.<\/span><\/p>\n<\/div><\/section><\/div><div style='padding-bottom:15px; color:#000000;font-size:40px;' class='av-special-heading av-special-heading-h1 custom-color-heading blockquote modern-quote modern-centered  avia-builder-el-56  el_after_av_three_fourth  el_before_av_slideshow   av-inherit-size '><h1 class='av-special-heading-tag '  itemprop=\"headline\"  >Reggaeton Beach Festival 2023<\/h1><div class='special-heading-border'><div class='special-heading-inner-border' style='border-color:#000000'><\/div><\/div><\/div><\/p>\n<div  data-size='featured'  data-lightbox_size='large'  data-animation='slide'  data-conditional_play=''  data-ids='6780'  data-video_counter='0'  data-autoplay='false'  data-bg_slider='false'  data-slide_height=''  data-handle='av_slideshow'  data-interval='5'  data-class=' avia-builder-el-57  el_after_av_heading  el_before_av_one_fourth   '  data-css_id=''  data-scroll_down=''  data-control_layout='av-control-default'  data-custom_markup=''  data-perma_caption='aviaTBperma_caption'  data-autoplay_stopper=''  data-image_attachment=''  data-min_height='0px'  data-default-height='28.666666666667'  class='avia-slideshow avia-slideshow-10  av-control-default av-default-height-applied avia-slideshow-featured av_slideshow  avia-builder-el-57  el_after_av_heading  el_before_av_one_fourth    avia-slide-slider '  itemprop=\"image\" itemscope=\"itemscope\" itemtype=\"https:\/\/schema.org\/ImageObject\" ><ul class='avia-slideshow-inner ' style='padding-bottom: 57.333333333333%;' ><li  class=' av-single-slide slide-1 ' ><div data-rel='slideshow-10' class='avia-slide-wrap '   ><img src='https:\/\/bacusevents.com\/wp-content\/uploads\/2023\/06\/BacusEvents-news-eventos-festivales-reggaetonbeachfestival2023-750x430.png' width='750' height='430' title='BacusEvents-news-eventos-festivales-reggaetonbeachfestival2023' alt=''  itemprop=\"thumbnailUrl\"   \/><\/div><\/li><\/ul><\/div>\n<div class=\"flex_column av_one_fourth  flex_column_div av-zero-column-padding first  avia-builder-el-58  el_after_av_slideshow  el_before_av_three_fourth  \" style='border-radius:0px; '><section class=\"av_textblock_section \"  itemscope=\"itemscope\" itemtype=\"https:\/\/schema.org\/BlogPosting\" itemprop=\"blogPost\" ><div class='avia_textblock  '   itemprop=\"text\" ><p><span style=\"font-family: graphik-regular;\">Direcci\u00f3<\/span><br \/>\n<span style=\"font-family: graphik-regular;\">Platja del F\u00f2rum<\/span><br \/>\n<span style=\"font-family: graphik-regular;\">Parc de la Pau, s\/n<\/span><br \/>\n<span style=\"font-family: graphik-regular;\">Sant Adri\u00e0 de Bes\u00f2s<\/span><br \/>\n<span style=\"font-family: graphik-regular;\">08930<\/span><br \/>\n<span style=\"font-family: graphik-regular;\">Dates: 22 i 23 de juliol<\/span><\/p>\n<\/div><\/section><\/div><div class=\"flex_column av_three_fourth  flex_column_div av-zero-column-padding   avia-builder-el-60  el_after_av_one_fourth  el_before_av_heading  \" style='border-radius:0px; '><section class=\"av_textblock_section \"  itemscope=\"itemscope\" itemtype=\"https:\/\/schema.org\/BlogPosting\" itemprop=\"blogPost\" ><div class='avia_textblock  '   itemprop=\"text\" ><p><span style=\"font-family: graphik-regular;\">Si penses a l&#8217;estiu i tens ganes de sol, festa i, sobretot, m\u00fasica molta, aquest \u00e9s el teu festival. Per cinqu\u00e8 any consecutiu, torna a Barcelona el Reggaeton Beach Festival i aquest any se celebra els dies 22 i 23 de juliol. La Platja del F\u00f2rum acull un cap de setmana de festa per gaudir dels cantants que m\u00e9s el peten a les llistes de m\u00fasica urbana. De moment, estan confirmats Ozuna, Sech, Eladio Carri\u00f3n i Arc\u00e1ngel.<\/span><\/p>\n<\/div><\/section><\/div><div style='padding-bottom:15px; color:#000000;font-size:40px;' class='av-special-heading av-special-heading-h1 custom-color-heading blockquote modern-quote modern-centered  avia-builder-el-62  el_after_av_three_fourth  el_before_av_slideshow   av-inherit-size '><h1 class='av-special-heading-tag '  itemprop=\"headline\"  >Festival de la Porta Ferrada<\/h1><div class='special-heading-border'><div class='special-heading-inner-border' style='border-color:#000000'><\/div><\/div><\/div><\/p>\n<div  data-size='featured'  data-lightbox_size='large'  data-animation='slide'  data-conditional_play=''  data-ids='6781'  data-video_counter='0'  data-autoplay='false'  data-bg_slider='false'  data-slide_height=''  data-handle='av_slideshow'  data-interval='5'  data-class=' avia-builder-el-63  el_after_av_heading  el_before_av_one_fourth   '  data-css_id=''  data-scroll_down=''  data-control_layout='av-control-default'  data-custom_markup=''  data-perma_caption='aviaTBperma_caption'  data-autoplay_stopper=''  data-image_attachment=''  data-min_height='0px'  data-default-height='28.666666666667'  class='avia-slideshow avia-slideshow-11  av-control-default av-default-height-applied avia-slideshow-featured av_slideshow  avia-builder-el-63  el_after_av_heading  el_before_av_one_fourth    avia-slide-slider '  itemprop=\"image\" itemscope=\"itemscope\" itemtype=\"https:\/\/schema.org\/ImageObject\" ><ul class='avia-slideshow-inner ' style='padding-bottom: 57.333333333333%;' ><li  class=' av-single-slide slide-1 ' ><div data-rel='slideshow-11' class='avia-slide-wrap '   ><img src='https:\/\/bacusevents.com\/wp-content\/uploads\/2023\/06\/BacusEvents-news-eventos-festivales-festivaldelapuertaferrada2023-750x430.png' width='750' height='430' title='BacusEvents-news-eventos-festivales-festivaldelapuertaferrada2023' alt=''  itemprop=\"thumbnailUrl\"   \/><\/div><\/li><\/ul><\/div>\n<div class=\"flex_column av_one_fourth  flex_column_div av-zero-column-padding first  avia-builder-el-64  el_after_av_slideshow  el_before_av_three_fourth  \" style='border-radius:0px; '><section class=\"av_textblock_section \"  itemscope=\"itemscope\" itemtype=\"https:\/\/schema.org\/BlogPosting\" itemprop=\"blogPost\" ><div class='avia_textblock  '   itemprop=\"text\" ><p><span style=\"font-family: graphik-regular;\">Direcci\u00f3<\/span><br \/>\n<span style=\"font-family: graphik-regular;\">Sant Feliu de Gu\u00edxols<\/span><br \/>\n<span style=\"font-family: graphik-regular;\">Dates: juliol i agost<\/span><\/p>\n<\/div><\/section><\/div><div class=\"flex_column av_three_fourth  flex_column_div av-zero-column-padding   avia-builder-el-66  el_after_av_one_fourth  el_before_av_heading  \" style='border-radius:0px; '><section class=\"av_textblock_section \"  itemscope=\"itemscope\" itemtype=\"https:\/\/schema.org\/BlogPosting\" itemprop=\"blogPost\" ><div class='avia_textblock  '   itemprop=\"text\" ><p><span style=\"font-family: graphik-regular;\">El Festival de la Porta Ferrada, el deg\u00e0 dels festivals a Catalunya i un dels cl\u00e0ssics de l&#8217;estiu a la Costa Brava, celebra la que ja \u00e9s la seva 61a edici\u00f3 durant els mesos de juliol i agost a Sant Feliu de Gu\u00edxols, amb grans figures internacionals i d&#8217;aqu\u00ed com Wilco, Ben Harper &amp; the Innocent Criminals, Xavier Rudd, Ludovic Einaudi, Blaumut, Nena Pastori i Jorge Drexler, entre d&#8217;altres.<\/span><\/p>\n<\/div><\/section><\/div><div style='padding-bottom:15px; color:#000000;font-size:40px;' class='av-special-heading av-special-heading-h1 custom-color-heading blockquote modern-quote modern-centered  avia-builder-el-68  el_after_av_three_fourth  el_before_av_slideshow   av-inherit-size '><h1 class='av-special-heading-tag '  itemprop=\"headline\"  >Cap Roig Festival<\/h1><div class='special-heading-border'><div class='special-heading-inner-border' style='border-color:#000000'><\/div><\/div><\/div><\/p>\n<div  data-size='featured'  data-lightbox_size='large'  data-animation='slide'  data-conditional_play=''  data-ids='6782'  data-video_counter='0'  data-autoplay='false'  data-bg_slider='false'  data-slide_height=''  data-handle='av_slideshow'  data-interval='5'  data-class=' avia-builder-el-69  el_after_av_heading  el_before_av_one_fifth   '  data-css_id=''  data-scroll_down=''  data-control_layout='av-control-default'  data-custom_markup=''  data-perma_caption='aviaTBperma_caption'  data-autoplay_stopper=''  data-image_attachment=''  data-min_height='0px'  data-default-height='28.666666666667'  class='avia-slideshow avia-slideshow-12  av-control-default av-default-height-applied avia-slideshow-featured av_slideshow  avia-builder-el-69  el_after_av_heading  el_before_av_one_fifth    avia-slide-slider '  itemprop=\"image\" itemscope=\"itemscope\" itemtype=\"https:\/\/schema.org\/ImageObject\" ><ul class='avia-slideshow-inner ' style='padding-bottom: 57.333333333333%;' ><li  class=' av-single-slide slide-1 ' ><div data-rel='slideshow-12' class='avia-slide-wrap '   ><img src='https:\/\/bacusevents.com\/wp-content\/uploads\/2023\/06\/BacusEvents-news-eventos-festivales-caproigfestival023-750x430.jpg' width='750' height='430' title='BacusEvents-news-eventos-festivales-caproigfestival023' alt=''  itemprop=\"thumbnailUrl\"   \/><\/div><\/li><\/ul><\/div>\n<div class=\"flex_column av_one_fifth  flex_column_div av-zero-column-padding first  avia-builder-el-70  el_after_av_slideshow  el_before_av_four_fifth  \" style='border-radius:0px; '><section class=\"av_textblock_section \"  itemscope=\"itemscope\" itemtype=\"https:\/\/schema.org\/BlogPosting\" itemprop=\"blogPost\" ><div class='avia_textblock  '   itemprop=\"text\" ><p><span style=\"font-family: graphik-regular;\">Direcci\u00f3<\/span><\/p>\n<p><span style=\"font-family: graphik-regular;\">Cap Roig<\/span><br \/>\n<span style=\"font-family: graphik-regular;\">  Dates: de 14 juliol a 19 agost<\/span><\/p>\n<\/div><\/section><\/div><div class=\"flex_column av_four_fifth  flex_column_div av-zero-column-padding   avia-builder-el-72  el_after_av_one_fifth  el_before_av_heading  \" style='border-radius:0px; '><section class=\"av_textblock_section \"  itemscope=\"itemscope\" itemtype=\"https:\/\/schema.org\/BlogPosting\" itemprop=\"blogPost\" ><div class='avia_textblock  '   itemprop=\"text\" ><p><span style=\"font-family: graphik-regular;\">Del 14 de juliol al 19 d&#8217;agost, t\u00e9 lloc la vint-i-tresena edici\u00f3 del Cap Roig Festival, un dels festivals d&#8217;estiu per excel\u00b7l\u00e8ncia a l&#8217;Empord\u00e0 que, com sempre, porta als jardins de Cap Roig, a Calella de Palafrugell, amb un grapat d&#8217;estrelles internacionals i tamb\u00e9 del pa\u00eds. Aquest any, destaquen al cartell noms com Rod Stewart, Norah Jones, Simply Red, Sebasti\u00e0 Yatra, Juan Diego Fl\u00f3rez, Ara Malikian, Stay Homes, Els Amics de les Arts, Damien Rice, Silvia P\u00e9rez Cruz i Els Catarres.<\/span><\/p>\n<\/div><\/section><\/div><div style='padding-bottom:15px; color:#000000;font-size:40px;' class='av-special-heading av-special-heading-h1 custom-color-heading blockquote modern-quote modern-centered  avia-builder-el-74  el_after_av_four_fifth  el_before_av_slideshow   av-inherit-size '><h1 class='av-special-heading-tag '  itemprop=\"headline\"  >20 mes i mes Festival<\/h1><div class='special-heading-border'><div class='special-heading-inner-border' style='border-color:#000000'><\/div><\/div><\/div><\/p>\n<div  data-size='featured'  data-lightbox_size='large'  data-animation='slide'  data-conditional_play=''  data-ids='6783'  data-video_counter='0'  data-autoplay='false'  data-bg_slider='false'  data-slide_height=''  data-handle='av_slideshow'  data-interval='5'  data-class=' avia-builder-el-75  el_after_av_heading  el_before_av_one_fourth   '  data-css_id=''  data-scroll_down=''  data-control_layout='av-control-default'  data-custom_markup=''  data-perma_caption='aviaTBperma_caption'  data-autoplay_stopper=''  data-image_attachment=''  data-min_height='0px'  data-default-height='28.666666666667'  class='avia-slideshow avia-slideshow-13  av-control-default av-default-height-applied avia-slideshow-featured av_slideshow  avia-builder-el-75  el_after_av_heading  el_before_av_one_fourth    avia-slide-slider '  itemprop=\"image\" itemscope=\"itemscope\" itemtype=\"https:\/\/schema.org\/ImageObject\" ><ul class='avia-slideshow-inner ' style='padding-bottom: 57.333333333333%;' ><li  class=' av-single-slide slide-1 ' ><div data-rel='slideshow-13' class='avia-slide-wrap '   ><img src='https:\/\/bacusevents.com\/wp-content\/uploads\/2023\/06\/BacusEvents-news-eventos-festivales-20masimasfestival023-750x430.jpg' width='750' height='430' title='BacusEvents-news-eventos-festivales-20masimasfestival023' alt=''  itemprop=\"thumbnailUrl\"   \/><\/div><\/li><\/ul><\/div>\n<div class=\"flex_column av_one_fourth  flex_column_div av-zero-column-padding first  avia-builder-el-76  el_after_av_slideshow  el_before_av_three_fourth  \" style='border-radius:0px; '><section class=\"av_textblock_section \"  itemscope=\"itemscope\" itemtype=\"https:\/\/schema.org\/BlogPosting\" itemprop=\"blogPost\" ><div class='avia_textblock  '   itemprop=\"text\" ><p><span style=\"font-family: graphik-regular;\">ubicacions: Jamboree, Tarantos (o Sala 2), Moog i la flamant Sala 3\u2014, i al Palau de la M\u00fasica i Paral\u00b7lel 62<\/span><br \/>\n<span style=\"font-family: graphik-regular;\">Dates: repartides entre el 27 de juliol i el 2 de setembre<\/span><\/p>\n<\/div><\/section><\/div><div class=\"flex_column av_three_fourth  flex_column_div av-zero-column-padding   avia-builder-el-78  el_after_av_one_fourth  el_before_av_heading  \" style='border-radius:0px; '><section class=\"av_textblock_section \"  itemscope=\"itemscope\" itemtype=\"https:\/\/schema.org\/BlogPosting\" itemprop=\"blogPost\" ><div class='avia_textblock  '   itemprop=\"text\" ><p><span style=\"font-family: graphik-regular;\">El Mas i Mas Festival, el festival que omple de m\u00fasica les nits d&#8217;agost a Barcelona, \u200b\u200bcelebra el vint\u00e8 aniversari amb 162 actuacions a diversos espais com el Jamboree, el Tarantos\/Sala 2, la nova Sala 3 del Jamboree, i tamb\u00e9 al Palau de la M\u00fasica ia Paral\u00b7lel 62. Com sempre, el jazz \u00e9s un punt fort del festival, amb noms com Jerry Bergonzi, Bill Xarlap, Michael Kanan, Jordi Rosssy i molts altres, per\u00f2 tamb\u00e9 destaquen formacions com Hip Horns Brass Collective i la programaci\u00f3 en homenatge als 50 anys de la sala Zeleste i la m\u00fasica laietana, com el tribut al guitarrista Jordi Bonell que servir\u00e0 de cloenda.<\/span><\/p>\n<\/div><\/section><\/div><div style='padding-bottom:15px; color:#000000;font-size:40px;' class='av-special-heading av-special-heading-h1 custom-color-heading blockquote modern-quote modern-centered  avia-builder-el-80  el_after_av_three_fourth  el_before_av_slideshow   av-inherit-size '><h1 class='av-special-heading-tag '  itemprop=\"headline\"  >Brunch Electronik Festival 2023<\/h1><div class='special-heading-border'><div class='special-heading-inner-border' style='border-color:#000000'><\/div><\/div><\/div><\/p>\n<div  data-size='featured'  data-lightbox_size='large'  data-animation='slide'  data-conditional_play=''  data-ids='6784'  data-video_counter='0'  data-autoplay='false'  data-bg_slider='false'  data-slide_height=''  data-handle='av_slideshow'  data-interval='5'  data-class=' avia-builder-el-81  el_after_av_heading  el_before_av_one_fourth   '  data-css_id=''  data-scroll_down=''  data-control_layout='av-control-default'  data-custom_markup=''  data-perma_caption='aviaTBperma_caption'  data-autoplay_stopper=''  data-image_attachment=''  data-min_height='0px'  data-default-height='28.666666666667'  class='avia-slideshow avia-slideshow-14  av-control-default av-default-height-applied avia-slideshow-featured av_slideshow  avia-builder-el-81  el_after_av_heading  el_before_av_one_fourth    avia-slide-slider '  itemprop=\"image\" itemscope=\"itemscope\" itemtype=\"https:\/\/schema.org\/ImageObject\" ><ul class='avia-slideshow-inner ' style='padding-bottom: 57.333333333333%;' ><li  class=' av-single-slide slide-1 ' ><div data-rel='slideshow-14' class='avia-slide-wrap '   ><img src='https:\/\/bacusevents.com\/wp-content\/uploads\/2023\/06\/BacusEvents-news-eventos-festivales-BrunchElectronikfestival023-750x430.jpg' width='750' height='430' title='BacusEvents-news-eventos-festivales-BrunchElectronikfestival023' alt=''  itemprop=\"thumbnailUrl\"   \/><\/div><\/li><\/ul><\/div>\n<div class=\"flex_column av_one_fourth  flex_column_div av-zero-column-padding first  avia-builder-el-82  el_after_av_slideshow  el_before_av_three_fourth  \" style='border-radius:0px; '><section class=\"av_textblock_section \"  itemscope=\"itemscope\" itemtype=\"https:\/\/schema.org\/BlogPosting\" itemprop=\"blogPost\" ><div class='avia_textblock  '   itemprop=\"text\" ><p><span style=\"font-family: graphik-regular;\">Direcci\u00f3<\/span><br \/>\n<span style=\"font-family: graphik-regular;\">Parc del F\u00f2rum<\/span><br \/>\n<span style=\"font-family: graphik-regular;\">Edifici F\u00f2rum, Pla\u00e7a de Llevant<\/span><br \/>\n<span style=\"font-family: graphik-regular;\">Sant Mart\u00ed<\/span><br \/>\n<span style=\"font-family: graphik-regular;\">Barcelona<\/span><br \/>\n<span style=\"font-family: graphik-regular;\">Transport<\/span><br \/>\n<span style=\"font-family: graphik-regular;\">El Maresme\/F\u00f2rum (M: L4)<\/span><br \/>\n<span style=\"font-family: graphik-regular;\">Dates: de l&#8217;11 al 13 agost<\/span><\/p>\n<\/div><\/section><\/div><div class=\"flex_column av_three_fourth  flex_column_div av-zero-column-padding   avia-builder-el-84  el_after_av_one_fourth  el_before_av_heading  \" style='border-radius:0px; '><section class=\"av_textblock_section \"  itemscope=\"itemscope\" itemtype=\"https:\/\/schema.org\/BlogPosting\" itemprop=\"blogPost\" ><div class='avia_textblock  '   itemprop=\"text\" ><p><span style=\"font-family: graphik-regular;\">Els amants de la m\u00fasica electr\u00f2nica a la llum del dia estan enhorabona. Brunch Electronik celebra aquest any el seu festival en tres jornades de l&#8217;11 al 13 d&#8217;agost, dues al Parc del F\u00f2rum i una als Jardins Joan Brossa de Montju\u00efc. I ho fa amb un cartell de luxe: pesos pesants de l&#8217;electr\u00f2nica com Jeff Mills, Marco Carola, Nina Kraviz, Carl Cox i Underworld, i grups m\u00e9s pop com Hot Chip i Playback Maracas encap\u00e7alen un cartell pensat per ballar des de les 3 de la tarda fins a les 3 de la matinada.<\/span><\/p>\n<\/div><\/section><\/div><div style='padding-bottom:15px; color:#000000;font-size:40px;' class='av-special-heading av-special-heading-h1 custom-color-heading blockquote modern-quote modern-centered  avia-builder-el-86  el_after_av_three_fourth  el_before_av_slideshow   av-inherit-size '><h1 class='av-special-heading-tag '  itemprop=\"headline\"  >Voll-Damm Festival de Jazz de Barcelona<\/h1><div class='special-heading-border'><div class='special-heading-inner-border' style='border-color:#000000'><\/div><\/div><\/div><\/p>\n<div  data-size='featured'  data-lightbox_size='large'  data-animation='slide'  data-conditional_play=''  data-ids='6785'  data-video_counter='0'  data-autoplay='false'  data-bg_slider='false'  data-slide_height=''  data-handle='av_slideshow'  data-interval='5'  data-class=' avia-builder-el-87  el_after_av_heading  el_before_av_one_third   '  data-css_id=''  data-scroll_down=''  data-control_layout='av-control-default'  data-custom_markup=''  data-perma_caption='aviaTBperma_caption'  data-autoplay_stopper=''  data-image_attachment=''  data-min_height='0px'  data-default-height='28.666666666667'  class='avia-slideshow avia-slideshow-15  av-control-default av-default-height-applied avia-slideshow-featured av_slideshow  avia-builder-el-87  el_after_av_heading  el_before_av_one_third    avia-slide-slider '  itemprop=\"image\" itemscope=\"itemscope\" itemtype=\"https:\/\/schema.org\/ImageObject\" ><ul class='avia-slideshow-inner ' style='padding-bottom: 57.333333333333%;' ><li  class=' av-single-slide slide-1 ' ><div data-rel='slideshow-15' class='avia-slide-wrap '   ><img src='https:\/\/bacusevents.com\/wp-content\/uploads\/2023\/06\/BacusEvents-news-eventos-festivales-Voll-DammFestivaldeJazzdeBarcelona-festival2023-750x430.jpg' width='750' height='430' title='BacusEvents-news-eventos-festivales-Voll-DammFestivaldeJazzdeBarcelona-festival2023' alt=''  itemprop=\"thumbnailUrl\"   \/><\/div><\/li><\/ul><\/div>\n<div class=\"flex_column av_one_third  flex_column_div av-zero-column-padding first  avia-builder-el-88  el_after_av_slideshow  el_before_av_two_third  \" style='border-radius:0px; '><section class=\"av_textblock_section \"  itemscope=\"itemscope\" itemtype=\"https:\/\/schema.org\/BlogPosting\" itemprop=\"blogPost\" ><div class='avia_textblock  '   itemprop=\"text\" ><p><span style=\"font-family: graphik-regular;\">Direcci\u00f3<\/span><br \/>\n<span style=\"font-family: graphik-regular;\">Palau de la M\u00fasica Catalana<\/span><br \/>\n<span style=\"font-family: graphik-regular;\">Palau de la M\u00fasica, 4-6<\/span><br \/>\n<span style=\"font-family: graphik-regular;\">Ciutat Vella<\/span><br \/>\n<span style=\"font-family: graphik-regular;\">Barcelona<\/span><br \/>\n<span style=\"font-family: graphik-regular;\">08003<\/span><br \/>\n<span style=\"font-family: graphik-regular;\">Transport<\/span><br \/>\n<span style=\"font-family: graphik-regular;\">Urquinaona (M: L1, L4)<\/span><br \/>\n<span style=\"font-family: graphik-regular;\">Dates: del 2 al 24 de novembre<\/span><\/p>\n<\/div><\/section><\/div><div class=\"flex_column av_two_third  flex_column_div av-zero-column-padding   avia-builder-el-90  el_after_av_one_third  el_before_av_textblock  \" style='border-radius:0px; '><section class=\"av_textblock_section \"  itemscope=\"itemscope\" itemtype=\"https:\/\/schema.org\/BlogPosting\" itemprop=\"blogPost\" ><div class='avia_textblock  '   itemprop=\"text\" ><p><span style=\"font-family: graphik-regular;\">Ens ha arribat la primera ona de programaci\u00f3 del festival de jazz m\u00e9s antic de Catalunya i ja coneixem els primers noms del cartell. En aquesta 55a edici\u00f3 del festival, Barcelona rebr\u00e0 artistes com el saxofonista Joshua Redman; Sergio Mendes, un hist\u00f2ric de la m\u00fasica brasilera que debuta al festival; Ron Carter dins de la possiblement \u00faltima gira europea i Michel Camilo que tocar\u00e0 en un duet in\u00e8dit i d&#8217;estrena amb Marco Mezquida.<\/span><\/p>\n<\/div><\/section><\/div><section class=\"av_textblock_section \"  itemscope=\"itemscope\" itemtype=\"https:\/\/schema.org\/BlogPosting\" itemprop=\"blogPost\" ><div class='avia_textblock  '   itemprop=\"text\" ><p><span style=\"font-family: graphik-regular;\">Font &#8211; https:\/\/www.timeout.es\/barcelona\/es\/musica\/festivales-musica-barcelona<\/span><\/p>\n<\/div><\/section><\/p>\n<div class=\"flex_column av_one_full  flex_column_div av-zero-column-padding first  avia-builder-el-93  el_after_av_textblock  avia-builder-el-last  column-top-margin\" style='border-radius:0px; '><div class='avia-button-wrap avia-button-center  avia-builder-el-94  avia-builder-el-no-sibling  '><a href='javascript: history.go(-1)'  class='avia-button   avia-icon_select-yes-left-icon avia-color-black avia-size-medium avia-position-center '   ><span class='avia_button_icon avia_button_icon_left ' aria-hidden='true' data-av_icon='\ue880' data-av_iconfont='entypo-fontello'><\/span><span class='avia_iconbox_title' >Enrere<\/span><\/a><\/div><\/div>\n","protected":false},"excerpt":{"rendered":"<p>Els grans esdeveniments de m\u00fasica en directe i els cicles de concerts que se celebren al llarg de l\u00b4any Primavera Sound 2023 Share Festival 2023 S\u00f3nar 2023 Vida Festival BubblePop Guitar BCN 23 Canet Rock 2023 Festival Cru\u00eflla 2023 \u00c0nima &#8211; Festival Jardins Pedralbes Reggaeton Beach Festival 2023 Festival de la Porta Ferrada Cap Roig [&hellip;]<\/p>\n","protected":false},"author":3,"featured_media":10189,"comment_status":"closed","ping_status":"closed","sticky":false,"template":"","format":"standard","meta":{"footnotes":""},"categories":[144,143,222,142],"tags":[148,224],"class_list":["post-11086","post","type-post","status-publish","format-standard","has-post-thumbnail","hentry","category-barcelona-ca","category-esdeveniments","category-festival-ca","category-news-ca-2","tag-barcelona-ca","tag-festival-ca"],"yoast_head":"<!-- This site is optimized with the Yoast SEO Premium plugin v27.0 (Yoast SEO v27.5) - https:\/\/yoast.com\/product\/yoast-seo-premium-wordpress\/ -->\n<title>Els millors festivals a Barcelona i Catalunya 2023 - Bacus Events - Creaci\u00f3n y Organizaci\u00f3n de Eventos<\/title>\n<meta name=\"robots\" content=\"index, follow, max-snippet:-1, max-image-preview:large, max-video-preview:-1\" \/>\n<link rel=\"canonical\" href=\"https:\/\/bacusevents.com\/ca\/els-millors-festivals-a-barcelona-i-catalunya-2023\/\" \/>\n<meta property=\"og:locale\" content=\"ca_ES\" \/>\n<meta property=\"og:type\" content=\"article\" \/>\n<meta property=\"og:title\" content=\"Els millors festivals a Barcelona i Catalunya 2023\" \/>\n<meta property=\"og:description\" content=\"Els grans esdeveniments de m\u00fasica en directe i els cicles de concerts que se celebren al llarg de l\u00b4any Primavera Sound 2023 Share Festival 2023 S\u00f3nar 2023 Vida Festival BubblePop Guitar BCN 23 Canet Rock 2023 Festival Cru\u00eflla 2023 \u00c0nima &#8211; Festival Jardins Pedralbes Reggaeton Beach Festival 2023 Festival de la Porta Ferrada Cap Roig [&hellip;]\" \/>\n<meta property=\"og:url\" content=\"https:\/\/bacusevents.com\/ca\/els-millors-festivals-a-barcelona-i-catalunya-2023\/\" \/>\n<meta property=\"og:site_name\" content=\"Bacus Events - Creaci\u00f3n y Organizaci\u00f3n de Eventos\" \/>\n<meta property=\"article:publisher\" content=\"https:\/\/www.facebook.com\/BacusEventos\" \/>\n<meta property=\"article:published_time\" content=\"2023-06-01T14:25:13+00:00\" \/>\n<meta property=\"article:modified_time\" content=\"2024-05-01T05:56:52+00:00\" \/>\n<meta property=\"og:image\" content=\"https:\/\/bacusevents.com\/wp-content\/uploads\/2023\/06\/BacusEvents-news-eventos-festivales-portada2023.jpg\" \/>\n\t<meta property=\"og:image:width\" content=\"279\" \/>\n\t<meta property=\"og:image:height\" content=\"180\" \/>\n\t<meta property=\"og:image:type\" content=\"image\/jpeg\" \/>\n<meta name=\"author\" content=\"Valentina\" \/>\n<meta name=\"twitter:card\" content=\"summary_large_image\" \/>\n<meta name=\"twitter:label1\" content=\"Escrit per\" \/>\n\t<meta name=\"twitter:data1\" content=\"Valentina\" \/>\n\t<meta name=\"twitter:label2\" content=\"Temps estimat de lectura\" \/>\n\t<meta name=\"twitter:data2\" content=\"30 minuts\" \/>\n<script type=\"application\/ld+json\" class=\"yoast-schema-graph\">{\"@context\":\"https:\\\/\\\/schema.org\",\"@graph\":[{\"@type\":\"Article\",\"@id\":\"https:\\\/\\\/bacusevents.com\\\/ca\\\/els-millors-festivals-a-barcelona-i-catalunya-2023\\\/#article\",\"isPartOf\":{\"@id\":\"https:\\\/\\\/bacusevents.com\\\/ca\\\/els-millors-festivals-a-barcelona-i-catalunya-2023\\\/\"},\"author\":{\"name\":\"Valentina\",\"@id\":\"https:\\\/\\\/bacusevents.com\\\/ca\\\/#\\\/schema\\\/person\\\/1bceb1ffde896ddf77b1c58f2d314e59\"},\"headline\":\"Els millors festivals a Barcelona i Catalunya 2023\",\"datePublished\":\"2023-06-01T14:25:13+00:00\",\"dateModified\":\"2024-05-01T05:56:52+00:00\",\"mainEntityOfPage\":{\"@id\":\"https:\\\/\\\/bacusevents.com\\\/ca\\\/els-millors-festivals-a-barcelona-i-catalunya-2023\\\/\"},\"wordCount\":6074,\"publisher\":{\"@id\":\"https:\\\/\\\/bacusevents.com\\\/ca\\\/#organization\"},\"image\":{\"@id\":\"https:\\\/\\\/bacusevents.com\\\/ca\\\/els-millors-festivals-a-barcelona-i-catalunya-2023\\\/#primaryimage\"},\"thumbnailUrl\":\"https:\\\/\\\/bacusevents.com\\\/wp-content\\\/uploads\\\/2023\\\/06\\\/BacusEvents-news-eventos-festivales-portada2023.jpg\",\"keywords\":[\"Barcelona\",\"festival\"],\"articleSection\":[\"Barcelona\",\"Esdeveniments\",\"festival\",\"News\"],\"inLanguage\":\"ca\"},{\"@type\":\"WebPage\",\"@id\":\"https:\\\/\\\/bacusevents.com\\\/ca\\\/els-millors-festivals-a-barcelona-i-catalunya-2023\\\/\",\"url\":\"https:\\\/\\\/bacusevents.com\\\/ca\\\/els-millors-festivals-a-barcelona-i-catalunya-2023\\\/\",\"name\":\"Els millors festivals a Barcelona i Catalunya 2023 - Bacus Events - Creaci\u00f3n y Organizaci\u00f3n de Eventos\",\"isPartOf\":{\"@id\":\"https:\\\/\\\/bacusevents.com\\\/ca\\\/#website\"},\"primaryImageOfPage\":{\"@id\":\"https:\\\/\\\/bacusevents.com\\\/ca\\\/els-millors-festivals-a-barcelona-i-catalunya-2023\\\/#primaryimage\"},\"image\":{\"@id\":\"https:\\\/\\\/bacusevents.com\\\/ca\\\/els-millors-festivals-a-barcelona-i-catalunya-2023\\\/#primaryimage\"},\"thumbnailUrl\":\"https:\\\/\\\/bacusevents.com\\\/wp-content\\\/uploads\\\/2023\\\/06\\\/BacusEvents-news-eventos-festivales-portada2023.jpg\",\"datePublished\":\"2023-06-01T14:25:13+00:00\",\"dateModified\":\"2024-05-01T05:56:52+00:00\",\"breadcrumb\":{\"@id\":\"https:\\\/\\\/bacusevents.com\\\/ca\\\/els-millors-festivals-a-barcelona-i-catalunya-2023\\\/#breadcrumb\"},\"inLanguage\":\"ca\",\"potentialAction\":[{\"@type\":\"ReadAction\",\"target\":[\"https:\\\/\\\/bacusevents.com\\\/ca\\\/els-millors-festivals-a-barcelona-i-catalunya-2023\\\/\"]}]},{\"@type\":\"ImageObject\",\"inLanguage\":\"ca\",\"@id\":\"https:\\\/\\\/bacusevents.com\\\/ca\\\/els-millors-festivals-a-barcelona-i-catalunya-2023\\\/#primaryimage\",\"url\":\"https:\\\/\\\/bacusevents.com\\\/wp-content\\\/uploads\\\/2023\\\/06\\\/BacusEvents-news-eventos-festivales-portada2023.jpg\",\"contentUrl\":\"https:\\\/\\\/bacusevents.com\\\/wp-content\\\/uploads\\\/2023\\\/06\\\/BacusEvents-news-eventos-festivales-portada2023.jpg\",\"width\":279,\"height\":180},{\"@type\":\"BreadcrumbList\",\"@id\":\"https:\\\/\\\/bacusevents.com\\\/ca\\\/els-millors-festivals-a-barcelona-i-catalunya-2023\\\/#breadcrumb\",\"itemListElement\":[{\"@type\":\"ListItem\",\"position\":1,\"name\":\"Portada\",\"item\":\"https:\\\/\\\/bacusevents.com\\\/ca\\\/\"},{\"@type\":\"ListItem\",\"position\":2,\"name\":\"Els millors festivals a Barcelona i Catalunya 2023\"}]},{\"@type\":\"WebSite\",\"@id\":\"https:\\\/\\\/bacusevents.com\\\/ca\\\/#website\",\"url\":\"https:\\\/\\\/bacusevents.com\\\/ca\\\/\",\"name\":\"Bacus Events - Creaci\u00f3n y Organizaci\u00f3n de Eventos\",\"description\":\"Bacus Events - Creaci\u00f3n y Organizaci\u00f3n de Eventos\",\"publisher\":{\"@id\":\"https:\\\/\\\/bacusevents.com\\\/ca\\\/#organization\"},\"potentialAction\":[{\"@type\":\"SearchAction\",\"target\":{\"@type\":\"EntryPoint\",\"urlTemplate\":\"https:\\\/\\\/bacusevents.com\\\/ca\\\/?s={search_term_string}\"},\"query-input\":{\"@type\":\"PropertyValueSpecification\",\"valueRequired\":true,\"valueName\":\"search_term_string\"}}],\"inLanguage\":\"ca\"},{\"@type\":\"Organization\",\"@id\":\"https:\\\/\\\/bacusevents.com\\\/ca\\\/#organization\",\"name\":\"Bacus Events - Creaci\u00f3n y Organizaci\u00f3n de Eventos\",\"url\":\"https:\\\/\\\/bacusevents.com\\\/ca\\\/\",\"logo\":{\"@type\":\"ImageObject\",\"inLanguage\":\"ca\",\"@id\":\"https:\\\/\\\/bacusevents.com\\\/ca\\\/#\\\/schema\\\/logo\\\/image\\\/\",\"url\":\"https:\\\/\\\/bacusevents.com\\\/wp-content\\\/uploads\\\/2025\\\/03\\\/BacusEvents-5.png\",\"contentUrl\":\"https:\\\/\\\/bacusevents.com\\\/wp-content\\\/uploads\\\/2025\\\/03\\\/BacusEvents-5.png\",\"width\":393,\"height\":426,\"caption\":\"Bacus Events - Creaci\u00f3n y Organizaci\u00f3n de Eventos\"},\"image\":{\"@id\":\"https:\\\/\\\/bacusevents.com\\\/ca\\\/#\\\/schema\\\/logo\\\/image\\\/\"},\"sameAs\":[\"https:\\\/\\\/www.facebook.com\\\/BacusEventos\",\"https:\\\/\\\/www.instagram.com\\\/bacusevents\\\/\",\"https:\\\/\\\/www.linkedin.com\\\/company\\\/1481874\\\/admin\\\/dashboard\\\/\"]},{\"@type\":\"Person\",\"@id\":\"https:\\\/\\\/bacusevents.com\\\/ca\\\/#\\\/schema\\\/person\\\/1bceb1ffde896ddf77b1c58f2d314e59\",\"name\":\"Valentina\",\"image\":{\"@type\":\"ImageObject\",\"inLanguage\":\"ca\",\"@id\":\"https:\\\/\\\/secure.gravatar.com\\\/avatar\\\/81b6b00e29e2279ed8e2ed6b874680d0eb29dd7a5310d6ee502417c4d32b8410?s=96&d=mm&r=g\",\"url\":\"https:\\\/\\\/secure.gravatar.com\\\/avatar\\\/81b6b00e29e2279ed8e2ed6b874680d0eb29dd7a5310d6ee502417c4d32b8410?s=96&d=mm&r=g\",\"contentUrl\":\"https:\\\/\\\/secure.gravatar.com\\\/avatar\\\/81b6b00e29e2279ed8e2ed6b874680d0eb29dd7a5310d6ee502417c4d32b8410?s=96&d=mm&r=g\",\"caption\":\"Valentina\"},\"sameAs\":[\"https:\\\/\\\/bacusevents.com\"],\"url\":\"https:\\\/\\\/bacusevents.com\\\/ca\\\/author\\\/editor-bacus\\\/\"}]}<\/script>\n<!-- \/ Yoast SEO Premium plugin. -->","yoast_head_json":{"title":"Els millors festivals a Barcelona i Catalunya 2023 - Bacus Events - Creaci\u00f3n y Organizaci\u00f3n de Eventos","robots":{"index":"index","follow":"follow","max-snippet":"max-snippet:-1","max-image-preview":"max-image-preview:large","max-video-preview":"max-video-preview:-1"},"canonical":"https:\/\/bacusevents.com\/ca\/els-millors-festivals-a-barcelona-i-catalunya-2023\/","og_locale":"ca_ES","og_type":"article","og_title":"Els millors festivals a Barcelona i Catalunya 2023","og_description":"Els grans esdeveniments de m\u00fasica en directe i els cicles de concerts que se celebren al llarg de l\u00b4any Primavera Sound 2023 Share Festival 2023 S\u00f3nar 2023 Vida Festival BubblePop Guitar BCN 23 Canet Rock 2023 Festival Cru\u00eflla 2023 \u00c0nima &#8211; Festival Jardins Pedralbes Reggaeton Beach Festival 2023 Festival de la Porta Ferrada Cap Roig [&hellip;]","og_url":"https:\/\/bacusevents.com\/ca\/els-millors-festivals-a-barcelona-i-catalunya-2023\/","og_site_name":"Bacus Events - Creaci\u00f3n y Organizaci\u00f3n de Eventos","article_publisher":"https:\/\/www.facebook.com\/BacusEventos","article_published_time":"2023-06-01T14:25:13+00:00","article_modified_time":"2024-05-01T05:56:52+00:00","og_image":[{"width":279,"height":180,"url":"https:\/\/bacusevents.com\/wp-content\/uploads\/2023\/06\/BacusEvents-news-eventos-festivales-portada2023.jpg","type":"image\/jpeg"}],"author":"Valentina","twitter_card":"summary_large_image","twitter_misc":{"Escrit per":"Valentina","Temps estimat de lectura":"30 minuts"},"schema":{"@context":"https:\/\/schema.org","@graph":[{"@type":"Article","@id":"https:\/\/bacusevents.com\/ca\/els-millors-festivals-a-barcelona-i-catalunya-2023\/#article","isPartOf":{"@id":"https:\/\/bacusevents.com\/ca\/els-millors-festivals-a-barcelona-i-catalunya-2023\/"},"author":{"name":"Valentina","@id":"https:\/\/bacusevents.com\/ca\/#\/schema\/person\/1bceb1ffde896ddf77b1c58f2d314e59"},"headline":"Els millors festivals a Barcelona i Catalunya 2023","datePublished":"2023-06-01T14:25:13+00:00","dateModified":"2024-05-01T05:56:52+00:00","mainEntityOfPage":{"@id":"https:\/\/bacusevents.com\/ca\/els-millors-festivals-a-barcelona-i-catalunya-2023\/"},"wordCount":6074,"publisher":{"@id":"https:\/\/bacusevents.com\/ca\/#organization"},"image":{"@id":"https:\/\/bacusevents.com\/ca\/els-millors-festivals-a-barcelona-i-catalunya-2023\/#primaryimage"},"thumbnailUrl":"https:\/\/bacusevents.com\/wp-content\/uploads\/2023\/06\/BacusEvents-news-eventos-festivales-portada2023.jpg","keywords":["Barcelona","festival"],"articleSection":["Barcelona","Esdeveniments","festival","News"],"inLanguage":"ca"},{"@type":"WebPage","@id":"https:\/\/bacusevents.com\/ca\/els-millors-festivals-a-barcelona-i-catalunya-2023\/","url":"https:\/\/bacusevents.com\/ca\/els-millors-festivals-a-barcelona-i-catalunya-2023\/","name":"Els millors festivals a Barcelona i Catalunya 2023 - Bacus Events - Creaci\u00f3n y Organizaci\u00f3n de Eventos","isPartOf":{"@id":"https:\/\/bacusevents.com\/ca\/#website"},"primaryImageOfPage":{"@id":"https:\/\/bacusevents.com\/ca\/els-millors-festivals-a-barcelona-i-catalunya-2023\/#primaryimage"},"image":{"@id":"https:\/\/bacusevents.com\/ca\/els-millors-festivals-a-barcelona-i-catalunya-2023\/#primaryimage"},"thumbnailUrl":"https:\/\/bacusevents.com\/wp-content\/uploads\/2023\/06\/BacusEvents-news-eventos-festivales-portada2023.jpg","datePublished":"2023-06-01T14:25:13+00:00","dateModified":"2024-05-01T05:56:52+00:00","breadcrumb":{"@id":"https:\/\/bacusevents.com\/ca\/els-millors-festivals-a-barcelona-i-catalunya-2023\/#breadcrumb"},"inLanguage":"ca","potentialAction":[{"@type":"ReadAction","target":["https:\/\/bacusevents.com\/ca\/els-millors-festivals-a-barcelona-i-catalunya-2023\/"]}]},{"@type":"ImageObject","inLanguage":"ca","@id":"https:\/\/bacusevents.com\/ca\/els-millors-festivals-a-barcelona-i-catalunya-2023\/#primaryimage","url":"https:\/\/bacusevents.com\/wp-content\/uploads\/2023\/06\/BacusEvents-news-eventos-festivales-portada2023.jpg","contentUrl":"https:\/\/bacusevents.com\/wp-content\/uploads\/2023\/06\/BacusEvents-news-eventos-festivales-portada2023.jpg","width":279,"height":180},{"@type":"BreadcrumbList","@id":"https:\/\/bacusevents.com\/ca\/els-millors-festivals-a-barcelona-i-catalunya-2023\/#breadcrumb","itemListElement":[{"@type":"ListItem","position":1,"name":"Portada","item":"https:\/\/bacusevents.com\/ca\/"},{"@type":"ListItem","position":2,"name":"Els millors festivals a Barcelona i Catalunya 2023"}]},{"@type":"WebSite","@id":"https:\/\/bacusevents.com\/ca\/#website","url":"https:\/\/bacusevents.com\/ca\/","name":"Bacus Events - Creaci\u00f3n y Organizaci\u00f3n de Eventos","description":"Bacus Events - Creaci\u00f3n y Organizaci\u00f3n de Eventos","publisher":{"@id":"https:\/\/bacusevents.com\/ca\/#organization"},"potentialAction":[{"@type":"SearchAction","target":{"@type":"EntryPoint","urlTemplate":"https:\/\/bacusevents.com\/ca\/?s={search_term_string}"},"query-input":{"@type":"PropertyValueSpecification","valueRequired":true,"valueName":"search_term_string"}}],"inLanguage":"ca"},{"@type":"Organization","@id":"https:\/\/bacusevents.com\/ca\/#organization","name":"Bacus Events - Creaci\u00f3n y Organizaci\u00f3n de Eventos","url":"https:\/\/bacusevents.com\/ca\/","logo":{"@type":"ImageObject","inLanguage":"ca","@id":"https:\/\/bacusevents.com\/ca\/#\/schema\/logo\/image\/","url":"https:\/\/bacusevents.com\/wp-content\/uploads\/2025\/03\/BacusEvents-5.png","contentUrl":"https:\/\/bacusevents.com\/wp-content\/uploads\/2025\/03\/BacusEvents-5.png","width":393,"height":426,"caption":"Bacus Events - Creaci\u00f3n y Organizaci\u00f3n de Eventos"},"image":{"@id":"https:\/\/bacusevents.com\/ca\/#\/schema\/logo\/image\/"},"sameAs":["https:\/\/www.facebook.com\/BacusEventos","https:\/\/www.instagram.com\/bacusevents\/","https:\/\/www.linkedin.com\/company\/1481874\/admin\/dashboard\/"]},{"@type":"Person","@id":"https:\/\/bacusevents.com\/ca\/#\/schema\/person\/1bceb1ffde896ddf77b1c58f2d314e59","name":"Valentina","image":{"@type":"ImageObject","inLanguage":"ca","@id":"https:\/\/secure.gravatar.com\/avatar\/81b6b00e29e2279ed8e2ed6b874680d0eb29dd7a5310d6ee502417c4d32b8410?s=96&d=mm&r=g","url":"https:\/\/secure.gravatar.com\/avatar\/81b6b00e29e2279ed8e2ed6b874680d0eb29dd7a5310d6ee502417c4d32b8410?s=96&d=mm&r=g","contentUrl":"https:\/\/secure.gravatar.com\/avatar\/81b6b00e29e2279ed8e2ed6b874680d0eb29dd7a5310d6ee502417c4d32b8410?s=96&d=mm&r=g","caption":"Valentina"},"sameAs":["https:\/\/bacusevents.com"],"url":"https:\/\/bacusevents.com\/ca\/author\/editor-bacus\/"}]}},"_links":{"self":[{"href":"https:\/\/bacusevents.com\/ca\/wp-json\/wp\/v2\/posts\/11086","targetHints":{"allow":["GET"]}}],"collection":[{"href":"https:\/\/bacusevents.com\/ca\/wp-json\/wp\/v2\/posts"}],"about":[{"href":"https:\/\/bacusevents.com\/ca\/wp-json\/wp\/v2\/types\/post"}],"author":[{"embeddable":true,"href":"https:\/\/bacusevents.com\/ca\/wp-json\/wp\/v2\/users\/3"}],"replies":[{"embeddable":true,"href":"https:\/\/bacusevents.com\/ca\/wp-json\/wp\/v2\/comments?post=11086"}],"version-history":[{"count":1,"href":"https:\/\/bacusevents.com\/ca\/wp-json\/wp\/v2\/posts\/11086\/revisions"}],"predecessor-version":[{"id":11125,"href":"https:\/\/bacusevents.com\/ca\/wp-json\/wp\/v2\/posts\/11086\/revisions\/11125"}],"wp:featuredmedia":[{"embeddable":true,"href":"https:\/\/bacusevents.com\/ca\/wp-json\/wp\/v2\/media\/10189"}],"wp:attachment":[{"href":"https:\/\/bacusevents.com\/ca\/wp-json\/wp\/v2\/media?parent=11086"}],"wp:term":[{"taxonomy":"category","embeddable":true,"href":"https:\/\/bacusevents.com\/ca\/wp-json\/wp\/v2\/categories?post=11086"},{"taxonomy":"post_tag","embeddable":true,"href":"https:\/\/bacusevents.com\/ca\/wp-json\/wp\/v2\/tags?post=11086"}],"curies":[{"name":"wp","href":"https:\/\/api.w.org\/{rel}","templated":true}]}}