{"id":10807,"date":"2023-05-24T14:38:01","date_gmt":"2023-05-24T14:38:01","guid":{"rendered":"https:\/\/bacusevents.com\/if-you-dont-measure-your-carbon-footprint-how-are-you-going-to-reduce-it-the-conventa-case\/"},"modified":"2024-05-01T05:56:30","modified_gmt":"2024-05-01T05:56:30","slug":"if-you-dont-measure-your-carbon-footprint-how-are-you-going-to-reduce-it-the-conventa-case","status":"publish","type":"post","link":"https:\/\/bacusevents.com\/en\/if-you-dont-measure-your-carbon-footprint-how-are-you-going-to-reduce-it-the-conventa-case\/","title":{"rendered":"If you don&#8217;t measure your carbon footprint, how are you going to reduce it? The Conventa case"},"content":{"rendered":"<div style='padding-bottom:20px; font-size:40px;' class='av-special-heading av-special-heading-h2  blockquote modern-quote modern-centered  avia-builder-el-0  el_before_av_textblock  avia-builder-el-first   av-inherit-size '><h2 class='av-special-heading-tag '  itemprop=\"headline\"  >If you don\u2019t measure your carbon footprint, how are you going to reduce it? The Conventa case  <\/h2><div class='special-heading-border'><div class='special-heading-inner-border' ><\/div><\/div><\/div>\n<section class=\"av_textblock_section \"  itemscope=\"itemscope\" itemtype=\"https:\/\/schema.org\/BlogPosting\" itemprop=\"blogPost\" ><div class='avia_textblock  '   itemprop=\"text\" ><p><span style=\"font-family: graphik-regular;\">Once again Conventa gives us a small lesson in responsible management in terms of event sustainability. In partnership with Climate Partner and through a holistic management of all the processes involved in the realization of the fair, they managed not only to accurately measure the impact of the carbon footprint, but also to identify the high CO2 cost of transportation, which allowed them to reduce the impact by 8.9% compared to the 2022 edition. Not much of a joke, considering that the carbon footprint of this international event is comparable to that generated daily by 5,415 inhabitants of Germany and to traveling 387,129 kilometers by car, according to the organization&#8217;s own data. These are some of the lessons learned during the process.<\/span><\/p>\n<p><span style=\"font-family: graphik-regular;\"><!--more--><\/span><\/p>\n<\/div><\/section>\n<div class=\"flex_column av_one_full  flex_column_div av-zero-column-padding first  avia-builder-el-2  el_after_av_textblock  el_before_av_one_full  column-top-margin\" style='border-radius:0px; '><p><div  data-size='featured'  data-lightbox_size='large'  data-animation='slide'  data-conditional_play=''  data-ids='6550'  data-video_counter='0'  data-autoplay='false'  data-bg_slider='false'  data-slide_height=''  data-handle='av_slideshow'  data-interval='5'  data-class=' avia-builder-el-3  el_before_av_heading  avia-builder-el-first   '  data-css_id=''  data-scroll_down=''  data-control_layout='av-control-default'  data-custom_markup=''  data-perma_caption='aviaTBperma_caption'  data-autoplay_stopper=''  data-image_attachment=''  data-min_height='0px'  data-default-height='28.666666666667'  class='avia-slideshow avia-slideshow-1  av-control-default av-default-height-applied avia-slideshow-featured av_slideshow  avia-builder-el-3  el_before_av_heading  avia-builder-el-first    avia-slide-slider '  itemprop=\"image\" itemscope=\"itemscope\" itemtype=\"https:\/\/schema.org\/ImageObject\" ><ul class='avia-slideshow-inner ' style='padding-bottom: 45.263157894737%;' ><li  class=' av-single-slide slide-1 ' ><div data-rel='slideshow-1' class='avia-slide-wrap '   ><img src='https:\/\/bacusevents.com\/wp-content\/uploads\/2023\/05\/BacusEvents_tecnologia-feria_Conventa_-950x430.jpg' width='950' height='430' title='BacusEvents_tecnologia-feria_Conventa_' alt=''  itemprop=\"thumbnailUrl\"   \/><\/div><\/li><\/ul><\/div><br \/>\n<div style='padding-bottom:20px; font-size:40px;' class='av-special-heading av-special-heading-h2 custom-color-heading blockquote modern-quote modern-centered  avia-builder-el-4  el_after_av_slideshow  el_before_av_textblock   av-inherit-size '><h2 class='av-special-heading-tag '  itemprop=\"headline\"  >Incorporates partners in the event design and measurement processes.<\/h2><div class='special-heading-border'><div class='special-heading-inner-border' ><\/div><\/div><\/div><br \/>\n<section class=\"av_textblock_section \"  itemscope=\"itemscope\" itemtype=\"https:\/\/schema.org\/BlogPosting\" itemprop=\"blogPost\" ><div class='avia_textblock  '   itemprop=\"text\" ><p><span style=\"font-family: graphik-regular;\">The calculation of the carbon footprint covers a broad spectrum of emissions. This year, the organizers made a great effort to collect data with the help of 19 partners. Gorazd \u010cad, co-founder of Conventa, noted, &#8220;The timely inclusion of partners in the carbon footprint reduction process was a must. A crucial tool for measuring the carbon footprint was our Green Manual, which has become something of a bible for sustainable event organization, as it offers a whole host of tips and practical measures. Every year we are able to achieve more with the help of the project partners, with whom we are gradually learning how to collect all the data to calculate the carbon footprint.&#8221;<\/span><\/p>\n<\/div><\/section><br \/>\n<div style='padding-bottom:20px; font-size:40px;' class='av-special-heading av-special-heading-h2 custom-color-heading blockquote modern-quote modern-centered  avia-builder-el-6  el_after_av_textblock  el_before_av_textblock   av-inherit-size '><h2 class='av-special-heading-tag '  itemprop=\"headline\"  >  Uses the data obtained for the optimization of subsequent events.  <\/h2><div class='special-heading-border'><div class='special-heading-inner-border' ><\/div><\/div><\/div><br \/>\n<section class=\"av_textblock_section \"  itemscope=\"itemscope\" itemtype=\"https:\/\/schema.org\/BlogPosting\" itemprop=\"blogPost\" ><div class='avia_textblock  '   itemprop=\"text\" ><p><span style=\"font-family: graphik-regular;\">According to the organizers, the calculated carbon footprint can become an example for similar events. It will also enable Conventa to optimize future activities. In order to calculate the carbon footprint, it was crucial to collect accurate information on the transportation of attendees, hotels and activities.  <\/span><\/p>\n<p><span style=\"font-family: graphik-regular;\">This year&#8217;s calculation includes individual data from all attendees obtained through surveys. Thus, all measured data are accurate and reliable.<\/span><\/p>\n<\/div><\/section><br \/>\n<div  data-size='featured'  data-lightbox_size='large'  data-animation='slide'  data-conditional_play=''  data-ids='6551'  data-video_counter='0'  data-autoplay='false'  data-bg_slider='false'  data-slide_height=''  data-handle='av_slideshow'  data-interval='5'  data-class=' avia-builder-el-8  el_after_av_textblock  el_before_av_heading   '  data-css_id=''  data-scroll_down=''  data-control_layout='av-control-default'  data-custom_markup=''  data-perma_caption='aviaTBperma_caption'  data-autoplay_stopper=''  data-image_attachment=''  data-min_height='0px'  data-default-height='28.666666666667'  class='avia-slideshow avia-slideshow-2  av-control-default av-default-height-applied avia-slideshow-featured av_slideshow  avia-builder-el-8  el_after_av_textblock  el_before_av_heading    avia-slide-slider '  itemprop=\"image\" itemscope=\"itemscope\" itemtype=\"https:\/\/schema.org\/ImageObject\" ><ul class='avia-slideshow-inner ' style='padding-bottom: 45.263157894737%;' ><li  class=' av-single-slide slide-1 ' ><div data-rel='slideshow-2' class='avia-slide-wrap '   ><img src='https:\/\/bacusevents.com\/wp-content\/uploads\/2023\/05\/BacusEvents_tecnologia-feria_Conventa2_2023-950x430.jpg' width='950' height='430' title='BacusEvents_tecnologia-feria_Conventa2_2023' alt=''  itemprop=\"thumbnailUrl\"   \/><\/div><\/li><\/ul><\/div><br \/>\n<div style='padding-bottom:20px; font-size:40px;' class='av-special-heading av-special-heading-h2 custom-color-heading blockquote modern-quote modern-centered  avia-builder-el-9  el_after_av_slideshow  el_before_av_textblock   av-inherit-size '><h2 class='av-special-heading-tag '  itemprop=\"headline\"  >Identifies the most polluting activities and works to reduce the impact of these activities.  <\/h2><div class='special-heading-border'><div class='special-heading-inner-border' ><\/div><\/div><\/div><br \/>\n<section class=\"av_textblock_section \"  itemscope=\"itemscope\" itemtype=\"https:\/\/schema.org\/BlogPosting\" itemprop=\"blogPost\" ><div class='avia_textblock  '   itemprop=\"text\" ><p><span style=\"font-family: graphik-regular;\">The organizers stressed that calculating the carbon footprint is only the beginning. The main objective of the calculation is to identify the activities that generate the most greenhouse gas emissions. Other steps and measures explained in the Green Conventa Manual are fundamental and are a practical guide for all event organizers and in brief, it comprises:<\/span><\/p>\n<p><span style=\"font-family: graphik-regular;\">SUSTAINABLE CRITERIA: external recommendations for partners and subcontractors covering 15 segments of the event organization. Currently, the segments include 266 criteria.<\/span><\/p>\n<p><span style=\"font-family: graphik-regular;\">SUSTAINABLE MEASURES: detailed annual measures that event organizers should implement and internal suggestions that will help event organizers prepare an action plan in seven segments. <\/span><\/p>\n<p><span style=\"font-family: graphik-regular;\">Gorazd \u010cad explained the sustainable aspirations of the event: &#8220;A prerequisite for a sustainable transformation is a systematic approach, connecting all stakeholders and coordinating activities. To transform events in a sustainable way, organizers must make a transparent commitment, identify targets, measure their results and cooperate extensively. When organizing sustainable events, organizers must take a holistic approach and consider all aspects of an event. Above all, it is crucial to measure the carbon footprint of an event. If we don&#8217;t measure it, we can&#8217;t improve it.<\/span><\/p>\n<\/div><\/section><br \/>\n<div style='padding-bottom:20px; font-size:40px;' class='av-special-heading av-special-heading-h2 custom-color-heading blockquote modern-quote modern-centered  avia-builder-el-11  el_after_av_textblock  el_before_av_textblock   av-inherit-size '><h2 class='av-special-heading-tag '  itemprop=\"headline\"  >Events as loudspeakers of change<\/h2><div class='special-heading-border'><div class='special-heading-inner-border' ><\/div><\/div><\/div><br \/>\n<section class=\"av_textblock_section \"  itemscope=\"itemscope\" itemtype=\"https:\/\/schema.org\/BlogPosting\" itemprop=\"blogPost\" ><div class='avia_textblock  '   itemprop=\"text\" ><p><span style=\"font-family: graphik-regular;\">Conventa is a great example of how events are part of the problem, but can also be part of the solution: the organizers stressed that Conventa is a facilitator and driver of change in the meetings sector in Ljubljana and the region.<\/span><\/p>\n<p><span style=\"font-family: graphik-regular;\">  It fosters positive development and is an ideal test laboratory for innovation to achieve sustainable and regenerative transformation. Organizers see Conventa not only as a means to achieve steady growth or reap multiplying financial rewards, but as a platform that generates prosperity for the event organizing community.<\/span><\/p>\n<p><span style=\"font-family: graphik-regular;\">Source &#8211; https:\/\/www.eventoplus.com\/noticias\/si-no-mides-la-huella-de-carbono-como-la-vas-a-reducir-el-caso-conventa\/<\/span><\/p>\n<\/div><\/section><\/p><\/div>\n<div class=\"flex_column av_one_full  flex_column_div av-zero-column-padding first  avia-builder-el-13  el_after_av_one_full  avia-builder-el-last  column-top-margin\" style='border-radius:0px; '><div class='avia-button-wrap avia-button-center  avia-builder-el-14  avia-builder-el-no-sibling  '><a href='javascript: history.go(-1)'  class='avia-button   avia-icon_select-yes-left-icon avia-color-black avia-size-medium avia-position-center '   ><span class='avia_button_icon avia_button_icon_left ' aria-hidden='true' data-av_icon='\ue880' data-av_iconfont='entypo-fontello'><\/span><span class='avia_iconbox_title' >Back<\/span><\/a><\/div><\/div>\n","protected":false},"excerpt":{"rendered":"<p>Once again Conventa gives us a small lesson in responsible management in terms of event sustainability. In partnership with Climate Partner and through a holistic management of all the processes involved in the realization of the fair, they managed not only to accurately measure the impact of the carbon footprint, but also to identify the [&hellip;]<\/p>\n","protected":false},"author":3,"featured_media":9982,"comment_status":"closed","ping_status":"closed","sticky":false,"template":"","format":"standard","meta":{"footnotes":""},"categories":[129,165,132],"tags":[170,135],"class_list":["post-10807","post","type-post","status-publish","format-standard","has-post-thumbnail","hentry","category-news-en","category-sustainability","category-technology","tag-sustainability","tag-technology"],"yoast_head":"<!-- This site is optimized with the Yoast SEO Premium plugin v27.0 (Yoast SEO v27.5) - https:\/\/yoast.com\/product\/yoast-seo-premium-wordpress\/ -->\n<title>If you don&#039;t measure your carbon footprint, how are you going to reduce it? The Conventa case - Bacus Events - Creaci\u00f3n y Organizaci\u00f3n de Eventos<\/title>\n<meta name=\"robots\" content=\"index, follow, max-snippet:-1, max-image-preview:large, max-video-preview:-1\" \/>\n<link rel=\"canonical\" href=\"https:\/\/bacusevents.com\/en\/if-you-dont-measure-your-carbon-footprint-how-are-you-going-to-reduce-it-the-conventa-case\/\" \/>\n<meta property=\"og:locale\" content=\"en_US\" \/>\n<meta property=\"og:type\" content=\"article\" \/>\n<meta property=\"og:title\" content=\"If you don&#039;t measure your carbon footprint, how are you going to reduce it? The Conventa case\" \/>\n<meta property=\"og:description\" content=\"Once again Conventa gives us a small lesson in responsible management in terms of event sustainability. In partnership with Climate Partner and through a holistic management of all the processes involved in the realization of the fair, they managed not only to accurately measure the impact of the carbon footprint, but also to identify the [&hellip;]\" \/>\n<meta property=\"og:url\" content=\"https:\/\/bacusevents.com\/en\/if-you-dont-measure-your-carbon-footprint-how-are-you-going-to-reduce-it-the-conventa-case\/\" \/>\n<meta property=\"og:site_name\" content=\"Bacus Events - Creaci\u00f3n y Organizaci\u00f3n de Eventos\" \/>\n<meta property=\"article:publisher\" content=\"https:\/\/www.facebook.com\/BacusEventos\" \/>\n<meta property=\"article:published_time\" content=\"2023-05-24T14:38:01+00:00\" \/>\n<meta property=\"article:modified_time\" content=\"2024-05-01T05:56:30+00:00\" \/>\n<meta property=\"og:image\" content=\"https:\/\/bacusevents.com\/wp-content\/uploads\/2023\/05\/BacusEvents_tecnologia-feria_Conventa_2023.jpg\" \/>\n\t<meta property=\"og:image:width\" content=\"950\" \/>\n\t<meta property=\"og:image:height\" content=\"633\" \/>\n\t<meta property=\"og:image:type\" content=\"image\/jpeg\" \/>\n<meta name=\"author\" content=\"Valentina\" \/>\n<meta name=\"twitter:card\" content=\"summary_large_image\" \/>\n<meta name=\"twitter:label1\" content=\"Written by\" \/>\n\t<meta name=\"twitter:data1\" content=\"Valentina\" \/>\n\t<meta name=\"twitter:label2\" content=\"Est. reading time\" \/>\n\t<meta name=\"twitter:data2\" content=\"7 minutes\" \/>\n<script type=\"application\/ld+json\" class=\"yoast-schema-graph\">{\"@context\":\"https:\\\/\\\/schema.org\",\"@graph\":[{\"@type\":\"Article\",\"@id\":\"https:\\\/\\\/bacusevents.com\\\/en\\\/if-you-dont-measure-your-carbon-footprint-how-are-you-going-to-reduce-it-the-conventa-case\\\/#article\",\"isPartOf\":{\"@id\":\"https:\\\/\\\/bacusevents.com\\\/en\\\/if-you-dont-measure-your-carbon-footprint-how-are-you-going-to-reduce-it-the-conventa-case\\\/\"},\"author\":{\"name\":\"Valentina\",\"@id\":\"https:\\\/\\\/bacusevents.com\\\/en\\\/#\\\/schema\\\/person\\\/1bceb1ffde896ddf77b1c58f2d314e59\"},\"headline\":\"If you don&#8217;t measure your carbon footprint, how are you going to reduce it? The Conventa case\",\"datePublished\":\"2023-05-24T14:38:01+00:00\",\"dateModified\":\"2024-05-01T05:56:30+00:00\",\"mainEntityOfPage\":{\"@id\":\"https:\\\/\\\/bacusevents.com\\\/en\\\/if-you-dont-measure-your-carbon-footprint-how-are-you-going-to-reduce-it-the-conventa-case\\\/\"},\"wordCount\":1453,\"publisher\":{\"@id\":\"https:\\\/\\\/bacusevents.com\\\/en\\\/#organization\"},\"image\":{\"@id\":\"https:\\\/\\\/bacusevents.com\\\/en\\\/if-you-dont-measure-your-carbon-footprint-how-are-you-going-to-reduce-it-the-conventa-case\\\/#primaryimage\"},\"thumbnailUrl\":\"https:\\\/\\\/bacusevents.com\\\/wp-content\\\/uploads\\\/2023\\\/05\\\/BacusEvents_tecnologia-feria_Conventa_2023.jpg\",\"keywords\":[\"sustainability\",\"Technology\"],\"articleSection\":[\"News\",\"Sustainability\",\"Technology\"],\"inLanguage\":\"en-US\"},{\"@type\":\"WebPage\",\"@id\":\"https:\\\/\\\/bacusevents.com\\\/en\\\/if-you-dont-measure-your-carbon-footprint-how-are-you-going-to-reduce-it-the-conventa-case\\\/\",\"url\":\"https:\\\/\\\/bacusevents.com\\\/en\\\/if-you-dont-measure-your-carbon-footprint-how-are-you-going-to-reduce-it-the-conventa-case\\\/\",\"name\":\"If you don't measure your carbon footprint, how are you going to reduce it? The Conventa case - Bacus Events - Creaci\u00f3n y Organizaci\u00f3n de Eventos\",\"isPartOf\":{\"@id\":\"https:\\\/\\\/bacusevents.com\\\/en\\\/#website\"},\"primaryImageOfPage\":{\"@id\":\"https:\\\/\\\/bacusevents.com\\\/en\\\/if-you-dont-measure-your-carbon-footprint-how-are-you-going-to-reduce-it-the-conventa-case\\\/#primaryimage\"},\"image\":{\"@id\":\"https:\\\/\\\/bacusevents.com\\\/en\\\/if-you-dont-measure-your-carbon-footprint-how-are-you-going-to-reduce-it-the-conventa-case\\\/#primaryimage\"},\"thumbnailUrl\":\"https:\\\/\\\/bacusevents.com\\\/wp-content\\\/uploads\\\/2023\\\/05\\\/BacusEvents_tecnologia-feria_Conventa_2023.jpg\",\"datePublished\":\"2023-05-24T14:38:01+00:00\",\"dateModified\":\"2024-05-01T05:56:30+00:00\",\"breadcrumb\":{\"@id\":\"https:\\\/\\\/bacusevents.com\\\/en\\\/if-you-dont-measure-your-carbon-footprint-how-are-you-going-to-reduce-it-the-conventa-case\\\/#breadcrumb\"},\"inLanguage\":\"en-US\",\"potentialAction\":[{\"@type\":\"ReadAction\",\"target\":[\"https:\\\/\\\/bacusevents.com\\\/en\\\/if-you-dont-measure-your-carbon-footprint-how-are-you-going-to-reduce-it-the-conventa-case\\\/\"]}]},{\"@type\":\"ImageObject\",\"inLanguage\":\"en-US\",\"@id\":\"https:\\\/\\\/bacusevents.com\\\/en\\\/if-you-dont-measure-your-carbon-footprint-how-are-you-going-to-reduce-it-the-conventa-case\\\/#primaryimage\",\"url\":\"https:\\\/\\\/bacusevents.com\\\/wp-content\\\/uploads\\\/2023\\\/05\\\/BacusEvents_tecnologia-feria_Conventa_2023.jpg\",\"contentUrl\":\"https:\\\/\\\/bacusevents.com\\\/wp-content\\\/uploads\\\/2023\\\/05\\\/BacusEvents_tecnologia-feria_Conventa_2023.jpg\",\"width\":950,\"height\":633},{\"@type\":\"BreadcrumbList\",\"@id\":\"https:\\\/\\\/bacusevents.com\\\/en\\\/if-you-dont-measure-your-carbon-footprint-how-are-you-going-to-reduce-it-the-conventa-case\\\/#breadcrumb\",\"itemListElement\":[{\"@type\":\"ListItem\",\"position\":1,\"name\":\"Portada\",\"item\":\"https:\\\/\\\/bacusevents.com\\\/en\\\/\"},{\"@type\":\"ListItem\",\"position\":2,\"name\":\"If you don&#8217;t measure your carbon footprint, how are you going to reduce it? The Conventa case\"}]},{\"@type\":\"WebSite\",\"@id\":\"https:\\\/\\\/bacusevents.com\\\/en\\\/#website\",\"url\":\"https:\\\/\\\/bacusevents.com\\\/en\\\/\",\"name\":\"Bacus Events - Creaci\u00f3n y Organizaci\u00f3n de Eventos\",\"description\":\"Bacus Events - Creaci\u00f3n y Organizaci\u00f3n de Eventos\",\"publisher\":{\"@id\":\"https:\\\/\\\/bacusevents.com\\\/en\\\/#organization\"},\"potentialAction\":[{\"@type\":\"SearchAction\",\"target\":{\"@type\":\"EntryPoint\",\"urlTemplate\":\"https:\\\/\\\/bacusevents.com\\\/en\\\/?s={search_term_string}\"},\"query-input\":{\"@type\":\"PropertyValueSpecification\",\"valueRequired\":true,\"valueName\":\"search_term_string\"}}],\"inLanguage\":\"en-US\"},{\"@type\":\"Organization\",\"@id\":\"https:\\\/\\\/bacusevents.com\\\/en\\\/#organization\",\"name\":\"Bacus Events - Creaci\u00f3n y Organizaci\u00f3n de Eventos\",\"url\":\"https:\\\/\\\/bacusevents.com\\\/en\\\/\",\"logo\":{\"@type\":\"ImageObject\",\"inLanguage\":\"en-US\",\"@id\":\"https:\\\/\\\/bacusevents.com\\\/en\\\/#\\\/schema\\\/logo\\\/image\\\/\",\"url\":\"https:\\\/\\\/bacusevents.com\\\/wp-content\\\/uploads\\\/2025\\\/03\\\/BacusEvents-5.png\",\"contentUrl\":\"https:\\\/\\\/bacusevents.com\\\/wp-content\\\/uploads\\\/2025\\\/03\\\/BacusEvents-5.png\",\"width\":393,\"height\":426,\"caption\":\"Bacus Events - Creaci\u00f3n y Organizaci\u00f3n de Eventos\"},\"image\":{\"@id\":\"https:\\\/\\\/bacusevents.com\\\/en\\\/#\\\/schema\\\/logo\\\/image\\\/\"},\"sameAs\":[\"https:\\\/\\\/www.facebook.com\\\/BacusEventos\",\"https:\\\/\\\/www.instagram.com\\\/bacusevents\\\/\",\"https:\\\/\\\/www.linkedin.com\\\/company\\\/1481874\\\/admin\\\/dashboard\\\/\"]},{\"@type\":\"Person\",\"@id\":\"https:\\\/\\\/bacusevents.com\\\/en\\\/#\\\/schema\\\/person\\\/1bceb1ffde896ddf77b1c58f2d314e59\",\"name\":\"Valentina\",\"image\":{\"@type\":\"ImageObject\",\"inLanguage\":\"en-US\",\"@id\":\"https:\\\/\\\/secure.gravatar.com\\\/avatar\\\/81b6b00e29e2279ed8e2ed6b874680d0eb29dd7a5310d6ee502417c4d32b8410?s=96&d=mm&r=g\",\"url\":\"https:\\\/\\\/secure.gravatar.com\\\/avatar\\\/81b6b00e29e2279ed8e2ed6b874680d0eb29dd7a5310d6ee502417c4d32b8410?s=96&d=mm&r=g\",\"contentUrl\":\"https:\\\/\\\/secure.gravatar.com\\\/avatar\\\/81b6b00e29e2279ed8e2ed6b874680d0eb29dd7a5310d6ee502417c4d32b8410?s=96&d=mm&r=g\",\"caption\":\"Valentina\"},\"sameAs\":[\"https:\\\/\\\/bacusevents.com\"],\"url\":\"https:\\\/\\\/bacusevents.com\\\/en\\\/author\\\/editor-bacus\\\/\"}]}<\/script>\n<!-- \/ Yoast SEO Premium plugin. -->","yoast_head_json":{"title":"If you don't measure your carbon footprint, how are you going to reduce it? The Conventa case - Bacus Events - Creaci\u00f3n y Organizaci\u00f3n de Eventos","robots":{"index":"index","follow":"follow","max-snippet":"max-snippet:-1","max-image-preview":"max-image-preview:large","max-video-preview":"max-video-preview:-1"},"canonical":"https:\/\/bacusevents.com\/en\/if-you-dont-measure-your-carbon-footprint-how-are-you-going-to-reduce-it-the-conventa-case\/","og_locale":"en_US","og_type":"article","og_title":"If you don't measure your carbon footprint, how are you going to reduce it? The Conventa case","og_description":"Once again Conventa gives us a small lesson in responsible management in terms of event sustainability. In partnership with Climate Partner and through a holistic management of all the processes involved in the realization of the fair, they managed not only to accurately measure the impact of the carbon footprint, but also to identify the [&hellip;]","og_url":"https:\/\/bacusevents.com\/en\/if-you-dont-measure-your-carbon-footprint-how-are-you-going-to-reduce-it-the-conventa-case\/","og_site_name":"Bacus Events - Creaci\u00f3n y Organizaci\u00f3n de Eventos","article_publisher":"https:\/\/www.facebook.com\/BacusEventos","article_published_time":"2023-05-24T14:38:01+00:00","article_modified_time":"2024-05-01T05:56:30+00:00","og_image":[{"width":950,"height":633,"url":"https:\/\/bacusevents.com\/wp-content\/uploads\/2023\/05\/BacusEvents_tecnologia-feria_Conventa_2023.jpg","type":"image\/jpeg"}],"author":"Valentina","twitter_card":"summary_large_image","twitter_misc":{"Written by":"Valentina","Est. reading time":"7 minutes"},"schema":{"@context":"https:\/\/schema.org","@graph":[{"@type":"Article","@id":"https:\/\/bacusevents.com\/en\/if-you-dont-measure-your-carbon-footprint-how-are-you-going-to-reduce-it-the-conventa-case\/#article","isPartOf":{"@id":"https:\/\/bacusevents.com\/en\/if-you-dont-measure-your-carbon-footprint-how-are-you-going-to-reduce-it-the-conventa-case\/"},"author":{"name":"Valentina","@id":"https:\/\/bacusevents.com\/en\/#\/schema\/person\/1bceb1ffde896ddf77b1c58f2d314e59"},"headline":"If you don&#8217;t measure your carbon footprint, how are you going to reduce it? The Conventa case","datePublished":"2023-05-24T14:38:01+00:00","dateModified":"2024-05-01T05:56:30+00:00","mainEntityOfPage":{"@id":"https:\/\/bacusevents.com\/en\/if-you-dont-measure-your-carbon-footprint-how-are-you-going-to-reduce-it-the-conventa-case\/"},"wordCount":1453,"publisher":{"@id":"https:\/\/bacusevents.com\/en\/#organization"},"image":{"@id":"https:\/\/bacusevents.com\/en\/if-you-dont-measure-your-carbon-footprint-how-are-you-going-to-reduce-it-the-conventa-case\/#primaryimage"},"thumbnailUrl":"https:\/\/bacusevents.com\/wp-content\/uploads\/2023\/05\/BacusEvents_tecnologia-feria_Conventa_2023.jpg","keywords":["sustainability","Technology"],"articleSection":["News","Sustainability","Technology"],"inLanguage":"en-US"},{"@type":"WebPage","@id":"https:\/\/bacusevents.com\/en\/if-you-dont-measure-your-carbon-footprint-how-are-you-going-to-reduce-it-the-conventa-case\/","url":"https:\/\/bacusevents.com\/en\/if-you-dont-measure-your-carbon-footprint-how-are-you-going-to-reduce-it-the-conventa-case\/","name":"If you don't measure your carbon footprint, how are you going to reduce it? The Conventa case - Bacus Events - Creaci\u00f3n y Organizaci\u00f3n de Eventos","isPartOf":{"@id":"https:\/\/bacusevents.com\/en\/#website"},"primaryImageOfPage":{"@id":"https:\/\/bacusevents.com\/en\/if-you-dont-measure-your-carbon-footprint-how-are-you-going-to-reduce-it-the-conventa-case\/#primaryimage"},"image":{"@id":"https:\/\/bacusevents.com\/en\/if-you-dont-measure-your-carbon-footprint-how-are-you-going-to-reduce-it-the-conventa-case\/#primaryimage"},"thumbnailUrl":"https:\/\/bacusevents.com\/wp-content\/uploads\/2023\/05\/BacusEvents_tecnologia-feria_Conventa_2023.jpg","datePublished":"2023-05-24T14:38:01+00:00","dateModified":"2024-05-01T05:56:30+00:00","breadcrumb":{"@id":"https:\/\/bacusevents.com\/en\/if-you-dont-measure-your-carbon-footprint-how-are-you-going-to-reduce-it-the-conventa-case\/#breadcrumb"},"inLanguage":"en-US","potentialAction":[{"@type":"ReadAction","target":["https:\/\/bacusevents.com\/en\/if-you-dont-measure-your-carbon-footprint-how-are-you-going-to-reduce-it-the-conventa-case\/"]}]},{"@type":"ImageObject","inLanguage":"en-US","@id":"https:\/\/bacusevents.com\/en\/if-you-dont-measure-your-carbon-footprint-how-are-you-going-to-reduce-it-the-conventa-case\/#primaryimage","url":"https:\/\/bacusevents.com\/wp-content\/uploads\/2023\/05\/BacusEvents_tecnologia-feria_Conventa_2023.jpg","contentUrl":"https:\/\/bacusevents.com\/wp-content\/uploads\/2023\/05\/BacusEvents_tecnologia-feria_Conventa_2023.jpg","width":950,"height":633},{"@type":"BreadcrumbList","@id":"https:\/\/bacusevents.com\/en\/if-you-dont-measure-your-carbon-footprint-how-are-you-going-to-reduce-it-the-conventa-case\/#breadcrumb","itemListElement":[{"@type":"ListItem","position":1,"name":"Portada","item":"https:\/\/bacusevents.com\/en\/"},{"@type":"ListItem","position":2,"name":"If you don&#8217;t measure your carbon footprint, how are you going to reduce it? The Conventa case"}]},{"@type":"WebSite","@id":"https:\/\/bacusevents.com\/en\/#website","url":"https:\/\/bacusevents.com\/en\/","name":"Bacus Events - Creaci\u00f3n y Organizaci\u00f3n de Eventos","description":"Bacus Events - Creaci\u00f3n y Organizaci\u00f3n de Eventos","publisher":{"@id":"https:\/\/bacusevents.com\/en\/#organization"},"potentialAction":[{"@type":"SearchAction","target":{"@type":"EntryPoint","urlTemplate":"https:\/\/bacusevents.com\/en\/?s={search_term_string}"},"query-input":{"@type":"PropertyValueSpecification","valueRequired":true,"valueName":"search_term_string"}}],"inLanguage":"en-US"},{"@type":"Organization","@id":"https:\/\/bacusevents.com\/en\/#organization","name":"Bacus Events - Creaci\u00f3n y Organizaci\u00f3n de Eventos","url":"https:\/\/bacusevents.com\/en\/","logo":{"@type":"ImageObject","inLanguage":"en-US","@id":"https:\/\/bacusevents.com\/en\/#\/schema\/logo\/image\/","url":"https:\/\/bacusevents.com\/wp-content\/uploads\/2025\/03\/BacusEvents-5.png","contentUrl":"https:\/\/bacusevents.com\/wp-content\/uploads\/2025\/03\/BacusEvents-5.png","width":393,"height":426,"caption":"Bacus Events - Creaci\u00f3n y Organizaci\u00f3n de Eventos"},"image":{"@id":"https:\/\/bacusevents.com\/en\/#\/schema\/logo\/image\/"},"sameAs":["https:\/\/www.facebook.com\/BacusEventos","https:\/\/www.instagram.com\/bacusevents\/","https:\/\/www.linkedin.com\/company\/1481874\/admin\/dashboard\/"]},{"@type":"Person","@id":"https:\/\/bacusevents.com\/en\/#\/schema\/person\/1bceb1ffde896ddf77b1c58f2d314e59","name":"Valentina","image":{"@type":"ImageObject","inLanguage":"en-US","@id":"https:\/\/secure.gravatar.com\/avatar\/81b6b00e29e2279ed8e2ed6b874680d0eb29dd7a5310d6ee502417c4d32b8410?s=96&d=mm&r=g","url":"https:\/\/secure.gravatar.com\/avatar\/81b6b00e29e2279ed8e2ed6b874680d0eb29dd7a5310d6ee502417c4d32b8410?s=96&d=mm&r=g","contentUrl":"https:\/\/secure.gravatar.com\/avatar\/81b6b00e29e2279ed8e2ed6b874680d0eb29dd7a5310d6ee502417c4d32b8410?s=96&d=mm&r=g","caption":"Valentina"},"sameAs":["https:\/\/bacusevents.com"],"url":"https:\/\/bacusevents.com\/en\/author\/editor-bacus\/"}]}},"_links":{"self":[{"href":"https:\/\/bacusevents.com\/en\/wp-json\/wp\/v2\/posts\/10807","targetHints":{"allow":["GET"]}}],"collection":[{"href":"https:\/\/bacusevents.com\/en\/wp-json\/wp\/v2\/posts"}],"about":[{"href":"https:\/\/bacusevents.com\/en\/wp-json\/wp\/v2\/types\/post"}],"author":[{"embeddable":true,"href":"https:\/\/bacusevents.com\/en\/wp-json\/wp\/v2\/users\/3"}],"replies":[{"embeddable":true,"href":"https:\/\/bacusevents.com\/en\/wp-json\/wp\/v2\/comments?post=10807"}],"version-history":[{"count":1,"href":"https:\/\/bacusevents.com\/en\/wp-json\/wp\/v2\/posts\/10807\/revisions"}],"predecessor-version":[{"id":10831,"href":"https:\/\/bacusevents.com\/en\/wp-json\/wp\/v2\/posts\/10807\/revisions\/10831"}],"wp:featuredmedia":[{"embeddable":true,"href":"https:\/\/bacusevents.com\/en\/wp-json\/wp\/v2\/media\/9982"}],"wp:attachment":[{"href":"https:\/\/bacusevents.com\/en\/wp-json\/wp\/v2\/media?parent=10807"}],"wp:term":[{"taxonomy":"category","embeddable":true,"href":"https:\/\/bacusevents.com\/en\/wp-json\/wp\/v2\/categories?post=10807"},{"taxonomy":"post_tag","embeddable":true,"href":"https:\/\/bacusevents.com\/en\/wp-json\/wp\/v2\/tags?post=10807"}],"curies":[{"name":"wp","href":"https:\/\/api.w.org\/{rel}","templated":true}]}}