{"id":10895,"date":"2023-05-29T10:52:50","date_gmt":"2023-05-29T10:52:50","guid":{"rendered":"https:\/\/bacusevents.com\/the-audiovisual-trends-we-saw-at-ise-immersive-environments\/"},"modified":"2024-05-01T05:56:30","modified_gmt":"2024-05-01T05:56:30","slug":"the-audiovisual-trends-we-saw-at-ise-immersive-environments","status":"publish","type":"post","link":"https:\/\/bacusevents.com\/en\/the-audiovisual-trends-we-saw-at-ise-immersive-environments\/","title":{"rendered":"The audiovisual trends we saw at ISE: immersive environments"},"content":{"rendered":"<div style='padding-bottom:20px; font-size:40px;' class='av-special-heading av-special-heading-h2  blockquote modern-quote modern-centered  avia-builder-el-0  el_before_av_textblock  avia-builder-el-first   av-inherit-size '><h2 class='av-special-heading-tag '  itemprop=\"headline\"  >The audiovisual trends we saw at ISE: immersive environments  <\/h2><div class='special-heading-border'><div class='special-heading-inner-border' ><\/div><\/div><\/div>\n<section class=\"av_textblock_section \"  itemscope=\"itemscope\" itemtype=\"https:\/\/schema.org\/BlogPosting\" itemprop=\"blogPost\" ><div class='avia_textblock  '   itemprop=\"text\" ><p><span style=\"font-family: graphik-regular;\">After several articles in which we have broken down some of the most important trends in the audiovisual sector, we close this series on technological elements that we saw at ISE talking about immersion.<\/span><\/p>\n<p><span style=\"font-family: graphik-regular;\"><!--more--><\/span><\/p>\n<\/div><\/section>\n<div  data-size='featured'  data-lightbox_size='large'  data-animation='slide'  data-conditional_play=''  data-ids='6669'  data-video_counter='0'  data-autoplay='false'  data-bg_slider='false'  data-slide_height=''  data-handle='av_slideshow'  data-interval='5'  data-class=' avia-builder-el-2  el_after_av_textblock  el_before_av_one_full   '  data-css_id=''  data-scroll_down=''  data-control_layout='av-control-default'  data-custom_markup=''  data-perma_caption='aviaTBperma_caption'  data-autoplay_stopper=''  data-image_attachment=''  data-min_height='0px'  data-default-height='28.666666666667'  class='avia-slideshow avia-slideshow-1  av-control-default av-default-height-applied avia-slideshow-featured av_slideshow  avia-builder-el-2  el_after_av_textblock  el_before_av_one_full    avia-slide-slider '  itemprop=\"image\" itemscope=\"itemscope\" itemtype=\"https:\/\/schema.org\/ImageObject\" ><ul class='avia-slideshow-inner ' style='padding-bottom: 55.989583333333%;' ><li  class=' av-single-slide slide-1 ' ><div data-rel='slideshow-1' class='avia-slide-wrap '   ><img src='https:\/\/bacusevents.com\/wp-content\/uploads\/2023\/05\/BacusEvents_news_tecnologia_audiovisuales-inmersivos-768x430.webp' width='768' height='430' title='BacusEvents_news_tecnolog\u00eda_audiovisuales inmersivos' alt=''  itemprop=\"thumbnailUrl\"   \/><\/div><\/li><\/ul><\/div>\n<div class=\"flex_column av_one_full  flex_column_div av-zero-column-padding first  avia-builder-el-3  el_after_av_slideshow  el_before_av_heading  \" style='border-radius:0px; '><section class=\"av_textblock_section \"  itemscope=\"itemscope\" itemtype=\"https:\/\/schema.org\/BlogPosting\" itemprop=\"blogPost\" ><div class='avia_textblock  '   itemprop=\"text\" ><p><span style=\"font-family: graphik-regular;\">To be able to enter a world where anything is possible, to get into a painting, to move to a new galaxy&#8230; Who hasn&#8217;t dreamed of it at some point? Immersive environments, while no longer a novelty in and of themselves, enable this and much more. Immersion continues to be on trend, as we saw at ISE 2023. So much so that more and more museums have one of these spaces or opt for this type of format in all their rooms.<\/span><\/p>\n<p><span style=\"font-family: graphik-regular;\">As Epson explains, for the experience in these environments to be as complete as possible, the sensations and emotions of the attendee must be maximized. The way to do this varies according to the space available to generate it.<\/span><\/p>\n<\/div><\/section><\/div><div style='padding-bottom:20px; font-size:40px;' class='av-special-heading av-special-heading-h2 custom-color-heading blockquote modern-quote modern-centered  avia-builder-el-5  el_after_av_one_full  el_before_av_one_full   av-inherit-size '><h2 class='av-special-heading-tag '  itemprop=\"headline\"  >Event rooms  <\/h2><div class='special-heading-border'><div class='special-heading-inner-border' ><\/div><\/div><\/div><\/p>\n<div class=\"flex_column av_one_full  flex_column_div av-zero-column-padding first  avia-builder-el-6  el_after_av_heading  el_before_av_video  \" style='border-radius:0px; '><section class=\"av_textblock_section \"  itemscope=\"itemscope\" itemtype=\"https:\/\/schema.org\/BlogPosting\" itemprop=\"blogPost\" ><div class='avia_textblock  '   itemprop=\"text\" ><p><span style=\"font-family: graphik-regular;\">In immersive event rooms &#8211; environments dedicated exclusively to the realization of such events, which are transformed with the help of video projection technology &#8211; the projectors are already fully installed and synchronized. This allows the room to be completely transformed in a matter of seconds into a different place thanks to the dynamic digital image.<\/span><\/p>\n<p><span style=\"font-family: graphik-regular;\">This is the case of spaces such as Madrid Artes Digitales or Palacio Neptuno in Madrid. The first of the aforementioned spaces is made up of 43 high brightness (12,000 lumens) Epson video projectors with laser light source, combined with short distance lenses and installed with site mapping and software intervention for immersive space recreation.<\/span><\/p>\n<\/div><\/section><\/div><div class='avia-video avia-video-16-9   av-lazyload-immediate  av-lazyload-video-embed  '   itemprop=\"video\" itemtype=\"https:\/\/schema.org\/VideoObject\"  data-original_url='https:\/\/youtu.be\/u4Yv8Qx370g' ><script data-jetpack-boost=\"ignore\" type='text\/html' class='av-video-tmpl'><div class='avia-iframe-wrap'><iframe title=\"Experiencia inmersiva con proyecci\u00f3n Epson en Madrid Artes Digitales\" width=\"1500\" height=\"844\" src=\"https:\/\/www.youtube.com\/embed\/u4Yv8Qx370g?feature=oembed\" frameborder=\"0\" allow=\"accelerometer; autoplay; clipboard-write; encrypted-media; gyroscope; picture-in-picture; web-share\" referrerpolicy=\"strict-origin-when-cross-origin\" allowfullscreen><\/iframe><\/div><\/script><div class='av-click-to-play-overlay'><div class=\"avia_playpause_icon\"><\/div><\/div><\/div><\/p>\n<div class=\"flex_column av_one_full  flex_column_div av-zero-column-padding first  avia-builder-el-9  el_after_av_video  el_before_av_heading  \" style='border-radius:0px; '><section class=\"av_textblock_section \"  itemscope=\"itemscope\" itemtype=\"https:\/\/schema.org\/BlogPosting\" itemprop=\"blogPost\" ><div class='avia_textblock  '   itemprop=\"text\" ><p><span style=\"font-family: graphik-regular;\">In the case of Palacio Neptuno in Madrid, the venue features Epson high brightness projectors with laser light source, combined with short-throw lenses and installed with site mapping and software intervention for immersive space recreation. If you&#8217;re curious to witness their immersive experiences for yourself, you&#8217;re in luck: the theater recently launched its new immersive projection service:  <\/span><\/p>\n<p><span style=\"font-family: graphik-regular;\">Immersiva Experience, which offers the possibility of creating virtual environments of any kind.<\/span><\/p>\n<\/div><\/section><\/div><div style='padding-bottom:20px; font-size:40px;' class='av-special-heading av-special-heading-h2 custom-color-heading blockquote modern-quote modern-centered  avia-builder-el-11  el_after_av_one_full  el_before_av_one_full   av-inherit-size '><h2 class='av-special-heading-tag '  itemprop=\"headline\"  >Immersion in dynamic spaces?  <\/h2><div class='special-heading-border'><div class='special-heading-inner-border' ><\/div><\/div><\/div><\/p>\n<div class=\"flex_column av_one_full  flex_column_div av-zero-column-padding first  avia-builder-el-12  el_after_av_heading  el_before_av_video  \" style='border-radius:0px; '><section class=\"av_textblock_section \"  itemscope=\"itemscope\" itemtype=\"https:\/\/schema.org\/BlogPosting\" itemprop=\"blogPost\" ><div class='avia_textblock  '   itemprop=\"text\" ><p><span style=\"font-family: graphik-regular;\">But don&#8217;t think that these spaces are the only way to create an immersive environment for your event. The flexibility of the video projectors and the linkage with ultra-short-throw lenses makes it possible to bring an immersive presentation to any booth or ephemeral location.<\/span><\/p>\n<p><span style=\"font-family: graphik-regular;\">Trade shows and pop-ups are event formats where creating an immersive experience is therefore possible, as EPSON demonstrated. During the last edition of the ISE fair, they had an immersive space of 100 m2 with Gaud\u00ed&#8217;s work as the theme. The immersive projection occupied walls and floor. For this purpose, 20,000 lumens projectors and ultra-short-throw lenses were used, from 9 units installed on trusses to project the entire environment with powerful images linked to the stand&#8217;s storytelling.<\/span><\/p>\n<\/div><\/section><\/div><div class='avia-video avia-video-16-9   av-lazyload-immediate  av-lazyload-video-embed  '   itemprop=\"video\" itemtype=\"https:\/\/schema.org\/VideoObject\"  data-original_url='https:\/\/www.youtube.com\/watch?v=gberJ7Bg-0Y ' ><script data-jetpack-boost=\"ignore\" type='text\/html' class='av-video-tmpl'><div class='avia-iframe-wrap'><iframe title=\"Epson ISE 2023 immersive visitor experience\" width=\"1500\" height=\"844\" src=\"https:\/\/www.youtube.com\/embed\/gberJ7Bg-0Y?feature=oembed\" frameborder=\"0\" allow=\"accelerometer; autoplay; clipboard-write; encrypted-media; gyroscope; picture-in-picture; web-share\" referrerpolicy=\"strict-origin-when-cross-origin\" allowfullscreen><\/iframe><\/div><\/script><div class='av-click-to-play-overlay'><div class=\"avia_playpause_icon\"><\/div><\/div><\/div><\/p>\n<section class=\"av_textblock_section \"  itemscope=\"itemscope\" itemtype=\"https:\/\/schema.org\/BlogPosting\" itemprop=\"blogPost\" ><div class='avia_textblock  '   itemprop=\"text\" ><p><span style=\"font-family: graphik-regular;\">Source &#8211; Andrea Bouza &#8211; https:\/\/www.eventoplus.com\/articulos\/las-tendencias-audiovisuales-que-vimos-en-ise-entornos-inmersivos\/<\/span><\/p>\n<\/div><\/section>\n<div class=\"flex_column av_one_full  flex_column_div av-zero-column-padding first  avia-builder-el-16  el_after_av_textblock  avia-builder-el-last  column-top-margin\" style='border-radius:0px; '><div class='avia-button-wrap avia-button-center  avia-builder-el-17  avia-builder-el-no-sibling  '><a href='javascript: history.go(-1)'  class='avia-button   avia-icon_select-yes-left-icon avia-color-black avia-size-medium avia-position-center '   ><span class='avia_button_icon avia_button_icon_left ' aria-hidden='true' data-av_icon='\ue880' data-av_iconfont='entypo-fontello'><\/span><span class='avia_iconbox_title' >Back<\/span><\/a><\/div><\/div>\n","protected":false},"excerpt":{"rendered":"<p>After several articles in which we have broken down some of the most important trends in the audiovisual sector, we close this series on technological elements that we saw at ISE talking about immersion.<\/p>\n","protected":false},"author":3,"featured_media":10086,"comment_status":"closed","ping_status":"closed","sticky":false,"template":"","format":"standard","meta":{"footnotes":""},"categories":[131,130,129,132],"tags":[134,136,135],"class_list":["post-10895","post","type-post","status-publish","format-standard","has-post-thumbnail","hentry","category-digital-en","category-fairs-and-stands","category-news-en","category-technology","tag-digital-en","tag-fairs","tag-technology"],"yoast_head":"<!-- This site is optimized with the Yoast SEO Premium plugin v27.0 (Yoast SEO v27.5) - https:\/\/yoast.com\/product\/yoast-seo-premium-wordpress\/ -->\n<title>The audiovisual trends we saw at ISE: immersive environments - Bacus Events - Creaci\u00f3n y Organizaci\u00f3n de Eventos<\/title>\n<meta name=\"robots\" content=\"index, follow, max-snippet:-1, max-image-preview:large, max-video-preview:-1\" \/>\n<link rel=\"canonical\" href=\"https:\/\/bacusevents.com\/en\/the-audiovisual-trends-we-saw-at-ise-immersive-environments\/\" \/>\n<meta property=\"og:locale\" content=\"en_US\" \/>\n<meta property=\"og:type\" content=\"article\" \/>\n<meta property=\"og:title\" content=\"The audiovisual trends we saw at ISE: immersive environments\" \/>\n<meta property=\"og:description\" content=\"After several articles in which we have broken down some of the most important trends in the audiovisual sector, we close this series on technological elements that we saw at ISE talking about immersion.\" \/>\n<meta property=\"og:url\" content=\"https:\/\/bacusevents.com\/en\/the-audiovisual-trends-we-saw-at-ise-immersive-environments\/\" \/>\n<meta property=\"og:site_name\" content=\"Bacus Events - Creaci\u00f3n y Organizaci\u00f3n de Eventos\" \/>\n<meta property=\"article:publisher\" content=\"https:\/\/www.facebook.com\/BacusEventos\" \/>\n<meta property=\"article:published_time\" content=\"2023-05-29T10:52:50+00:00\" \/>\n<meta property=\"article:modified_time\" content=\"2024-05-01T05:56:30+00:00\" \/>\n<meta property=\"og:image\" content=\"https:\/\/bacusevents.com\/wp-content\/uploads\/2023\/05\/BacusEvents_news_tecnologia_audiovisuales-inmersivos.webp\" \/>\n\t<meta property=\"og:image:width\" content=\"768\" \/>\n\t<meta property=\"og:image:height\" content=\"576\" \/>\n\t<meta property=\"og:image:type\" content=\"image\/webp\" \/>\n<meta name=\"author\" content=\"Valentina\" \/>\n<meta name=\"twitter:card\" content=\"summary_large_image\" \/>\n<meta name=\"twitter:label1\" content=\"Written by\" \/>\n\t<meta name=\"twitter:data1\" content=\"Valentina\" \/>\n\t<meta name=\"twitter:label2\" content=\"Est. reading time\" \/>\n\t<meta name=\"twitter:data2\" content=\"7 minutes\" \/>\n<script type=\"application\/ld+json\" class=\"yoast-schema-graph\">{\"@context\":\"https:\\\/\\\/schema.org\",\"@graph\":[{\"@type\":\"Article\",\"@id\":\"https:\\\/\\\/bacusevents.com\\\/en\\\/the-audiovisual-trends-we-saw-at-ise-immersive-environments\\\/#article\",\"isPartOf\":{\"@id\":\"https:\\\/\\\/bacusevents.com\\\/en\\\/the-audiovisual-trends-we-saw-at-ise-immersive-environments\\\/\"},\"author\":{\"name\":\"Valentina\",\"@id\":\"https:\\\/\\\/bacusevents.com\\\/en\\\/#\\\/schema\\\/person\\\/1bceb1ffde896ddf77b1c58f2d314e59\"},\"headline\":\"The audiovisual trends we saw at ISE: immersive environments\",\"datePublished\":\"2023-05-29T10:52:50+00:00\",\"dateModified\":\"2024-05-01T05:56:30+00:00\",\"mainEntityOfPage\":{\"@id\":\"https:\\\/\\\/bacusevents.com\\\/en\\\/the-audiovisual-trends-we-saw-at-ise-immersive-environments\\\/\"},\"wordCount\":1368,\"publisher\":{\"@id\":\"https:\\\/\\\/bacusevents.com\\\/en\\\/#organization\"},\"image\":{\"@id\":\"https:\\\/\\\/bacusevents.com\\\/en\\\/the-audiovisual-trends-we-saw-at-ise-immersive-environments\\\/#primaryimage\"},\"thumbnailUrl\":\"https:\\\/\\\/bacusevents.com\\\/wp-content\\\/uploads\\\/2023\\\/05\\\/BacusEvents_news_tecnologia_audiovisuales-inmersivos.webp\",\"keywords\":[\"Digital\",\"fairs\",\"Technology\"],\"articleSection\":[\"Digital\",\"Fairs and Stands\",\"News\",\"Technology\"],\"inLanguage\":\"en-US\"},{\"@type\":\"WebPage\",\"@id\":\"https:\\\/\\\/bacusevents.com\\\/en\\\/the-audiovisual-trends-we-saw-at-ise-immersive-environments\\\/\",\"url\":\"https:\\\/\\\/bacusevents.com\\\/en\\\/the-audiovisual-trends-we-saw-at-ise-immersive-environments\\\/\",\"name\":\"The audiovisual trends we saw at ISE: immersive environments - Bacus Events - Creaci\u00f3n y Organizaci\u00f3n de Eventos\",\"isPartOf\":{\"@id\":\"https:\\\/\\\/bacusevents.com\\\/en\\\/#website\"},\"primaryImageOfPage\":{\"@id\":\"https:\\\/\\\/bacusevents.com\\\/en\\\/the-audiovisual-trends-we-saw-at-ise-immersive-environments\\\/#primaryimage\"},\"image\":{\"@id\":\"https:\\\/\\\/bacusevents.com\\\/en\\\/the-audiovisual-trends-we-saw-at-ise-immersive-environments\\\/#primaryimage\"},\"thumbnailUrl\":\"https:\\\/\\\/bacusevents.com\\\/wp-content\\\/uploads\\\/2023\\\/05\\\/BacusEvents_news_tecnologia_audiovisuales-inmersivos.webp\",\"datePublished\":\"2023-05-29T10:52:50+00:00\",\"dateModified\":\"2024-05-01T05:56:30+00:00\",\"breadcrumb\":{\"@id\":\"https:\\\/\\\/bacusevents.com\\\/en\\\/the-audiovisual-trends-we-saw-at-ise-immersive-environments\\\/#breadcrumb\"},\"inLanguage\":\"en-US\",\"potentialAction\":[{\"@type\":\"ReadAction\",\"target\":[\"https:\\\/\\\/bacusevents.com\\\/en\\\/the-audiovisual-trends-we-saw-at-ise-immersive-environments\\\/\"]}]},{\"@type\":\"ImageObject\",\"inLanguage\":\"en-US\",\"@id\":\"https:\\\/\\\/bacusevents.com\\\/en\\\/the-audiovisual-trends-we-saw-at-ise-immersive-environments\\\/#primaryimage\",\"url\":\"https:\\\/\\\/bacusevents.com\\\/wp-content\\\/uploads\\\/2023\\\/05\\\/BacusEvents_news_tecnologia_audiovisuales-inmersivos.webp\",\"contentUrl\":\"https:\\\/\\\/bacusevents.com\\\/wp-content\\\/uploads\\\/2023\\\/05\\\/BacusEvents_news_tecnologia_audiovisuales-inmersivos.webp\",\"width\":768,\"height\":576},{\"@type\":\"BreadcrumbList\",\"@id\":\"https:\\\/\\\/bacusevents.com\\\/en\\\/the-audiovisual-trends-we-saw-at-ise-immersive-environments\\\/#breadcrumb\",\"itemListElement\":[{\"@type\":\"ListItem\",\"position\":1,\"name\":\"Portada\",\"item\":\"https:\\\/\\\/bacusevents.com\\\/en\\\/\"},{\"@type\":\"ListItem\",\"position\":2,\"name\":\"The audiovisual trends we saw at ISE: immersive environments\"}]},{\"@type\":\"WebSite\",\"@id\":\"https:\\\/\\\/bacusevents.com\\\/en\\\/#website\",\"url\":\"https:\\\/\\\/bacusevents.com\\\/en\\\/\",\"name\":\"Bacus Events - Creaci\u00f3n y Organizaci\u00f3n de Eventos\",\"description\":\"Bacus Events - Creaci\u00f3n y Organizaci\u00f3n de Eventos\",\"publisher\":{\"@id\":\"https:\\\/\\\/bacusevents.com\\\/en\\\/#organization\"},\"potentialAction\":[{\"@type\":\"SearchAction\",\"target\":{\"@type\":\"EntryPoint\",\"urlTemplate\":\"https:\\\/\\\/bacusevents.com\\\/en\\\/?s={search_term_string}\"},\"query-input\":{\"@type\":\"PropertyValueSpecification\",\"valueRequired\":true,\"valueName\":\"search_term_string\"}}],\"inLanguage\":\"en-US\"},{\"@type\":\"Organization\",\"@id\":\"https:\\\/\\\/bacusevents.com\\\/en\\\/#organization\",\"name\":\"Bacus Events - Creaci\u00f3n y Organizaci\u00f3n de Eventos\",\"url\":\"https:\\\/\\\/bacusevents.com\\\/en\\\/\",\"logo\":{\"@type\":\"ImageObject\",\"inLanguage\":\"en-US\",\"@id\":\"https:\\\/\\\/bacusevents.com\\\/en\\\/#\\\/schema\\\/logo\\\/image\\\/\",\"url\":\"https:\\\/\\\/bacusevents.com\\\/wp-content\\\/uploads\\\/2025\\\/03\\\/BacusEvents-5.png\",\"contentUrl\":\"https:\\\/\\\/bacusevents.com\\\/wp-content\\\/uploads\\\/2025\\\/03\\\/BacusEvents-5.png\",\"width\":393,\"height\":426,\"caption\":\"Bacus Events - Creaci\u00f3n y Organizaci\u00f3n de Eventos\"},\"image\":{\"@id\":\"https:\\\/\\\/bacusevents.com\\\/en\\\/#\\\/schema\\\/logo\\\/image\\\/\"},\"sameAs\":[\"https:\\\/\\\/www.facebook.com\\\/BacusEventos\",\"https:\\\/\\\/www.instagram.com\\\/bacusevents\\\/\",\"https:\\\/\\\/www.linkedin.com\\\/company\\\/1481874\\\/admin\\\/dashboard\\\/\"]},{\"@type\":\"Person\",\"@id\":\"https:\\\/\\\/bacusevents.com\\\/en\\\/#\\\/schema\\\/person\\\/1bceb1ffde896ddf77b1c58f2d314e59\",\"name\":\"Valentina\",\"image\":{\"@type\":\"ImageObject\",\"inLanguage\":\"en-US\",\"@id\":\"https:\\\/\\\/secure.gravatar.com\\\/avatar\\\/81b6b00e29e2279ed8e2ed6b874680d0eb29dd7a5310d6ee502417c4d32b8410?s=96&d=mm&r=g\",\"url\":\"https:\\\/\\\/secure.gravatar.com\\\/avatar\\\/81b6b00e29e2279ed8e2ed6b874680d0eb29dd7a5310d6ee502417c4d32b8410?s=96&d=mm&r=g\",\"contentUrl\":\"https:\\\/\\\/secure.gravatar.com\\\/avatar\\\/81b6b00e29e2279ed8e2ed6b874680d0eb29dd7a5310d6ee502417c4d32b8410?s=96&d=mm&r=g\",\"caption\":\"Valentina\"},\"sameAs\":[\"https:\\\/\\\/bacusevents.com\"],\"url\":\"https:\\\/\\\/bacusevents.com\\\/en\\\/author\\\/editor-bacus\\\/\"}]}<\/script>\n<!-- \/ Yoast SEO Premium plugin. -->","yoast_head_json":{"title":"The audiovisual trends we saw at ISE: immersive environments - Bacus Events - Creaci\u00f3n y Organizaci\u00f3n de Eventos","robots":{"index":"index","follow":"follow","max-snippet":"max-snippet:-1","max-image-preview":"max-image-preview:large","max-video-preview":"max-video-preview:-1"},"canonical":"https:\/\/bacusevents.com\/en\/the-audiovisual-trends-we-saw-at-ise-immersive-environments\/","og_locale":"en_US","og_type":"article","og_title":"The audiovisual trends we saw at ISE: immersive environments","og_description":"After several articles in which we have broken down some of the most important trends in the audiovisual sector, we close this series on technological elements that we saw at ISE talking about immersion.","og_url":"https:\/\/bacusevents.com\/en\/the-audiovisual-trends-we-saw-at-ise-immersive-environments\/","og_site_name":"Bacus Events - Creaci\u00f3n y Organizaci\u00f3n de Eventos","article_publisher":"https:\/\/www.facebook.com\/BacusEventos","article_published_time":"2023-05-29T10:52:50+00:00","article_modified_time":"2024-05-01T05:56:30+00:00","og_image":[{"width":768,"height":576,"url":"https:\/\/bacusevents.com\/wp-content\/uploads\/2023\/05\/BacusEvents_news_tecnologia_audiovisuales-inmersivos.webp","type":"image\/webp"}],"author":"Valentina","twitter_card":"summary_large_image","twitter_misc":{"Written by":"Valentina","Est. reading time":"7 minutes"},"schema":{"@context":"https:\/\/schema.org","@graph":[{"@type":"Article","@id":"https:\/\/bacusevents.com\/en\/the-audiovisual-trends-we-saw-at-ise-immersive-environments\/#article","isPartOf":{"@id":"https:\/\/bacusevents.com\/en\/the-audiovisual-trends-we-saw-at-ise-immersive-environments\/"},"author":{"name":"Valentina","@id":"https:\/\/bacusevents.com\/en\/#\/schema\/person\/1bceb1ffde896ddf77b1c58f2d314e59"},"headline":"The audiovisual trends we saw at ISE: immersive environments","datePublished":"2023-05-29T10:52:50+00:00","dateModified":"2024-05-01T05:56:30+00:00","mainEntityOfPage":{"@id":"https:\/\/bacusevents.com\/en\/the-audiovisual-trends-we-saw-at-ise-immersive-environments\/"},"wordCount":1368,"publisher":{"@id":"https:\/\/bacusevents.com\/en\/#organization"},"image":{"@id":"https:\/\/bacusevents.com\/en\/the-audiovisual-trends-we-saw-at-ise-immersive-environments\/#primaryimage"},"thumbnailUrl":"https:\/\/bacusevents.com\/wp-content\/uploads\/2023\/05\/BacusEvents_news_tecnologia_audiovisuales-inmersivos.webp","keywords":["Digital","fairs","Technology"],"articleSection":["Digital","Fairs and Stands","News","Technology"],"inLanguage":"en-US"},{"@type":"WebPage","@id":"https:\/\/bacusevents.com\/en\/the-audiovisual-trends-we-saw-at-ise-immersive-environments\/","url":"https:\/\/bacusevents.com\/en\/the-audiovisual-trends-we-saw-at-ise-immersive-environments\/","name":"The audiovisual trends we saw at ISE: immersive environments - Bacus Events - Creaci\u00f3n y Organizaci\u00f3n de Eventos","isPartOf":{"@id":"https:\/\/bacusevents.com\/en\/#website"},"primaryImageOfPage":{"@id":"https:\/\/bacusevents.com\/en\/the-audiovisual-trends-we-saw-at-ise-immersive-environments\/#primaryimage"},"image":{"@id":"https:\/\/bacusevents.com\/en\/the-audiovisual-trends-we-saw-at-ise-immersive-environments\/#primaryimage"},"thumbnailUrl":"https:\/\/bacusevents.com\/wp-content\/uploads\/2023\/05\/BacusEvents_news_tecnologia_audiovisuales-inmersivos.webp","datePublished":"2023-05-29T10:52:50+00:00","dateModified":"2024-05-01T05:56:30+00:00","breadcrumb":{"@id":"https:\/\/bacusevents.com\/en\/the-audiovisual-trends-we-saw-at-ise-immersive-environments\/#breadcrumb"},"inLanguage":"en-US","potentialAction":[{"@type":"ReadAction","target":["https:\/\/bacusevents.com\/en\/the-audiovisual-trends-we-saw-at-ise-immersive-environments\/"]}]},{"@type":"ImageObject","inLanguage":"en-US","@id":"https:\/\/bacusevents.com\/en\/the-audiovisual-trends-we-saw-at-ise-immersive-environments\/#primaryimage","url":"https:\/\/bacusevents.com\/wp-content\/uploads\/2023\/05\/BacusEvents_news_tecnologia_audiovisuales-inmersivos.webp","contentUrl":"https:\/\/bacusevents.com\/wp-content\/uploads\/2023\/05\/BacusEvents_news_tecnologia_audiovisuales-inmersivos.webp","width":768,"height":576},{"@type":"BreadcrumbList","@id":"https:\/\/bacusevents.com\/en\/the-audiovisual-trends-we-saw-at-ise-immersive-environments\/#breadcrumb","itemListElement":[{"@type":"ListItem","position":1,"name":"Portada","item":"https:\/\/bacusevents.com\/en\/"},{"@type":"ListItem","position":2,"name":"The audiovisual trends we saw at ISE: immersive environments"}]},{"@type":"WebSite","@id":"https:\/\/bacusevents.com\/en\/#website","url":"https:\/\/bacusevents.com\/en\/","name":"Bacus Events - Creaci\u00f3n y Organizaci\u00f3n de Eventos","description":"Bacus Events - Creaci\u00f3n y Organizaci\u00f3n de Eventos","publisher":{"@id":"https:\/\/bacusevents.com\/en\/#organization"},"potentialAction":[{"@type":"SearchAction","target":{"@type":"EntryPoint","urlTemplate":"https:\/\/bacusevents.com\/en\/?s={search_term_string}"},"query-input":{"@type":"PropertyValueSpecification","valueRequired":true,"valueName":"search_term_string"}}],"inLanguage":"en-US"},{"@type":"Organization","@id":"https:\/\/bacusevents.com\/en\/#organization","name":"Bacus Events - Creaci\u00f3n y Organizaci\u00f3n de Eventos","url":"https:\/\/bacusevents.com\/en\/","logo":{"@type":"ImageObject","inLanguage":"en-US","@id":"https:\/\/bacusevents.com\/en\/#\/schema\/logo\/image\/","url":"https:\/\/bacusevents.com\/wp-content\/uploads\/2025\/03\/BacusEvents-5.png","contentUrl":"https:\/\/bacusevents.com\/wp-content\/uploads\/2025\/03\/BacusEvents-5.png","width":393,"height":426,"caption":"Bacus Events - Creaci\u00f3n y Organizaci\u00f3n de Eventos"},"image":{"@id":"https:\/\/bacusevents.com\/en\/#\/schema\/logo\/image\/"},"sameAs":["https:\/\/www.facebook.com\/BacusEventos","https:\/\/www.instagram.com\/bacusevents\/","https:\/\/www.linkedin.com\/company\/1481874\/admin\/dashboard\/"]},{"@type":"Person","@id":"https:\/\/bacusevents.com\/en\/#\/schema\/person\/1bceb1ffde896ddf77b1c58f2d314e59","name":"Valentina","image":{"@type":"ImageObject","inLanguage":"en-US","@id":"https:\/\/secure.gravatar.com\/avatar\/81b6b00e29e2279ed8e2ed6b874680d0eb29dd7a5310d6ee502417c4d32b8410?s=96&d=mm&r=g","url":"https:\/\/secure.gravatar.com\/avatar\/81b6b00e29e2279ed8e2ed6b874680d0eb29dd7a5310d6ee502417c4d32b8410?s=96&d=mm&r=g","contentUrl":"https:\/\/secure.gravatar.com\/avatar\/81b6b00e29e2279ed8e2ed6b874680d0eb29dd7a5310d6ee502417c4d32b8410?s=96&d=mm&r=g","caption":"Valentina"},"sameAs":["https:\/\/bacusevents.com"],"url":"https:\/\/bacusevents.com\/en\/author\/editor-bacus\/"}]}},"_links":{"self":[{"href":"https:\/\/bacusevents.com\/en\/wp-json\/wp\/v2\/posts\/10895","targetHints":{"allow":["GET"]}}],"collection":[{"href":"https:\/\/bacusevents.com\/en\/wp-json\/wp\/v2\/posts"}],"about":[{"href":"https:\/\/bacusevents.com\/en\/wp-json\/wp\/v2\/types\/post"}],"author":[{"embeddable":true,"href":"https:\/\/bacusevents.com\/en\/wp-json\/wp\/v2\/users\/3"}],"replies":[{"embeddable":true,"href":"https:\/\/bacusevents.com\/en\/wp-json\/wp\/v2\/comments?post=10895"}],"version-history":[{"count":1,"href":"https:\/\/bacusevents.com\/en\/wp-json\/wp\/v2\/posts\/10895\/revisions"}],"predecessor-version":[{"id":10923,"href":"https:\/\/bacusevents.com\/en\/wp-json\/wp\/v2\/posts\/10895\/revisions\/10923"}],"wp:featuredmedia":[{"embeddable":true,"href":"https:\/\/bacusevents.com\/en\/wp-json\/wp\/v2\/media\/10086"}],"wp:attachment":[{"href":"https:\/\/bacusevents.com\/en\/wp-json\/wp\/v2\/media?parent=10895"}],"wp:term":[{"taxonomy":"category","embeddable":true,"href":"https:\/\/bacusevents.com\/en\/wp-json\/wp\/v2\/categories?post=10895"},{"taxonomy":"post_tag","embeddable":true,"href":"https:\/\/bacusevents.com\/en\/wp-json\/wp\/v2\/tags?post=10895"}],"curies":[{"name":"wp","href":"https:\/\/api.w.org\/{rel}","templated":true}]}}