{"id":10944,"date":"2023-06-03T09:33:20","date_gmt":"2023-06-03T09:33:20","guid":{"rendered":"https:\/\/bacusevents.com\/opening-date-for-barcelonas-highest-rooftop-is-now-available-and-it-will-be-very-soon\/"},"modified":"2024-05-01T05:56:52","modified_gmt":"2024-05-01T05:56:52","slug":"opening-date-for-barcelonas-highest-rooftop-is-now-available-and-it-will-be-very-soon","status":"publish","type":"post","link":"https:\/\/bacusevents.com\/en\/opening-date-for-barcelonas-highest-rooftop-is-now-available-and-it-will-be-very-soon\/","title":{"rendered":"Opening date for Barcelona&#8217;s highest rooftop is now available (and it will be very soon)"},"content":{"rendered":"<div style='padding-bottom:20px; font-size:40px;' class='av-special-heading av-special-heading-h2  blockquote modern-quote modern-centered  avia-builder-el-0  el_before_av_textblock  avia-builder-el-first   av-inherit-size '><h2 class='av-special-heading-tag '  itemprop=\"headline\"  >Opening date for Barcelona\u2019s highest rooftop is now available (and it will be very soon)  <\/h2><div class='special-heading-border'><div class='special-heading-inner-border' ><\/div><\/div><\/div>\n<section class=\"av_textblock_section \"  itemscope=\"itemscope\" itemtype=\"https:\/\/schema.org\/BlogPosting\" itemprop=\"blogPost\" ><div class='avia_textblock  '   itemprop=\"text\" ><p><span style=\"font-family: graphik-regular;\">It will be located on the 25th floor of a hotel and will have a swimming pool, restaurant and cocktail bar.<\/span><\/p>\n<p><span style=\"font-family: graphik-regular;\"><!--more--><\/span><\/p>\n<\/div><\/section>\n<div  data-size='featured'  data-lightbox_size='large'  data-animation='slide'  data-conditional_play=''  data-ids='6810'  data-video_counter='0'  data-autoplay='false'  data-bg_slider='false'  data-slide_height=''  data-handle='av_slideshow'  data-interval='5'  data-class=' avia-builder-el-2  el_after_av_textblock  el_before_av_one_full   '  data-css_id=''  data-scroll_down=''  data-control_layout='av-control-default'  data-custom_markup=''  data-perma_caption='aviaTBperma_caption'  data-autoplay_stopper=''  data-image_attachment=''  data-min_height='0px'  data-default-height='28.666666666667'  class='avia-slideshow avia-slideshow-1  av-control-default av-default-height-applied avia-slideshow-featured av_slideshow  avia-builder-el-2  el_after_av_textblock  el_before_av_one_full    avia-slide-slider '  itemprop=\"image\" itemscope=\"itemscope\" itemtype=\"https:\/\/schema.org\/ImageObject\" ><ul class='avia-slideshow-inner ' style='padding-bottom: 28.666666666667%;' ><li  class=' av-single-slide slide-1 ' ><div data-rel='slideshow-1' class='avia-slide-wrap '   ><img src='https:\/\/bacusevents.com\/wp-content\/uploads\/2023\/06\/BacusEvents-news-nobu-rooftop-gourmet-1500x430.jpg' width='1500' height='430' title='BacusEvents-news-nobu-rooftop-gourmet' alt=''  itemprop=\"thumbnailUrl\"   \/><\/div><\/li><\/ul><\/div>\n<div class=\"flex_column av_one_full  flex_column_div av-zero-column-padding first  avia-builder-el-3  el_after_av_slideshow  el_before_av_one_full  \" style='border-radius:0px; '><p><section class=\"av_textblock_section \"  itemscope=\"itemscope\" itemtype=\"https:\/\/schema.org\/BlogPosting\" itemprop=\"blogPost\" ><div class='avia_textblock  '   itemprop=\"text\" ><p><span style=\"font-family: graphik-regular;\">The season of hotel terraces and rooftops begins, and a serious candidate is running for the number one terrace with a view in Barcelona: on June 8, Nobu Barcelona, a hotel with one of the best Japanese restaurants in Barcelona, will open what will be the highest hotel rooftop in Barcelona.<\/span><\/p>\n<p><span style=\"font-family: graphik-regular;\">Located on the roof of the 25th floor of Torre Catalunya &#8211; a building that is eighty meters high and the sixth tallest hotel in Catalonia &#8211; Nobu&#8217;s new space will have a Japanese-inspired garden, a swimming pool and bar and restaurant service. The gastronomic offer will be inspired by the sea and mountain views, with dishes such as salt and pepper squid, sea bass ceviche with coconut or sausage dogs. And a selection of &#8216;onigiris&#8217; and &#8216;monakas&#8217; &#8211; a Japanese snack that would be a mochi &#8216;sandwich&#8217; &#8211; will add the Japanese touch.<\/span><\/p>\n<p><span style=\"font-family: graphik-regular;\">The drinks menu will maintain an ultra-local character, with beers from Garage Beer, natural wines from producers such as Montrub\u00ed and cocktails that mix Japanese flavors such as yuzu with Mediterranean elements such as basil and white vermouth.<\/span><\/p>\n<p><span style=\"font-family: graphik-regular;\">One thing is for sure: the views from the 25th floor will be worth a visit. The panoramic view offered by the Nobu restaurant, from the 23rd floor, is breathtaking and transforms Barcelona into a kind of model that we can see in 360\u00ba. The rooftop will be available for guests not staying at the hotel from sunset.<\/span><\/p>\n<\/div><\/section><br \/>\n<div id='av-masonry-1' class='av-masonry  noHover av-fixed-size av-large-gap av-hover-overlay-active av-masonry-animation-active av-masonry-col-3 av-caption-always av-caption-style- av-masonry-gallery     '  ><div class='av-masonry-container isotope av-js-disabled ' ><div class='av-masonry-entry isotope-item av-masonry-item-no-image '><\/div><a href=\"https:\/\/bacusevents.com\/wp-content\/uploads\/2023\/06\/BacusEvents-news-nobu-rooftop-gourmet-1.jpg\" id='av-masonry-1-item-10210' data-av-masonry-item='10210' class='av-masonry-entry isotope-item post-10210 attachment type-attachment status-inherit hentry  av-masonry-item-with-image' title=\"BacusEvents-news-nobu-rooftop-gourmet 1\"  itemprop=\"thumbnailUrl\" ><div class='av-inner-masonry-sizer'><\/div><figure class='av-inner-masonry main_color'><div class=\"av-masonry-outerimage-container\"><div class=\"av-masonry-image-container\" style=\"background-image: url(https:\/\/bacusevents.com\/wp-content\/uploads\/2023\/06\/BacusEvents-news-nobu-rooftop-gourmet-1.jpg);\" title=\"BacusEvents-news-nobu-rooftop-gourmet 1\" ><\/div><\/div><\/figure><\/a><!--end av-masonry entry--><a href=\"https:\/\/bacusevents.com\/wp-content\/uploads\/2023\/06\/BacusEvents-news-nobu-rooftop-gourmet-3.jpg\" id='av-masonry-1-item-10206' data-av-masonry-item='10206' class='av-masonry-entry isotope-item post-10206 attachment type-attachment status-inherit hentry  av-masonry-item-with-image' title=\"BacusEvents-news-nobu-rooftop-gourmet 3\"  itemprop=\"thumbnailUrl\" ><div class='av-inner-masonry-sizer'><\/div><figure class='av-inner-masonry main_color'><div class=\"av-masonry-outerimage-container\"><div class=\"av-masonry-image-container\" style=\"background-image: url(https:\/\/bacusevents.com\/wp-content\/uploads\/2023\/06\/BacusEvents-news-nobu-rooftop-gourmet-3.jpg);\" title=\"BacusEvents-news-nobu-rooftop-gourmet 3\" ><\/div><\/div><\/figure><\/a><!--end av-masonry entry--><a href=\"https:\/\/bacusevents.com\/wp-content\/uploads\/2023\/06\/BacusEvents-news-nobu-rooftop-gourmet-2.jpg\" id='av-masonry-1-item-10204' data-av-masonry-item='10204' class='av-masonry-entry isotope-item post-10204 attachment type-attachment status-inherit hentry  av-masonry-item-with-image' title=\"BacusEvents-news-nobu-rooftop-gourmet 2\"  itemprop=\"thumbnailUrl\" ><div class='av-inner-masonry-sizer'><\/div><figure class='av-inner-masonry main_color'><div class=\"av-masonry-outerimage-container\"><div class=\"av-masonry-image-container\" style=\"background-image: url(https:\/\/bacusevents.com\/wp-content\/uploads\/2023\/06\/BacusEvents-news-nobu-rooftop-gourmet-2.jpg);\" title=\"BacusEvents-news-nobu-rooftop-gourmet 2\" ><\/div><\/div><\/figure><\/a><!--end av-masonry entry--><\/div><\/div><br \/>\n<section class=\"av_textblock_section \"  itemscope=\"itemscope\" itemtype=\"https:\/\/schema.org\/BlogPosting\" itemprop=\"blogPost\" ><div class='avia_textblock  '   itemprop=\"text\" ><p><span style=\"font-family: graphik-regular;\">Nobu is not the tallest hotel in Barcelona: it is the Hotel Arts, which at 154 meters high is also the tallest building in Barcelona. But the top 9 floors of the Arts are occupied by luxury apartments.  <\/span><\/p>\n<\/div><\/section><br \/>\n<section class=\"av_textblock_section \"  itemscope=\"itemscope\" itemtype=\"https:\/\/schema.org\/BlogPosting\" itemprop=\"blogPost\" ><div class='avia_textblock  '   itemprop=\"text\" ><p><span style=\"font-family: graphik-regular;\">Source &#8211; Ricard Martin &#8211; https:\/\/www.timeout.es\/barcelona\/es\/noticias\/el-rooftop-mas-alto-de-barcelona-abrira-en-junio-050923<\/span><\/p>\n<\/div><\/section><\/p><\/div><div class=\"flex_column av_one_full  flex_column_div av-zero-column-padding first  avia-builder-el-8  el_after_av_one_full  avia-builder-el-last  column-top-margin\" style='border-radius:0px; '><div class='avia-button-wrap avia-button-center  avia-builder-el-9  avia-builder-el-no-sibling  '><a href='javascript: history.go(-1)'  class='avia-button   avia-icon_select-yes-left-icon avia-color-black avia-size-medium avia-position-center '   ><span class='avia_button_icon avia_button_icon_left ' aria-hidden='true' data-av_icon='\ue880' data-av_iconfont='entypo-fontello'><\/span><span class='avia_iconbox_title' >Back<\/span><\/a><\/div><\/div><\/p>\n","protected":false},"excerpt":{"rendered":"<p>It will be located on the 25th floor of a hotel and will have a swimming pool, restaurant and cocktail bar.<\/p>\n","protected":false},"author":3,"featured_media":10202,"comment_status":"closed","ping_status":"closed","sticky":false,"template":"","format":"standard","meta":{"footnotes":""},"categories":[137,129,209],"tags":[139,170],"class_list":["post-10944","post","type-post","status-publish","format-standard","has-post-thumbnail","hentry","category-events","category-news-en","category-staff","tag-events","tag-sustainability"],"yoast_head":"<!-- This site is optimized with the Yoast SEO Premium plugin v27.0 (Yoast SEO v27.4) - https:\/\/yoast.com\/product\/yoast-seo-premium-wordpress\/ -->\n<title>Opening date for Barcelona&#039;s highest rooftop is now available (and it will be very soon) - Bacus Events - Creaci\u00f3n y Organizaci\u00f3n de Eventos<\/title>\n<meta name=\"robots\" content=\"index, follow, max-snippet:-1, max-image-preview:large, max-video-preview:-1\" \/>\n<link rel=\"canonical\" href=\"https:\/\/bacusevents.com\/en\/opening-date-for-barcelonas-highest-rooftop-is-now-available-and-it-will-be-very-soon\/\" \/>\n<meta property=\"og:locale\" content=\"en_US\" \/>\n<meta property=\"og:type\" content=\"article\" \/>\n<meta property=\"og:title\" content=\"Opening date for Barcelona&#039;s highest rooftop is now available (and it will be very soon)\" \/>\n<meta property=\"og:description\" content=\"It will be located on the 25th floor of a hotel and will have a swimming pool, restaurant and cocktail bar.\" \/>\n<meta property=\"og:url\" content=\"https:\/\/bacusevents.com\/en\/opening-date-for-barcelonas-highest-rooftop-is-now-available-and-it-will-be-very-soon\/\" \/>\n<meta property=\"og:site_name\" content=\"Bacus Events - Creaci\u00f3n y Organizaci\u00f3n de Eventos\" \/>\n<meta property=\"article:publisher\" content=\"https:\/\/www.facebook.com\/BacusEventos\" \/>\n<meta property=\"article:published_time\" content=\"2023-06-03T09:33:20+00:00\" \/>\n<meta property=\"article:modified_time\" content=\"2024-05-01T05:56:52+00:00\" \/>\n<meta property=\"og:image\" content=\"https:\/\/bacusevents.com\/wp-content\/uploads\/2023\/06\/BacusEvents-news-Freelancer.jpg\" \/>\n\t<meta property=\"og:image:width\" content=\"1000\" \/>\n\t<meta property=\"og:image:height\" content=\"679\" \/>\n\t<meta property=\"og:image:type\" content=\"image\/jpeg\" \/>\n<meta name=\"author\" content=\"Valentina\" \/>\n<meta name=\"twitter:card\" content=\"summary_large_image\" \/>\n<meta name=\"twitter:label1\" content=\"Written by\" \/>\n\t<meta name=\"twitter:data1\" content=\"Valentina\" \/>\n\t<meta name=\"twitter:label2\" content=\"Est. reading time\" \/>\n\t<meta name=\"twitter:data2\" content=\"4 minutes\" \/>\n<script type=\"application\/ld+json\" class=\"yoast-schema-graph\">{\"@context\":\"https:\\\/\\\/schema.org\",\"@graph\":[{\"@type\":\"Article\",\"@id\":\"https:\\\/\\\/bacusevents.com\\\/en\\\/opening-date-for-barcelonas-highest-rooftop-is-now-available-and-it-will-be-very-soon\\\/#article\",\"isPartOf\":{\"@id\":\"https:\\\/\\\/bacusevents.com\\\/en\\\/opening-date-for-barcelonas-highest-rooftop-is-now-available-and-it-will-be-very-soon\\\/\"},\"author\":{\"name\":\"Valentina\",\"@id\":\"https:\\\/\\\/bacusevents.com\\\/en\\\/#\\\/schema\\\/person\\\/1bceb1ffde896ddf77b1c58f2d314e59\"},\"headline\":\"Opening date for Barcelona&#8217;s highest rooftop is now available (and it will be very soon)\",\"datePublished\":\"2023-06-03T09:33:20+00:00\",\"dateModified\":\"2024-05-01T05:56:52+00:00\",\"mainEntityOfPage\":{\"@id\":\"https:\\\/\\\/bacusevents.com\\\/en\\\/opening-date-for-barcelonas-highest-rooftop-is-now-available-and-it-will-be-very-soon\\\/\"},\"wordCount\":838,\"publisher\":{\"@id\":\"https:\\\/\\\/bacusevents.com\\\/en\\\/#organization\"},\"image\":{\"@id\":\"https:\\\/\\\/bacusevents.com\\\/en\\\/opening-date-for-barcelonas-highest-rooftop-is-now-available-and-it-will-be-very-soon\\\/#primaryimage\"},\"thumbnailUrl\":\"https:\\\/\\\/bacusevents.com\\\/wp-content\\\/uploads\\\/2023\\\/06\\\/BacusEvents-news-Freelancer.jpg\",\"keywords\":[\"events\",\"sustainability\"],\"articleSection\":[\"Events\",\"News\",\"Staff\"],\"inLanguage\":\"en-US\"},{\"@type\":\"WebPage\",\"@id\":\"https:\\\/\\\/bacusevents.com\\\/en\\\/opening-date-for-barcelonas-highest-rooftop-is-now-available-and-it-will-be-very-soon\\\/\",\"url\":\"https:\\\/\\\/bacusevents.com\\\/en\\\/opening-date-for-barcelonas-highest-rooftop-is-now-available-and-it-will-be-very-soon\\\/\",\"name\":\"Opening date for Barcelona's highest rooftop is now available (and it will be very soon) - Bacus Events - Creaci\u00f3n y Organizaci\u00f3n de Eventos\",\"isPartOf\":{\"@id\":\"https:\\\/\\\/bacusevents.com\\\/en\\\/#website\"},\"primaryImageOfPage\":{\"@id\":\"https:\\\/\\\/bacusevents.com\\\/en\\\/opening-date-for-barcelonas-highest-rooftop-is-now-available-and-it-will-be-very-soon\\\/#primaryimage\"},\"image\":{\"@id\":\"https:\\\/\\\/bacusevents.com\\\/en\\\/opening-date-for-barcelonas-highest-rooftop-is-now-available-and-it-will-be-very-soon\\\/#primaryimage\"},\"thumbnailUrl\":\"https:\\\/\\\/bacusevents.com\\\/wp-content\\\/uploads\\\/2023\\\/06\\\/BacusEvents-news-Freelancer.jpg\",\"datePublished\":\"2023-06-03T09:33:20+00:00\",\"dateModified\":\"2024-05-01T05:56:52+00:00\",\"breadcrumb\":{\"@id\":\"https:\\\/\\\/bacusevents.com\\\/en\\\/opening-date-for-barcelonas-highest-rooftop-is-now-available-and-it-will-be-very-soon\\\/#breadcrumb\"},\"inLanguage\":\"en-US\",\"potentialAction\":[{\"@type\":\"ReadAction\",\"target\":[\"https:\\\/\\\/bacusevents.com\\\/en\\\/opening-date-for-barcelonas-highest-rooftop-is-now-available-and-it-will-be-very-soon\\\/\"]}]},{\"@type\":\"ImageObject\",\"inLanguage\":\"en-US\",\"@id\":\"https:\\\/\\\/bacusevents.com\\\/en\\\/opening-date-for-barcelonas-highest-rooftop-is-now-available-and-it-will-be-very-soon\\\/#primaryimage\",\"url\":\"https:\\\/\\\/bacusevents.com\\\/wp-content\\\/uploads\\\/2023\\\/06\\\/BacusEvents-news-Freelancer.jpg\",\"contentUrl\":\"https:\\\/\\\/bacusevents.com\\\/wp-content\\\/uploads\\\/2023\\\/06\\\/BacusEvents-news-Freelancer.jpg\",\"width\":1000,\"height\":679},{\"@type\":\"BreadcrumbList\",\"@id\":\"https:\\\/\\\/bacusevents.com\\\/en\\\/opening-date-for-barcelonas-highest-rooftop-is-now-available-and-it-will-be-very-soon\\\/#breadcrumb\",\"itemListElement\":[{\"@type\":\"ListItem\",\"position\":1,\"name\":\"Portada\",\"item\":\"https:\\\/\\\/bacusevents.com\\\/en\\\/\"},{\"@type\":\"ListItem\",\"position\":2,\"name\":\"Opening date for Barcelona&#8217;s highest rooftop is now available (and it will be very soon)\"}]},{\"@type\":\"WebSite\",\"@id\":\"https:\\\/\\\/bacusevents.com\\\/en\\\/#website\",\"url\":\"https:\\\/\\\/bacusevents.com\\\/en\\\/\",\"name\":\"Bacus Events - Creaci\u00f3n y Organizaci\u00f3n de Eventos\",\"description\":\"Bacus Events - Creaci\u00f3n y Organizaci\u00f3n de Eventos\",\"publisher\":{\"@id\":\"https:\\\/\\\/bacusevents.com\\\/en\\\/#organization\"},\"potentialAction\":[{\"@type\":\"SearchAction\",\"target\":{\"@type\":\"EntryPoint\",\"urlTemplate\":\"https:\\\/\\\/bacusevents.com\\\/en\\\/?s={search_term_string}\"},\"query-input\":{\"@type\":\"PropertyValueSpecification\",\"valueRequired\":true,\"valueName\":\"search_term_string\"}}],\"inLanguage\":\"en-US\"},{\"@type\":\"Organization\",\"@id\":\"https:\\\/\\\/bacusevents.com\\\/en\\\/#organization\",\"name\":\"Bacus Events - Creaci\u00f3n y Organizaci\u00f3n de Eventos\",\"url\":\"https:\\\/\\\/bacusevents.com\\\/en\\\/\",\"logo\":{\"@type\":\"ImageObject\",\"inLanguage\":\"en-US\",\"@id\":\"https:\\\/\\\/bacusevents.com\\\/en\\\/#\\\/schema\\\/logo\\\/image\\\/\",\"url\":\"https:\\\/\\\/bacusevents.com\\\/wp-content\\\/uploads\\\/2025\\\/03\\\/BacusEvents-5.png\",\"contentUrl\":\"https:\\\/\\\/bacusevents.com\\\/wp-content\\\/uploads\\\/2025\\\/03\\\/BacusEvents-5.png\",\"width\":393,\"height\":426,\"caption\":\"Bacus Events - Creaci\u00f3n y Organizaci\u00f3n de Eventos\"},\"image\":{\"@id\":\"https:\\\/\\\/bacusevents.com\\\/en\\\/#\\\/schema\\\/logo\\\/image\\\/\"},\"sameAs\":[\"https:\\\/\\\/www.facebook.com\\\/BacusEventos\",\"https:\\\/\\\/www.instagram.com\\\/bacusevents\\\/\",\"https:\\\/\\\/www.linkedin.com\\\/company\\\/1481874\\\/admin\\\/dashboard\\\/\"]},{\"@type\":\"Person\",\"@id\":\"https:\\\/\\\/bacusevents.com\\\/en\\\/#\\\/schema\\\/person\\\/1bceb1ffde896ddf77b1c58f2d314e59\",\"name\":\"Valentina\",\"image\":{\"@type\":\"ImageObject\",\"inLanguage\":\"en-US\",\"@id\":\"https:\\\/\\\/secure.gravatar.com\\\/avatar\\\/81b6b00e29e2279ed8e2ed6b874680d0eb29dd7a5310d6ee502417c4d32b8410?s=96&d=mm&r=g\",\"url\":\"https:\\\/\\\/secure.gravatar.com\\\/avatar\\\/81b6b00e29e2279ed8e2ed6b874680d0eb29dd7a5310d6ee502417c4d32b8410?s=96&d=mm&r=g\",\"contentUrl\":\"https:\\\/\\\/secure.gravatar.com\\\/avatar\\\/81b6b00e29e2279ed8e2ed6b874680d0eb29dd7a5310d6ee502417c4d32b8410?s=96&d=mm&r=g\",\"caption\":\"Valentina\"},\"sameAs\":[\"https:\\\/\\\/bacusevents.com\"],\"url\":\"https:\\\/\\\/bacusevents.com\\\/en\\\/author\\\/editor-bacus\\\/\"}]}<\/script>\n<!-- \/ Yoast SEO Premium plugin. -->","yoast_head_json":{"title":"Opening date for Barcelona's highest rooftop is now available (and it will be very soon) - Bacus Events - Creaci\u00f3n y Organizaci\u00f3n de Eventos","robots":{"index":"index","follow":"follow","max-snippet":"max-snippet:-1","max-image-preview":"max-image-preview:large","max-video-preview":"max-video-preview:-1"},"canonical":"https:\/\/bacusevents.com\/en\/opening-date-for-barcelonas-highest-rooftop-is-now-available-and-it-will-be-very-soon\/","og_locale":"en_US","og_type":"article","og_title":"Opening date for Barcelona's highest rooftop is now available (and it will be very soon)","og_description":"It will be located on the 25th floor of a hotel and will have a swimming pool, restaurant and cocktail bar.","og_url":"https:\/\/bacusevents.com\/en\/opening-date-for-barcelonas-highest-rooftop-is-now-available-and-it-will-be-very-soon\/","og_site_name":"Bacus Events - Creaci\u00f3n y Organizaci\u00f3n de Eventos","article_publisher":"https:\/\/www.facebook.com\/BacusEventos","article_published_time":"2023-06-03T09:33:20+00:00","article_modified_time":"2024-05-01T05:56:52+00:00","og_image":[{"width":1000,"height":679,"url":"https:\/\/bacusevents.com\/wp-content\/uploads\/2023\/06\/BacusEvents-news-Freelancer.jpg","type":"image\/jpeg"}],"author":"Valentina","twitter_card":"summary_large_image","twitter_misc":{"Written by":"Valentina","Est. reading time":"4 minutes"},"schema":{"@context":"https:\/\/schema.org","@graph":[{"@type":"Article","@id":"https:\/\/bacusevents.com\/en\/opening-date-for-barcelonas-highest-rooftop-is-now-available-and-it-will-be-very-soon\/#article","isPartOf":{"@id":"https:\/\/bacusevents.com\/en\/opening-date-for-barcelonas-highest-rooftop-is-now-available-and-it-will-be-very-soon\/"},"author":{"name":"Valentina","@id":"https:\/\/bacusevents.com\/en\/#\/schema\/person\/1bceb1ffde896ddf77b1c58f2d314e59"},"headline":"Opening date for Barcelona&#8217;s highest rooftop is now available (and it will be very soon)","datePublished":"2023-06-03T09:33:20+00:00","dateModified":"2024-05-01T05:56:52+00:00","mainEntityOfPage":{"@id":"https:\/\/bacusevents.com\/en\/opening-date-for-barcelonas-highest-rooftop-is-now-available-and-it-will-be-very-soon\/"},"wordCount":838,"publisher":{"@id":"https:\/\/bacusevents.com\/en\/#organization"},"image":{"@id":"https:\/\/bacusevents.com\/en\/opening-date-for-barcelonas-highest-rooftop-is-now-available-and-it-will-be-very-soon\/#primaryimage"},"thumbnailUrl":"https:\/\/bacusevents.com\/wp-content\/uploads\/2023\/06\/BacusEvents-news-Freelancer.jpg","keywords":["events","sustainability"],"articleSection":["Events","News","Staff"],"inLanguage":"en-US"},{"@type":"WebPage","@id":"https:\/\/bacusevents.com\/en\/opening-date-for-barcelonas-highest-rooftop-is-now-available-and-it-will-be-very-soon\/","url":"https:\/\/bacusevents.com\/en\/opening-date-for-barcelonas-highest-rooftop-is-now-available-and-it-will-be-very-soon\/","name":"Opening date for Barcelona's highest rooftop is now available (and it will be very soon) - Bacus Events - Creaci\u00f3n y Organizaci\u00f3n de Eventos","isPartOf":{"@id":"https:\/\/bacusevents.com\/en\/#website"},"primaryImageOfPage":{"@id":"https:\/\/bacusevents.com\/en\/opening-date-for-barcelonas-highest-rooftop-is-now-available-and-it-will-be-very-soon\/#primaryimage"},"image":{"@id":"https:\/\/bacusevents.com\/en\/opening-date-for-barcelonas-highest-rooftop-is-now-available-and-it-will-be-very-soon\/#primaryimage"},"thumbnailUrl":"https:\/\/bacusevents.com\/wp-content\/uploads\/2023\/06\/BacusEvents-news-Freelancer.jpg","datePublished":"2023-06-03T09:33:20+00:00","dateModified":"2024-05-01T05:56:52+00:00","breadcrumb":{"@id":"https:\/\/bacusevents.com\/en\/opening-date-for-barcelonas-highest-rooftop-is-now-available-and-it-will-be-very-soon\/#breadcrumb"},"inLanguage":"en-US","potentialAction":[{"@type":"ReadAction","target":["https:\/\/bacusevents.com\/en\/opening-date-for-barcelonas-highest-rooftop-is-now-available-and-it-will-be-very-soon\/"]}]},{"@type":"ImageObject","inLanguage":"en-US","@id":"https:\/\/bacusevents.com\/en\/opening-date-for-barcelonas-highest-rooftop-is-now-available-and-it-will-be-very-soon\/#primaryimage","url":"https:\/\/bacusevents.com\/wp-content\/uploads\/2023\/06\/BacusEvents-news-Freelancer.jpg","contentUrl":"https:\/\/bacusevents.com\/wp-content\/uploads\/2023\/06\/BacusEvents-news-Freelancer.jpg","width":1000,"height":679},{"@type":"BreadcrumbList","@id":"https:\/\/bacusevents.com\/en\/opening-date-for-barcelonas-highest-rooftop-is-now-available-and-it-will-be-very-soon\/#breadcrumb","itemListElement":[{"@type":"ListItem","position":1,"name":"Portada","item":"https:\/\/bacusevents.com\/en\/"},{"@type":"ListItem","position":2,"name":"Opening date for Barcelona&#8217;s highest rooftop is now available (and it will be very soon)"}]},{"@type":"WebSite","@id":"https:\/\/bacusevents.com\/en\/#website","url":"https:\/\/bacusevents.com\/en\/","name":"Bacus Events - Creaci\u00f3n y Organizaci\u00f3n de Eventos","description":"Bacus Events - Creaci\u00f3n y Organizaci\u00f3n de Eventos","publisher":{"@id":"https:\/\/bacusevents.com\/en\/#organization"},"potentialAction":[{"@type":"SearchAction","target":{"@type":"EntryPoint","urlTemplate":"https:\/\/bacusevents.com\/en\/?s={search_term_string}"},"query-input":{"@type":"PropertyValueSpecification","valueRequired":true,"valueName":"search_term_string"}}],"inLanguage":"en-US"},{"@type":"Organization","@id":"https:\/\/bacusevents.com\/en\/#organization","name":"Bacus Events - Creaci\u00f3n y Organizaci\u00f3n de Eventos","url":"https:\/\/bacusevents.com\/en\/","logo":{"@type":"ImageObject","inLanguage":"en-US","@id":"https:\/\/bacusevents.com\/en\/#\/schema\/logo\/image\/","url":"https:\/\/bacusevents.com\/wp-content\/uploads\/2025\/03\/BacusEvents-5.png","contentUrl":"https:\/\/bacusevents.com\/wp-content\/uploads\/2025\/03\/BacusEvents-5.png","width":393,"height":426,"caption":"Bacus Events - Creaci\u00f3n y Organizaci\u00f3n de Eventos"},"image":{"@id":"https:\/\/bacusevents.com\/en\/#\/schema\/logo\/image\/"},"sameAs":["https:\/\/www.facebook.com\/BacusEventos","https:\/\/www.instagram.com\/bacusevents\/","https:\/\/www.linkedin.com\/company\/1481874\/admin\/dashboard\/"]},{"@type":"Person","@id":"https:\/\/bacusevents.com\/en\/#\/schema\/person\/1bceb1ffde896ddf77b1c58f2d314e59","name":"Valentina","image":{"@type":"ImageObject","inLanguage":"en-US","@id":"https:\/\/secure.gravatar.com\/avatar\/81b6b00e29e2279ed8e2ed6b874680d0eb29dd7a5310d6ee502417c4d32b8410?s=96&d=mm&r=g","url":"https:\/\/secure.gravatar.com\/avatar\/81b6b00e29e2279ed8e2ed6b874680d0eb29dd7a5310d6ee502417c4d32b8410?s=96&d=mm&r=g","contentUrl":"https:\/\/secure.gravatar.com\/avatar\/81b6b00e29e2279ed8e2ed6b874680d0eb29dd7a5310d6ee502417c4d32b8410?s=96&d=mm&r=g","caption":"Valentina"},"sameAs":["https:\/\/bacusevents.com"],"url":"https:\/\/bacusevents.com\/en\/author\/editor-bacus\/"}]}},"_links":{"self":[{"href":"https:\/\/bacusevents.com\/en\/wp-json\/wp\/v2\/posts\/10944","targetHints":{"allow":["GET"]}}],"collection":[{"href":"https:\/\/bacusevents.com\/en\/wp-json\/wp\/v2\/posts"}],"about":[{"href":"https:\/\/bacusevents.com\/en\/wp-json\/wp\/v2\/types\/post"}],"author":[{"embeddable":true,"href":"https:\/\/bacusevents.com\/en\/wp-json\/wp\/v2\/users\/3"}],"replies":[{"embeddable":true,"href":"https:\/\/bacusevents.com\/en\/wp-json\/wp\/v2\/comments?post=10944"}],"version-history":[{"count":10,"href":"https:\/\/bacusevents.com\/en\/wp-json\/wp\/v2\/posts\/10944\/revisions"}],"predecessor-version":[{"id":11128,"href":"https:\/\/bacusevents.com\/en\/wp-json\/wp\/v2\/posts\/10944\/revisions\/11128"}],"wp:featuredmedia":[{"embeddable":true,"href":"https:\/\/bacusevents.com\/en\/wp-json\/wp\/v2\/media\/10202"}],"wp:attachment":[{"href":"https:\/\/bacusevents.com\/en\/wp-json\/wp\/v2\/media?parent=10944"}],"wp:term":[{"taxonomy":"category","embeddable":true,"href":"https:\/\/bacusevents.com\/en\/wp-json\/wp\/v2\/categories?post=10944"},{"taxonomy":"post_tag","embeddable":true,"href":"https:\/\/bacusevents.com\/en\/wp-json\/wp\/v2\/tags?post=10944"}],"curies":[{"name":"wp","href":"https:\/\/api.w.org\/{rel}","templated":true}]}}